{"id":1160035,"date":"2026-07-11T22:14:46","date_gmt":"2026-07-11T22:14:46","guid":{"rendered":"https:\/\/www.europesays.com\/de\/1160035\/"},"modified":"2026-07-11T22:14:46","modified_gmt":"2026-07-11T22:14:46","slug":"ulm-diese-sehenswuerdigkeiten-sollten-sie-nicht-verpassen","status":"publish","type":"post","link":"https:\/\/www.europesays.com\/de\/1160035\/","title":{"rendered":"Ulm: Diese Sehensw\u00fcrdigkeiten sollten Sie nicht verpassen"},"content":{"rendered":"<p class=\"mb-6 text-xs-varying md:text-m lg:text-l font-serif group-[.font-sans]:font-sans \">\n    In <a href=\"https:\/\/www.augsburger-allgemeine.de\/neu-ulm\/ort\/ulm\" target=\"_self\" class=\"underline \" rel=\"nofollow noopener\">Ulm<\/a> gibt es weit mehr zu sehen als den mittlerweile nur noch <a href=\"https:\/\/www.augsburger-allgemeine.de\/neu-ulm\/hoechste-gebaeude-in-ulm-ranking-der-bauwerke-abseits-des-muensters-23-05-2026-112513208\" target=\"_self\" class=\"underline \" rel=\"nofollow noopener\">zweith\u00f6chsten Kirchturm der Welt<\/a>. Die Stadt an der Donau \u00fcberrascht mit abwechslungsreichen Sehensw\u00fcrdigkeiten, malerischen Stadtteilen wie dem Fischerviertel und spannenden Museen. Au\u00dferdem ist das <a href=\"https:\/\/www.augsburger-allgemeine.de\/orte\/aa-muenster\" target=\"_self\" class=\"underline \" rel=\"nofollow noopener\">M\u00fcnster<\/a> nicht das einzige Ulmer Geb\u00e4ude, das einen Weltrekord h\u00e4lt.\n  <\/p>\n<p>            Ulmer M\u00fcnster<\/p>\n<p class=\"mb-6 text-xs-varying md:text-m lg:text-l font-serif group-[.font-sans]:font-sans \">\n    Das Ulmer M\u00fcnster auf einer Liste von Sehensw\u00fcrdigkeiten in Ulm zu finden, wird die wenigsten \u00fcberraschen. <a href=\"https:\/\/www.augsburger-allgemeine.de\/neu-ulm\/bauarbeiten-am-ulmer-muenster-starten-gottesdienste-unter-riesigem-geruest-106000191\" target=\"_self\" class=\"underline \" rel=\"nofollow noopener\">Das M\u00fcnster ist das architektonische Herz der Donaustadt<\/a> und pr\u00e4gt mit seinem 161,53 Meter hohen Turm das Stadtbild schon aus weiter Entfernung. Der Kirchturm war bis Ende Oktober 2025, der h\u00f6chste der Welt, bis die Sagrada Familia in Barcelona das Ulmer Wahrzeichen mit einem neuen Rekord abl\u00f6ste. Aber nach wie vor kann man vom M\u00fcnsterturm eine Rekord-Aussicht genie\u00dfen, die einen bei sch\u00f6nem Wetter bis zu den Alpen blicken l\u00e4sst. Man sollte sich aber bewusst sein, dass man daf\u00fcr erstmal 768 Treppenstufen heraufsteigen muss. <a href=\"https:\/\/www.augsburger-allgemeine.de\/neu-ulm\/ulm-schimmel-und-schaeden-am-ulmer-muenster-eine-ki-soll-den-verfall-aufhalten-id70441636.html\" target=\"_self\" class=\"underline \" rel=\"nofollow noopener\">Die imposante gotische Kirche, deren Grundstein 1377 gelegt wurde<\/a>, kann man kostenlos besichtigen. Zugang zum Turm und der Aussichtsplattform kostet Eintritt und einige Kalorien, eine Alternative zum Treppensteigen gibt es nicht.\n  <\/p>\n<ul rel=\"\" class=\"[&amp;&gt;li]:relative list-none  [&amp;&gt;li]:pl-[1.2em] [&amp;&gt;li]:marker:text-[0] [&amp;&gt;li]:relative [&amp;&gt;li]:before:absolute [&amp;&gt;li]:before:w-3 [&amp;&gt;li]:before:h-3 [&amp;&gt;li]:before:bg-brand [&amp;&gt;li]:before:left-0 [&amp;&gt;li]:before:rounded-full [&amp;&gt;li]:before:top-[8px] md:[&amp;&gt;li]:before:top-[9px] lg:[&amp;&gt;li]:before:top-[11px]  my-5\">\n<li class=\" mb-3 text-xs-varying md:text-m lg:text-l\">Adresse: M\u00fcnsterplatz 21, 89073 Ulm<\/li>\n<li class=\" mb-3 text-xs-varying md:text-m lg:text-l\">Eintritt: 6 bis 9 Euro (Turmaufstieg)<\/li>\n<li class=\" mb-3 text-xs-varying md:text-m lg:text-l\">Weitere Infos: <a href=\"https:\/\/www.ulmer-muenster.de\/\" rel=\"nofollow noopener\" target=\"_blank\" class=\"underline \">www.ulmer-muenster.de<\/a><\/li>\n<\/ul>\n<p>            Fischer- und Gerberviertel mit dem Hotel Schiefes Haus<\/p>\n<p class=\"mb-6 text-xs-varying md:text-m lg:text-l font-serif group-[.font-sans]:font-sans \">\n    Einen kurzen Fu\u00dfweg vom M\u00fcnster entfernt findet man das Fischer- und Gerberviertel. Mit seinen vielen kleinen verwinkelten Gassen und rauschenden Kan\u00e4len, den Flussarmen der Blau, bekommt man hier einen Eindruck, wie Ulm im Mittelalter ausgesehen hat. Fr\u00fcher gingen die namensgebenden Fischer und Gerber in diesem Teil der Stadt ihrem Handwerk nach, heute muss man hier aber zum Gl\u00fcck nicht mehr den Gestank von faulenden Tierh\u00e4uten bef\u00fcrchten. Stattdessen kann man wunderbar durch die Gassen spazieren und die schiefen Geb\u00e4ude bestaunen. Denn viele der H\u00e4user sind auf einer weichen Grundlage gebaut, weswegen die Fundamente stellenweise etwas absinken. Hier findet sich auch das Geb\u00e4ude, welches den Rekord f\u00fcr das schiefste Hotel der Welt h\u00e4lt: das passend benannte \u201eHotel Schiefes Haus\u201c. Sollten Sie eine Gehbehinderung haben oder Rollstuhl fahren, dann ist es gut zu wissen, dass im Fischer- und Gerberviertel haupts\u00e4chlich grobes Kopfsteinpflaster verlegt ist.\n  <\/p>\n<ul rel=\"\" class=\"[&amp;&gt;li]:relative list-none  [&amp;&gt;li]:pl-[1.2em] [&amp;&gt;li]:marker:text-[0] [&amp;&gt;li]:relative [&amp;&gt;li]:before:absolute [&amp;&gt;li]:before:w-3 [&amp;&gt;li]:before:h-3 [&amp;&gt;li]:before:bg-brand [&amp;&gt;li]:before:left-0 [&amp;&gt;li]:before:rounded-full [&amp;&gt;li]:before:top-[8px] md:[&amp;&gt;li]:before:top-[9px] lg:[&amp;&gt;li]:before:top-[11px]  my-5\">\n<li class=\" mb-3 text-xs-varying md:text-m lg:text-l\">Adresse: Ulmer Fischer- und Gerberviertel, 89073 Ulm<\/li>\n<li class=\" mb-3 text-xs-varying md:text-m lg:text-l\">Eintritt: frei<\/li>\n<li class=\" mb-3 text-xs-varying md:text-m lg:text-l\">Weitere Infos: <a href=\"https:\/\/tourismus.ulm.de\/de\/entdecken\/sehen-und-erleben\/sehenswuerdigkeiten\/historisches\/fischerviertel-ulm\" rel=\"nofollow noopener\" target=\"_blank\" class=\"underline \">tourismus.ulm.de\/fischerviertel-ulm<\/a><\/li>\n<\/ul>\n<p>            Kloster Wiblingen<\/p>\n<p class=\"mb-6 text-xs-varying md:text-m lg:text-l font-serif group-[.font-sans]:font-sans \">\n    Vier Kilometer s\u00fcdlich des Stadtkerns findet man ein weiteres Architekturjuwel. Das Kloster Wiblingen ist ein ehemaliges Benediktinerkloster, gegr\u00fcndet im Jahr 1093. Das Gel\u00e4nde l\u00e4dt zum Erkunden ein, h\u00fcbsche G\u00e4rten und Ausstellungen zur Geschichte des Klosters inklusive. Ein Highlight ist die Bibliothek des Klosters mit einem der sch\u00f6nsten und am besten erhaltenen Rokoko-S\u00e4le, die man in Deutschland finden kann. <a href=\"https:\/\/www.augsburger-allgemeine.de\/neu-ulm\/millionenschwere-reparatur-so-laeuft-die-restaurierung-des-klosters-wiblingen-in-ulm-110560862\" target=\"_self\" class=\"underline \" rel=\"nofollow noopener\">Die Basilika St. Martin ist wegen Sanierungen jedoch bis 2028 erstmal geschlossen.<\/a>\n  <\/p>\n<ul rel=\"\" class=\"[&amp;&gt;li]:relative list-none  [&amp;&gt;li]:pl-[1.2em] [&amp;&gt;li]:marker:text-[0] [&amp;&gt;li]:relative [&amp;&gt;li]:before:absolute [&amp;&gt;li]:before:w-3 [&amp;&gt;li]:before:h-3 [&amp;&gt;li]:before:bg-brand [&amp;&gt;li]:before:left-0 [&amp;&gt;li]:before:rounded-full [&amp;&gt;li]:before:top-[8px] md:[&amp;&gt;li]:before:top-[9px] lg:[&amp;&gt;li]:before:top-[11px]  my-5\">\n<li class=\" mb-3 text-xs-varying md:text-m lg:text-l\">Adresse: Schlo\u00dfstra\u00dfe 38, 89079 Ulm<\/li>\n<li class=\" mb-3 text-xs-varying md:text-m lg:text-l\">Eintritt: 3 bis 6 Euro<\/li>\n<li class=\" mb-3 text-xs-varying md:text-m lg:text-l\">Weitere Infos: <a href=\"https:\/\/fm.baden-wuerttemberg.de\/de\/bauen-beteiligungen\/bau-und-immobilien\/kulturschaetze-im-suedwesten\/basilika-wiblingen\" rel=\"nofollow noopener\" target=\"_blank\" class=\"underline \">fm.baden-wuerttemberg.de\/basilika-wiblingen<\/a><\/li>\n<\/ul>\n<p>    <img decoding=\"async\" src=\"https:\/\/images.mgpd.de\/img\/103998836\/crop\/c16_9-w100\/192571281\/933142610\/wib219689775.jpg\" alt=\"Die Morgensonne trifft auf das Kloster Wiblingen. (Archivbild)\" title=\"Die Morgensonne trifft auf das Kloster Wiblingen. (Archivbild)\" loading=\"lazy\" class=\"h-full w-full object-cover\"\/><\/p>\n<p>      Icon vergr\u00f6\u00dfern<\/p>\n<p>    Die Morgensonne trifft auf das Kloster Wiblingen. (Archivbild)<br \/>\n    Foto: dpa Bildfunk<\/p>\n<p>        Schlie\u00dfen <\/p>\n<p>      Icon Schlie\u00dfen<\/p>\n<p>        Icon vergr\u00f6\u00dfern<\/p>\n<p>        Icon verkleinern<\/p>\n<p>      Icon Pfeil bewegen<\/p>\n<p>    Die Morgensonne trifft auf das Kloster Wiblingen. (Archivbild)<br \/>\n    Foto: dpa Bildfunk<\/p>\n<p>            Ulmer Rathaus<\/p>\n<p class=\"mb-6 text-xs-varying md:text-m lg:text-l font-serif group-[.font-sans]:font-sans \">\n    Das Ulmer Rathaus ist mit seiner auff\u00e4lligen, mittelalterlichen Bemalung kaum zu \u00fcbersehen. Was im Mittelalter als Kaufhaus begann, ist heutzutage das Herz der kommunalen Demokratie der Stadt. Im Innenraum finden sich zahlreiche Ausstellungsst\u00fccke, die an die Geschichte der Stadt und ber\u00fchmte Ulmer Pers\u00f6nlichkeiten, wie Albert Einstein, erinnern. Ein Hingucker ist die 1520 installierte astronomische Uhr, die die Zeit, den Verlauf der Sonne, die Mondphasen, Sonnen- und Mondfinsternisse und die Sternzeichen mit verschiedenen Zeigern darstellt.\n  <\/p>\n<ul rel=\"\" class=\"[&amp;&gt;li]:relative list-none  [&amp;&gt;li]:pl-[1.2em] [&amp;&gt;li]:marker:text-[0] [&amp;&gt;li]:relative [&amp;&gt;li]:before:absolute [&amp;&gt;li]:before:w-3 [&amp;&gt;li]:before:h-3 [&amp;&gt;li]:before:bg-brand [&amp;&gt;li]:before:left-0 [&amp;&gt;li]:before:rounded-full [&amp;&gt;li]:before:top-[8px] md:[&amp;&gt;li]:before:top-[9px] lg:[&amp;&gt;li]:before:top-[11px]  my-5\">\n<li class=\" mb-3 text-xs-varying md:text-m lg:text-l\">Adresse: Marktplatz 1, 89073 Ulm<\/li>\n<li class=\" mb-3 text-xs-varying md:text-m lg:text-l\">Eintritt: frei<\/li>\n<\/ul>\n<p>            Stadthaus Ulm<\/p>\n<p class=\"mb-6 text-xs-varying md:text-m lg:text-l font-serif group-[.font-sans]:font-sans \">\n    Im Kontrast zu den vielen mittelalterlichen und historischen Geb\u00e4uden steht das Stadthaus Ulm mit seiner modernen Architektur. Es ist von einem New Yorker Architekten entworfen worden und ist als Raum der Begegnung von Menschen und Kunst gedacht. Das Stadthaus hat t\u00e4glich ge\u00f6ffnet und der Eintritt zu den modernen Kunstausstellungen ist frei. Au\u00dferdem werden hier regelm\u00e4\u00dfig auch Konzerte und Diskussionsforen veranstaltet.\n  <\/p>\n<ul rel=\"\" class=\"[&amp;&gt;li]:relative list-none  [&amp;&gt;li]:pl-[1.2em] [&amp;&gt;li]:marker:text-[0] [&amp;&gt;li]:relative [&amp;&gt;li]:before:absolute [&amp;&gt;li]:before:w-3 [&amp;&gt;li]:before:h-3 [&amp;&gt;li]:before:bg-brand [&amp;&gt;li]:before:left-0 [&amp;&gt;li]:before:rounded-full [&amp;&gt;li]:before:top-[8px] md:[&amp;&gt;li]:before:top-[9px] lg:[&amp;&gt;li]:before:top-[11px]  my-5\">\n<li class=\" mb-3 text-xs-varying md:text-m lg:text-l\">Adresse: M\u00fcnsterplatz 50, 89073 Ulm<\/li>\n<li class=\" mb-3 text-xs-varying md:text-m lg:text-l\">Eintritt: frei<\/li>\n<li class=\" mb-3 text-xs-varying md:text-m lg:text-l\">Weitere Infos: <a href=\"https:\/\/stadthaus.ulm.de\/\" rel=\"nofollow noopener\" target=\"_blank\" class=\"underline \">stadthaus.ulm.de<\/a><\/li>\n<\/ul>\n<p>            Kunsthalle Weishaupt<\/p>\n<p class=\"mb-6 text-xs-varying md:text-m lg:text-l font-serif group-[.font-sans]:font-sans \">\n    Eine weitere Adresse f\u00fcr Kunstenthusiasten ist die Kunsthalle Weishaupt, ein weiteres auff\u00e4llig-modernes Geb\u00e4ude in der Ulmer Innenstadt am Hans-und-Sophie-Scholl-Platz. Gegr\u00fcndet wurde das private Museum von dem Unternehmerpaar Jutta und Siegfried Weishaupt. Auf 1280 Quadratmetern Ausstellungsfl\u00e4che wird <a href=\"https:\/\/www.augsburger-allgemeine.de\/neu-ulm\/klangkunst-in-der-sammlung-weishaupt-das-museum-ulm-zeigt-glasotronik-meme-110586427\" target=\"_self\" class=\"underline \" rel=\"nofollow noopener\">moderner und zeitgen\u00f6ssischer Kunst aus Europa und Amerika hier ein Raum geboten<\/a>. Sogar Werke von ber\u00fchmten Pop-Art-K\u00fcnstlern wie Andy Warhol, Roy Lichtenstein oder Tom Wesselmann k\u00f6nnen hier bestaunt werden,<a href=\"https:\/\/www.augsburger-allgemeine.de\/neu-ulm\/kunsthalle-weishaupt-herbert-oehm-entropie-und-ordnung-wird-am-sonntag-eroeffnet-108464942\" target=\"_self\" class=\"underline \" rel=\"nofollow noopener\"> neben vielen weiteren spannenden Ausstellungen.<\/a>\n  <\/p>\n<ul rel=\"\" class=\"[&amp;&gt;li]:relative list-none  [&amp;&gt;li]:pl-[1.2em] [&amp;&gt;li]:marker:text-[0] [&amp;&gt;li]:relative [&amp;&gt;li]:before:absolute [&amp;&gt;li]:before:w-3 [&amp;&gt;li]:before:h-3 [&amp;&gt;li]:before:bg-brand [&amp;&gt;li]:before:left-0 [&amp;&gt;li]:before:rounded-full [&amp;&gt;li]:before:top-[8px] md:[&amp;&gt;li]:before:top-[9px] lg:[&amp;&gt;li]:before:top-[11px]  my-5\">\n<li class=\" mb-3 text-xs-varying md:text-m lg:text-l\">Adresse: Hans-und-Sophie-Scholl-Platz 1, 89073 Ulm<\/li>\n<li class=\" mb-3 text-xs-varying md:text-m lg:text-l\">Eintritt: 6 bis 8 Euro<\/li>\n<li class=\" mb-3 text-xs-varying md:text-m lg:text-l\">Weitere Infos: <a href=\"https:\/\/kunsthalle-weishaupt.de\/\" rel=\"nofollow noopener\" target=\"_blank\" class=\"underline \">kunsthalle-weishaupt.de<\/a><\/li>\n<\/ul>\n<p>            Museum Brot und Kunst<\/p>\n<p class=\"mb-6 text-xs-varying md:text-m lg:text-l font-serif group-[.font-sans]:font-sans \">\n    Im Museum Brot und Kunst kommen, wie der Name schon schwer vermuten l\u00e4sst, Ern\u00e4hrung und Kunst zusammen. Zum einen gibt es eine Kunstsammlung mit Werken aus dem 15. bis 21. Jahrhundert, darunter Sebastian Stoskopff, Marc Chagall und sogar Pablo Picasso. <a href=\"https:\/\/www.augsburger-allgemeine.de\/neu-ulm\/museum-brot-und-kunst-zeigt-neue-sonderausstellung-delikatessen-110454042\" target=\"_self\" class=\"underline \" rel=\"nofollow noopener\">Zum anderen gibt es 19 Themen, die die verschiedensten gesellschaftlichen Sparten zusammenbringen, wie Technik, Soziales oder Kultur und das dann wiederum mit Ern\u00e4hrung, Landwirtschaft und Brot verbinden.<\/a> Das bildet ein interessantes Spannungsfeld, bei dem jeder etwas Neues lernen kann. <a href=\"https:\/\/www.augsburger-allgemeine.de\/neu-ulm\/ulm-im-museum-brot-und-kunst-eroeffnet-erstmals-sein-museumscafe-110702451\" target=\"_self\" class=\"underline \" rel=\"nofollow noopener\">Au\u00dferdem eignet sich das Museumcaf\u00e9 wunderbar f\u00fcr eine kleine Pause nach dem Besuch.<\/a>\n  <\/p>\n<ul rel=\"\" class=\"[&amp;&gt;li]:relative list-none  [&amp;&gt;li]:pl-[1.2em] [&amp;&gt;li]:marker:text-[0] [&amp;&gt;li]:relative [&amp;&gt;li]:before:absolute [&amp;&gt;li]:before:w-3 [&amp;&gt;li]:before:h-3 [&amp;&gt;li]:before:bg-brand [&amp;&gt;li]:before:left-0 [&amp;&gt;li]:before:rounded-full [&amp;&gt;li]:before:top-[8px] md:[&amp;&gt;li]:before:top-[9px] lg:[&amp;&gt;li]:before:top-[11px]  my-5\">\n<li class=\" mb-3 text-xs-varying md:text-m lg:text-l\">Adresse: Salzstadelgasse 10, 89073 Ulm<\/li>\n<li class=\" mb-3 text-xs-varying md:text-m lg:text-l\">Eintritt: 5 Euro erm\u00e4\u00dfigt, 6 Euro normal<\/li>\n<li class=\" mb-3 text-xs-varying md:text-m lg:text-l\">Weitere Infos: <a href=\"https:\/\/museumbrotundkunst.de\/\" rel=\"nofollow noopener\" target=\"_blank\" class=\"underline \">museumbrotundkunst.de<\/a><\/li>\n<\/ul>\n<p>      <a href=\"https:\/\/www.augsburger-allgemeine.de\/neu-ulm\/die-besten-cafes-in-ulm-07-07-2026-110731648\" class=\"hidden  &#010;                md:block md:mr-5 md:min-w-[140px]  aspect-photo md:aspect-tv lg:aspect-tv w-fullXXX relative self-start inline overflow-hidden\" rel=\"nofollow noopener\" target=\"_blank\"><\/p>\n<p>    <img decoding=\"async\" src=\"\" alt=\"In der R\u00f6stschmiede schlagen die Herzen der Ulmer Kaffee-Nerds h\u00f6her.\" title=\"In der R\u00f6stschmiede schlagen die Herzen der Ulmer Kaffee-Nerds h\u00f6her.\" loading=\"lazy\" class=\"h-full w-full object-cover\"\/><br \/>\n   <\/a><\/p>\n<p>            Friedrichsau mit Berblinger Turm<\/p>\n<p class=\"mb-6 text-xs-varying md:text-m lg:text-l font-serif group-[.font-sans]:font-sans \">\n    Bei sch\u00f6nem Wetter hat Ulm auch sch\u00f6ne Gr\u00fcnfl\u00e4chen zu bieten. Zum einen ist da die Friedrichsau, eine gro\u00dfe, historische Gr\u00fcnanlage entlang der Donau. Hier gibt es Spielpl\u00e4tze, Sportanlagen, Kleinspielfelder und Picknickwiesen. Am Ufer der Donau findet man auch den Berblinger Turm, an der Stelle, an der ein mutiger Ulmer Schneider im Jahr 1811 einen Flugversuch \u00fcber die Donau wagte. Er blieb zwar erfolglos, aber an seinen Mut wird bis heute <a href=\"https:\/\/www.augsburger-allgemeine.de\/neu-ulm\/ulm-dieser-turm-ist-nichts-fuer-schwache-nerven-id63915021.html\" target=\"_self\" class=\"underline \" rel=\"nofollow noopener\">mit dem 20 Meter hohen Aussichtturm erinnert.<\/a>\n  <\/p>\n<ul rel=\"\" class=\"[&amp;&gt;li]:relative list-none  [&amp;&gt;li]:pl-[1.2em] [&amp;&gt;li]:marker:text-[0] [&amp;&gt;li]:relative [&amp;&gt;li]:before:absolute [&amp;&gt;li]:before:w-3 [&amp;&gt;li]:before:h-3 [&amp;&gt;li]:before:bg-brand [&amp;&gt;li]:before:left-0 [&amp;&gt;li]:before:rounded-full [&amp;&gt;li]:before:top-[8px] md:[&amp;&gt;li]:before:top-[9px] lg:[&amp;&gt;li]:before:top-[11px]  my-5\">\n<li class=\" mb-3 text-xs-varying md:text-m lg:text-l\">Adresse: Friedrichsau, 89073 Ulm<\/li>\n<li class=\" mb-3 text-xs-varying md:text-m lg:text-l\">Eintritt: frei<\/li>\n<\/ul>\n<p>    <img decoding=\"async\" src=\"https:\/\/images.mgpd.de\/img\/112102291\/crop\/c9_16-w100\/243647214\/1531060164\/img9201.jpg\" alt=\"Ulm - Volksfestplatz Friedrichsau -  Ulmer Karusselltage\" title=\"Ulm - Volksfestplatz Friedrichsau -  Ulmer Karusselltage\" loading=\"lazy\" class=\"h-full w-full object-cover\"\/><\/p>\n<p>      Icon vergr\u00f6\u00dfern<\/p>\n<p>    Ulm &#8211; Volksfestplatz Friedrichsau &#8211;  Ulmer Karusselltage<br \/>\n    Foto: Alexander Kaya<\/p>\n<p>        Schlie\u00dfen <\/p>\n<p>      Icon Schlie\u00dfen<\/p>\n<p>        Icon vergr\u00f6\u00dfern<\/p>\n<p>        Icon verkleinern<\/p>\n<p>      Icon Pfeil bewegen<\/p>\n<p>    Ulm &#8211; Volksfestplatz Friedrichsau &#8211;  Ulmer Karusselltage<br \/>\n    Foto: Alexander Kaya<\/p>\n<p>            Botanischer Garten<\/p>\n<p class=\"mb-6 text-xs-varying md:text-m lg:text-l font-serif group-[.font-sans]:font-sans \">\n    Im Botanischen Garten Ulm l\u00e4sst sich ebenfalls ein sch\u00f6ner Tag im Freien verbringen. Der Garten geh\u00f6rt zur Universit\u00e4t Ulm, dort lassen sich Pflanzen aus der ganzen Welt bestaunen. Mit einer Fl\u00e4che von 28 Hektar ist die Ulmer Anlage auf Platz drei der gr\u00f6\u00dften botanischen G\u00e4rten Deutschlands. Der Garten dient als Schnittstelle zwischen Wissenschaft und \u00d6ffentlichkeit, f\u00fcr Interessierte werden <a href=\"https:\/\/www.augsburger-allgemeine.de\/neu-ulm\/aktion-bioblitz-was-besucher-im-botanischen-garten-ulm-alles-entdecken-109762172\" target=\"_self\" class=\"underline \" rel=\"nofollow noopener\">ganzj\u00e4hrig verschiedene Kurse angeboten.<\/a> Es gibt Veranstaltungen, bei denen man lernt, Pflanzen zu bestimmen, aber auch Mikroskopier- oder Fotokurse, wie auch jahreszeitlich wechselnde F\u00fchrungen.\n  <\/p>\n<ul rel=\"\" class=\"[&amp;&gt;li]:relative list-none  [&amp;&gt;li]:pl-[1.2em] [&amp;&gt;li]:marker:text-[0] [&amp;&gt;li]:relative [&amp;&gt;li]:before:absolute [&amp;&gt;li]:before:w-3 [&amp;&gt;li]:before:h-3 [&amp;&gt;li]:before:bg-brand [&amp;&gt;li]:before:left-0 [&amp;&gt;li]:before:rounded-full [&amp;&gt;li]:before:top-[8px] md:[&amp;&gt;li]:before:top-[9px] lg:[&amp;&gt;li]:before:top-[11px]  my-5\">\n<li class=\" mb-3 text-xs-varying md:text-m lg:text-l\">Adresse: Hans-Krebs-Weg, 89081 Ulm<\/li>\n<li class=\" mb-3 text-xs-varying md:text-m lg:text-l\">Eintritt: 3 Euro (f\u00fcr die Gew\u00e4chsh\u00e4user)<\/li>\n<li class=\" mb-3 text-xs-varying md:text-m lg:text-l\">Weitere Infos: <a href=\"https:\/\/www.uni-ulm.de\/einrichtungen\/garten\/\" rel=\"nofollow noopener\" target=\"_blank\" class=\"underline \">www.uni-ulm.de\/einrichtungen\/garten\/<\/a><\/li>\n<\/ul>\n","protected":false},"excerpt":{"rendered":"In Ulm gibt es weit mehr zu sehen als den mittlerweile nur noch zweith\u00f6chsten Kirchturm der Welt. Die&hellip;\n","protected":false},"author":2,"featured_media":1160036,"comment_status":"","ping_status":"","sticky":false,"template":"","format":"standard","meta":{"footnotes":"","_share_on_mastodon":"0"},"categories":[1843],"tags":[7887,4915,3364,29,42545,243278,30,243276,8970,1209,15698,12755,243277],"class_list":["post-1160035","post","type-post","status-publish","format-standard","has-post-thumbnail","category-muenster","tag-alpen","tag-barcelona","tag-de","tag-deutschland","tag-donau","tag-donaustadt","tag-germany","tag-kloster-wiblingen","tag-muenster","tag-nordrhein-westfalen","tag-spaziergang","tag-ulm","tag-ulmer-rathaus"],"share_on_mastodon":{"url":"https:\/\/pubeurope.com\/@de\/116903653121523472","error":""},"_links":{"self":[{"href":"https:\/\/www.europesays.com\/de\/wp-json\/wp\/v2\/posts\/1160035","targetHints":{"allow":["GET"]}}],"collection":[{"href":"https:\/\/www.europesays.com\/de\/wp-json\/wp\/v2\/posts"}],"about":[{"href":"https:\/\/www.europesays.com\/de\/wp-json\/wp\/v2\/types\/post"}],"author":[{"embeddable":true,"href":"https:\/\/www.europesays.com\/de\/wp-json\/wp\/v2\/users\/2"}],"replies":[{"embeddable":true,"href":"https:\/\/www.europesays.com\/de\/wp-json\/wp\/v2\/comments?post=1160035"}],"version-history":[{"count":0,"href":"https:\/\/www.europesays.com\/de\/wp-json\/wp\/v2\/posts\/1160035\/revisions"}],"wp:featuredmedia":[{"embeddable":true,"href":"https:\/\/www.europesays.com\/de\/wp-json\/wp\/v2\/media\/1160036"}],"wp:attachment":[{"href":"https:\/\/www.europesays.com\/de\/wp-json\/wp\/v2\/media?parent=1160035"}],"wp:term":[{"taxonomy":"category","embeddable":true,"href":"https:\/\/www.europesays.com\/de\/wp-json\/wp\/v2\/categories?post=1160035"},{"taxonomy":"post_tag","embeddable":true,"href":"https:\/\/www.europesays.com\/de\/wp-json\/wp\/v2\/tags?post=1160035"}],"curies":[{"name":"wp","href":"https:\/\/api.w.org\/{rel}","templated":true}]}}