{"id":1160063,"date":"2026-07-11T22:37:24","date_gmt":"2026-07-11T22:37:24","guid":{"rendered":"https:\/\/www.europesays.com\/de\/1160063\/"},"modified":"2026-07-11T22:37:24","modified_gmt":"2026-07-11T22:37:24","slug":"u19-em-dfb-nachwuchs-verliert-finale-gegen-favorit-spanien","status":"publish","type":"post","link":"https:\/\/www.europesays.com\/de\/1160063\/","title":{"rendered":"U19-EM: DFB-Nachwuchs verliert Finale gegen Favorit Spanien"},"content":{"rendered":"<p>            <img loading=\"lazy\" decoding=\"async\" class=\"ts-image\" src=\"https:\/\/www.europesays.com\/de\/wp-content\/uploads\/2026\/07\/u19-otto-stange-100.jpg\" alt=\"Deutschlands U19-Fu\u00dfballer Otto Stange (r.) im EM-Finale 2026 gegen Spanien\" title=\"Deutschlands U19-Fu\u00dfballer Otto Stange (r.) im EM-Finale 2026 gegen Spanien | Getty\/Tattersall\"\/><\/p>\n<p class=\"metatextline\">Stand: 11.07.2026 \u2022 22:28 Uhr<\/p>\n<p class=\"article-head__shorttext\">\n        <strong>Im EM-Finale liefern Deutschlands U19-Fu\u00dfballer Top-Favorit einen tollen Fight. Gegentore kurz vor und nach der Pause sind dann aber f\u00fcr den DFB-Nachwuchs zu viel.<\/strong>\n    <\/p>\n<p class=\"textabsatz m-ten m-offset-one l-eight l-offset-two columns twelve\">Am Ende unterliegt die deutsche U19-Nationalmannschaft am Samstag (11.07.2026) im walisischen Wrexham Spanien mit 0:2 (0:1). Ein Abstauber von Hugo Lopez (44.) und ein Kopfballtreffer von Mario Rivas (48.) nach einer schnellen Ecke bescheren den Iberern den insgesamt 10. EM-Titel in dieser Alterklasse. Damit ist Spanien, das alle seine f\u00fcnf EM-Spiele bei 19:0 Toren gewann, in der A-Junioren-Altersklasse die mit Abstand erfolgeichste Nation.<\/p>\n<p class=\"textabsatz m-ten m-offset-one l-eight l-offset-two columns twelve\">Anders als beim 0:4 im bedeutungslosen letzten Gruppenspiel schonte U19-Trainer Christian W\u00f6rns seine Leistungstr\u00e4ger nat\u00fcrlich nicht. Und das DFB-Team startete stark. Schon nach zehn Minuten hatte der Hamburger Otto Stange die F\u00fchrung auf dem Fu\u00df, bekam aber aus f\u00fcnf Metern nicht genug Druck hinter den Ball, sodass Spaniens Schlussmann parieren konnte.<\/p>\n<p>    Fr\u00fche DFB-Chance durch Otto Stange<\/p>\n<p class=\"textabsatz--contains-image  m-six l-five textabsatz columns twelve\">In der Folge war die deutsche Mannschaft vor allem mit Defensivarbeit besch\u00e4ftigt. Und das machte das W\u00f6rns-Team energisch und konzentriert. Sp\u00e4testens, wenn Spanien in Strafraumn\u00e4he kam, sah sich der Ballf\u00fchrende schnell zwei deutschen Abwehrspielern gegen\u00fcber. So spielten die Iberer zwar optisch \u00fcberlegen, hatten aber lange keine wirklich gute Abschlussszene.<\/p>\n<p class=\"textabsatz m-ten m-offset-one l-eight l-offset-two columns twelve\">Ganz anders Deutschland: Nach einer halben Stunde entwischte Stange nach einem langen Pass, behauptete sich gegen zwei Gegenspieler und zog den Ball von halbrechts aus dem Strafraum aufs Tor. Spaniens Schlussmann Manu Gonzalez konnte gerade noch per Fu\u00dfabwehr kl\u00e4ren.<\/p>\n<p>    Gegentore, die weh tun: erst Abstauber, dann Eckentreffer<\/p>\n<p class=\"textabsatz m-ten m-offset-one l-eight l-offset-two columns twelve\">W\u00f6rns&#8216; Plan, mit einer 4-5-1-Formation den Spaniern keinen Raum zu geben, ging voll auf. Bis kurz vor der Pause. Dann kam der Favorit doch aus 20 Metern zu einem Abschluss. Der Ball wurde abgef\u00e4lscht, klatschte an den Pfosten und den Abrpaller dr\u00fcckte Lopez zum 1:0 \u00fcber die Linie.<\/p>\n<p class=\"textabsatz m-ten m-offset-one l-eight l-offset-two columns twelve\">So ging es in die Pause. Und direkt nach Wiederanpfiff gab es f\u00fcr den DFB-Nachwuchs den n\u00e4chsten Nackenschlag. Bei einem Eckball von rechts war das Team nicht gut sortiert und Rivas konnte erstaunlich einfach aus dem F\u00fcnfmeterrraum zum 2:0 eink\u00f6pfen.<\/p>\n<p>    Kapit\u00e4n Francis Onyeka abgemeldet<\/p>\n<p class=\"textabsatz m-ten m-offset-one l-eight l-offset-two columns twelve\">Danach war guter Rat teuer f\u00fcr die deutsche Mannschaft. Kapit\u00e4n Francis Onyeka (SV Elversberg), bisher offensiv ein Erfolgsgarant, war im Angriff nahezu komplett abgemeldet. Auch \u00fcber die Au\u00dfen passierte nicht viel. Zwar hatte Moritz Reimers (57.) von Holstein Kiel einen guten Abschluss, den Gonzalez gerade noch so an den Pfosten lenkte und dann von der Linie kratzte.<\/p>\n<p class=\"textabsatz m-ten m-offset-one l-eight l-offset-two columns twelve\">In der Schlussphase warf der DFB-Nachwuchs alles nach vorne, hatte durch zum Beispiel durch Montrell Culbreath (79.) von Bayer 04 Leverkusen ordentliche Aktionen. Aber insgesamt kam die deutsche Elf dem Traum vom dritten EM-Titel nach 2008 und 2014, als zuletzt eine deutsche Auswahl mit unter anderem Joshua Kimmich und Julian Brandt erfolgreich war, nicht wirklich n\u00e4her und musste sich geschlagen geben.<\/p>\n","protected":false},"excerpt":{"rendered":"Stand: 11.07.2026 \u2022 22:28 Uhr Im EM-Finale liefern Deutschlands U19-Fu\u00dfballer Top-Favorit einen tollen Fight. Gegentore kurz vor und&hellip;\n","protected":false},"author":2,"featured_media":1160064,"comment_status":"","ping_status":"","sticky":false,"template":"","format":"standard","meta":{"footnotes":"","_share_on_mastodon":"0"},"categories":[5],"tags":[331,332,3364,29,347,30,13,14,15,12,28335],"class_list":["post-1160063","post","type-post","status-publish","format-standard","has-post-thumbnail","category-nachrichten","tag-aktuelle-nachrichten","tag-aktuelle-news","tag-de","tag-deutschland","tag-fussball","tag-germany","tag-headlines","tag-nachrichten","tag-news","tag-schlagzeilen","tag-u19"],"share_on_mastodon":{"url":"https:\/\/pubeurope.com\/@de\/116903743986530923","error":""},"_links":{"self":[{"href":"https:\/\/www.europesays.com\/de\/wp-json\/wp\/v2\/posts\/1160063","targetHints":{"allow":["GET"]}}],"collection":[{"href":"https:\/\/www.europesays.com\/de\/wp-json\/wp\/v2\/posts"}],"about":[{"href":"https:\/\/www.europesays.com\/de\/wp-json\/wp\/v2\/types\/post"}],"author":[{"embeddable":true,"href":"https:\/\/www.europesays.com\/de\/wp-json\/wp\/v2\/users\/2"}],"replies":[{"embeddable":true,"href":"https:\/\/www.europesays.com\/de\/wp-json\/wp\/v2\/comments?post=1160063"}],"version-history":[{"count":0,"href":"https:\/\/www.europesays.com\/de\/wp-json\/wp\/v2\/posts\/1160063\/revisions"}],"wp:featuredmedia":[{"embeddable":true,"href":"https:\/\/www.europesays.com\/de\/wp-json\/wp\/v2\/media\/1160064"}],"wp:attachment":[{"href":"https:\/\/www.europesays.com\/de\/wp-json\/wp\/v2\/media?parent=1160063"}],"wp:term":[{"taxonomy":"category","embeddable":true,"href":"https:\/\/www.europesays.com\/de\/wp-json\/wp\/v2\/categories?post=1160063"},{"taxonomy":"post_tag","embeddable":true,"href":"https:\/\/www.europesays.com\/de\/wp-json\/wp\/v2\/tags?post=1160063"}],"curies":[{"name":"wp","href":"https:\/\/api.w.org\/{rel}","templated":true}]}}