{"id":1160105,"date":"2026-07-11T23:07:20","date_gmt":"2026-07-11T23:07:20","guid":{"rendered":"https:\/\/www.europesays.com\/de\/1160105\/"},"modified":"2026-07-11T23:07:20","modified_gmt":"2026-07-11T23:07:20","slug":"sturm-verliert-umstritten-in-stuttgart-abschied-aus-der-porsche-arena-sport","status":"publish","type":"post","link":"https:\/\/www.europesays.com\/de\/1160105\/","title":{"rendered":"Sturm verliert umstritten in Stuttgart &#8211; Abschied aus der Porsche Arena | Sport"},"content":{"rendered":"<p><a class=\"skip-content skip-content--link\" href=\"#in-content-skip-link-target-v-0-0\">TTS-Player \u00fcberspringen\u21b5<\/a><a id=\"in-content-skip-link-target-v-0-0\" class=\"skip-content--target-link-hidden skip-content skip-content--target-link\" href=\"#in-content-skip-link-target-v-0-0\">Artikel weiterlesen<\/a><\/p>\n<p data-21134c99=\"0-2581\"><b>Und tsch\u00fcss. Das ist definitiv der letzte Ringauftritt von Ex-Weltmeister Felix Sturm (Adnan Catic) gewesen. Mit 47 Jahren ist jetzt Schluss. In der Porsche Arena von Stuttgart verliert Felix Sturm gegen den viel j\u00fcngeren Granit Stein (33\/Granit Bylygbashi) nach Punkten. Ein sehr umstrittenes Urteil! Der Schlusspunkt unter einer gro\u00dfen Karriere. Der Letzte einer \u201egoldenen\u201c Generation tritt von der gro\u00dfen B\u00fchne ab.<\/b><\/p>\n<p>Mehr zum Thema<\/p>\n<p data-21134c99=\"0-2581\">Hollywood-Star Florian Munteanu am Ring zu BILD: \u201eIch sch\u00e4tze an Felix seine Ehrlichkeit und Loyalit\u00e4t.\u201c Oliver Pocher: \u201eHauptsache, Felix gewinnt. Das ist das Einzige, was z\u00e4hlt.\u201c Doch das war wohl nichts. Felix nach seinem Abschied: \u201eSo ist das Leben halt. Schade, aber es gibt keinen R\u00fcckkampf. Ich stehe zu meinem Wort. Das Leben geht weiter.\u201c<\/p>\n<p>Umstrittenes Urteil: Felix Sturm verliert seinen letzten Kampf<\/p>\n<p data-21134c99=\"0-2581\">Die Runden im Einzelnen:<\/p>\n<p data-21134c99=\"0-2581\">1. Runde: Der Kampf beginnt mit halbst\u00fcndiger Versp\u00e4tung, aber dann fliegen endlich die F\u00e4uste. Felix Sturm in der roten Ringecke, Granit Stein in der blauen. Stein mit mehr Schl\u00e4gen, aber es geht viel auf die Deckung, zeigen keine Wirkung. Taktisch beherrscht Sturm allerdings diese Runde, sie geht an Felix. Doch die Punktrichter punkten offensichtlich immer f\u00fcr Stein.<\/p>\n<p data-21134c99=\"0-2581\">2. Runde: Sturm bestimmt den Kampf von der Ringmitte aus und dr\u00fcckt Stein an die Ringseile. Sturm l\u00e4sst sich von den Schl\u00e4gen Granit Steins nicht beeindrucken und gibt immer die Richtung vor. Kaum Aktionen aus der Halbdistanz. <\/p>\n<p data-21134c99=\"0-2581\">3. Runde: Immer wieder wird Stein an die Seile gedr\u00fcckt. \u201eAdnan Catic, Adnan Catic\u201c, dr\u00f6hnt es von den R\u00e4ngen. Adnan Catic ist Sturms b\u00fcrgerlicher Name.<\/p>\n<p data-21134c99=\"0-2581\">4. Runde: Klarere Treffer von Sturm. <\/p>\n<p data-21134c99=\"0-2581\">5. Runde: Stein m\u00fcht sich, trifft aber zu oft nur auf die Deckung. Sch\u00f6ner Aufw\u00e4rtshaken von Felix. <\/p>\n<p data-21134c99=\"0-2581\">6. Runde: Verwarnung f\u00fcr Stein wegen eines Kopfsto\u00dfes, Punktabzug. Wenn Stein vereinzelt mit seiner Rechten einmal durchkommt, antwortet Sturm sofort mit der Linken. Haushohe F\u00fchrung f\u00fcr Felix.<\/p>\n<p data-21134c99=\"0-2581\">7. Runde: Diese Runde geht an Granit Stein, weil er der aktivere Boxer ist. Sturm hat den Angriffen Steins nichts entgegenzusetzen. Erste Runde f\u00fcr Granit.<\/p>\n<p>Adeyemi-Wechsel zu Bar\u00e7a: \u201eKovac hat aufgegeben&#8220;<a class=\"anchor video-teaser__anchor\" href=\"https:\/\/www.bild.de\/sport\/fussball\/adeyemi-wechsel-zu-barca-kovac-hat-aufgegeben-6a51e8ca1aef3ee586481270\" rel=\"nofollow noopener\" target=\"_blank\"><img decoding=\"async\" width=\"992\" height=\"558\" alt=\"\" loading=\"lazy\" src=\"https:\/\/www.europesays.com\/de\/wp-content\/uploads\/2026\/07\/1783811240_920_89e6403a68ad0958ac5c4809740ba031-landscape,5b0ae600.jpeg\"   class=\"landscape teaser__image\"\/><\/a><\/p>\n<p>Quelle: BILD11.07.2026<\/p>\n<p data-21134c99=\"0-2581\">8. Runde: Felix stellt die alte Ordnung wieder her, landet klare Treffer. Der Ex-Weltmeister treibt seinen Gegner f\u00f6rmlich vor sich her und hat die Situation im Griff. Die Punktrichter sehen es anders.<\/p>\n<p data-21134c99=\"0-2581\">9. Runde: Stein geht auf einen Lucky Punch aus, ist aktiver. Diese Runde geht an ihn.<\/p>\n<p data-21134c99=\"0-2581\">10. Runde: Die Kr\u00e4fte schwinden, jetzt dreht Granit Stein auf. Diese Runde geht verdient an ihn. <\/p>\n<p data-21134c99=\"0-2581\">Am Ende hat ein Punktrichter Sturm vorn, zwei Stein. Ein hochumstrittenes Urteil!<\/p>\n","protected":false},"excerpt":{"rendered":"TTS-Player \u00fcberspringen\u21b5Artikel weiterlesen Und tsch\u00fcss. Das ist definitiv der letzte Ringauftritt von Ex-Weltmeister Felix Sturm (Adnan Catic) gewesen.&hellip;\n","protected":false},"author":2,"featured_media":1160106,"comment_status":"","ping_status":"","sticky":false,"template":"","format":"standard","meta":{"footnotes":"","_share_on_mastodon":"0"},"categories":[1830],"tags":[1634,520,11974,3364,29,30,37487,806,105572,1441,11404],"class_list":["post-1160105","post","type-post","status-publish","format-standard","has-post-thumbnail","category-stuttgart","tag-baden-wuerttemberg","tag-boxen","tag-boxkampf","tag-de","tag-deutschland","tag-germany","tag-kampfsport","tag-sport-leuchtturm-berlin","tag-sturm-felix","tag-stuttgart","tag-wm"],"share_on_mastodon":{"url":"https:\/\/pubeurope.com\/@de\/116903861856574816","error":""},"_links":{"self":[{"href":"https:\/\/www.europesays.com\/de\/wp-json\/wp\/v2\/posts\/1160105","targetHints":{"allow":["GET"]}}],"collection":[{"href":"https:\/\/www.europesays.com\/de\/wp-json\/wp\/v2\/posts"}],"about":[{"href":"https:\/\/www.europesays.com\/de\/wp-json\/wp\/v2\/types\/post"}],"author":[{"embeddable":true,"href":"https:\/\/www.europesays.com\/de\/wp-json\/wp\/v2\/users\/2"}],"replies":[{"embeddable":true,"href":"https:\/\/www.europesays.com\/de\/wp-json\/wp\/v2\/comments?post=1160105"}],"version-history":[{"count":0,"href":"https:\/\/www.europesays.com\/de\/wp-json\/wp\/v2\/posts\/1160105\/revisions"}],"wp:featuredmedia":[{"embeddable":true,"href":"https:\/\/www.europesays.com\/de\/wp-json\/wp\/v2\/media\/1160106"}],"wp:attachment":[{"href":"https:\/\/www.europesays.com\/de\/wp-json\/wp\/v2\/media?parent=1160105"}],"wp:term":[{"taxonomy":"category","embeddable":true,"href":"https:\/\/www.europesays.com\/de\/wp-json\/wp\/v2\/categories?post=1160105"},{"taxonomy":"post_tag","embeddable":true,"href":"https:\/\/www.europesays.com\/de\/wp-json\/wp\/v2\/tags?post=1160105"}],"curies":[{"name":"wp","href":"https:\/\/api.w.org\/{rel}","templated":true}]}}