{"id":1160271,"date":"2026-07-12T00:59:38","date_gmt":"2026-07-12T00:59:38","guid":{"rendered":"https:\/\/www.europesays.com\/de\/1160271\/"},"modified":"2026-07-12T00:59:38","modified_gmt":"2026-07-12T00:59:38","slug":"berlin-zoff-zwischen-kai-wegner-und-dem-kanzleramt-von-friedrich-merz-politik","status":"publish","type":"post","link":"https:\/\/www.europesays.com\/de\/1160271\/","title":{"rendered":"Berlin: Zoff zwischen Kai Wegner und dem Kanzleramt von Friedrich Merz! | Politik"},"content":{"rendered":"<p><a class=\"skip-content skip-content--link\" href=\"#in-content-skip-link-target-v-0-0\">TTS-Player \u00fcberspringen\u21b5<\/a><a id=\"in-content-skip-link-target-v-0-0\" class=\"skip-content--target-link-hidden skip-content skip-content--target-link\" href=\"#in-content-skip-link-target-v-0-0\">Artikel weiterlesen<\/a><\/p>\n<p data-83f060b9=\"0-2989\">Berlin \u2013 <b>Wer sagt hier die Unwahrheit? Im Streit um die Frage, ob es an Tag zwei des Berliner Stromausfalls im Januar ein Telefonat zwischen Kanzler Friedrich Merz (70, CDU) und Berlins Regierendem B\u00fcrgermeister Kai Wegner (53, CDU) gegeben hat, steht Aussage gegen Aussage. W\u00e4hrend das Bundeskanzleramt erkl\u00e4rte, es habe kein solches Gespr\u00e4ch gegeben, beharrt die Berliner Senatskanzlei darauf: Wegner und Merz telefonierten am 4. Januar. <\/b><\/p>\n<p data-83f060b9=\"0-2989\">Fest steht: Wegner hatte nach dem Blackout den Eindruck erweckt, als habe er mehrfach mit Merz gesprochen. In einem RBB-Beitrag sagte er am 5. Januar: \u201eGestern habe ich einmal mehr mit dem Bundeskanzler gesprochen (&#8230;).\u201c Auch die Berliner Senatskanzlei hatte schon damals erkl\u00e4rt, am 4. Januar habe es ein pers\u00f6nliches Telefonat zwischen Merz und Wegner gegeben \u2013 eine Darstellung, der das Kanzleramt jetzt ausdr\u00fccklich widerspricht. <\/p>\n<p>Wegner-Sprecherin besteht auf Richtigkeit<\/p>\n<p data-83f060b9=\"0-2989\">In dem Schreiben, das dem \u201eTagesspiegel\u201c vorliegt, hei\u00dft es unmissverst\u00e4ndlich, \u201edass, soweit feststellbar, der <a href=\"https:\/\/www.bild.de\/themen\/personen\/deutsche-bundeskanzler\/nachrichten-news-fotos-videos-17077116.bild.html\" class=\"text-link\" rel=\"nofollow noopener\" target=\"_blank\">Bundeskanzler<\/a> w\u00e4hrend der Dauer des fragegegenst\u00e4ndlichen Stromausfalls in Berlin im Januar 2026 kein pers\u00f6nliches Gespr\u00e4ch mit dem Regierenden B\u00fcrgermeister von <a href=\"https:\/\/www.bild.de\/regional\/berlin\/berlin-regional\/home-15823246.bild.html\" class=\"text-link\" rel=\"nofollow noopener\" target=\"_blank\">Berlin<\/a> Wegner gef\u00fchrt hat, weder in Anwesenheit pers\u00f6nlich noch telefonisch.\u201c Auf BILD-Anfrage best\u00e4tigt ein Regierungssprecher die Informationen aus einem Schriftsatz des Bundeskanzleramts an das Verwaltungsgericht Berlin.<\/p>\n<p>Nach Blackout-L\u00fcge: Kai Wegner: Der R\u00fcckzug im Video<a class=\"anchor video-teaser__anchor\" href=\"https:\/\/www.bild.de\/video\/6a50f0df1aef3ee586480854\" rel=\"nofollow noopener\" target=\"_blank\"><img decoding=\"async\" width=\"992\" height=\"558\" alt=\"\" loading=\"lazy\" src=\"https:\/\/www.europesays.com\/de\/wp-content\/uploads\/2026\/07\/182da540e6b9c6cab7a6ad37846ce55c,4649b48f.jpeg\"   class=\"landscape teaser__image\"\/><\/a><\/p>\n<p>Quelle: WELT10.07.2026<\/p>\n<p data-83f060b9=\"0-2989\">Doch Wegners Sprecherin Christine Richter (62) bleibt bei der Version von Wegner! In BILD erkl\u00e4rt sie, Berlins Regierender habe am 4. Januar \u2013 also dem zweiten Tag des Stromausfalls \u2013 mit Kanzler Friedrich Merz telefoniert. \u201eErstens stand der Regierende B\u00fcrgermeister bereits am 3. Januar mit dem Bundeskanzleramt im Austausch. Zweitens hat der Regierende B\u00fcrgermeister am 4. Januar mit dem Bundeskanzler telefoniert\u201c, teilt die Senatskanzlei BILD mit.<\/p>\n<p>Hat sich das Kanzleramt heillos verheddert?<\/p>\n<p data-83f060b9=\"0-2989\">Hei\u00dft: Die Senatskanzlei bezichtigt das Kanzleramt indirekt der L\u00fcge! Doch warum sollte es ein Telefonat dementieren und damit Wegner \u00f6ffentlich in die Bredouille bringen? Tats\u00e4chlich verweigerte das Kanzleramt laut \u201eTagesspiegel\u201c \u00fcber Wochen die Auskunft mit Verweis auf ein angebliches \u201eInteresse der \u00f6ffentlichen Sicherheit\u201c. Erst ein gerichtlicher Eilantrag brachte die neue Erkl\u00e4rung ans Licht. Den Vorwurf der Vertuschung weist man als \u201ehaltlose Vermutungen\u201c zur\u00fcck. Ein \u201eZusammenwirken\u201c habe es nicht gegeben.<\/p>\n<p>Mehr zum Thema<\/p>\n<p data-83f060b9=\"0-2989\">Bleibt die Vermutung, dass das Kanzleramt nichts von dem Telefonat wusste \u2013 und in der Folge ein beispielloses Kommunikationschaos anrichtete. Daf\u00fcr spricht, dass man sich schon mehrmals korrigieren musste. Am 17. M\u00e4rz hatte ein Regierungssprecher zun\u00e4chst erkl\u00e4rt, es habe an dem Tag mehrere Gespr\u00e4che Wegners mit Merz und Kanzleramtsminister Thorsten Frei (52, CDU) gegeben. Mitte Mai ruderte eine Regierungssprecherin dann zur\u00fcck. Es habe am 3. Januar doch kein Telefonat gegeben. Aufkl\u00e4ren kann es am Ende nur einer \u2013 der Kanzler selbst. <\/p>\n","protected":false},"excerpt":{"rendered":"TTS-Player \u00fcberspringen\u21b5Artikel weiterlesen Berlin \u2013 Wer sagt hier die Unwahrheit? Im Streit um die Frage, ob es an&hellip;\n","protected":false},"author":2,"featured_media":1160272,"comment_status":"","ping_status":"","sticky":false,"template":"","format":"standard","meta":{"footnotes":"","_share_on_mastodon":"0"},"categories":[1825],"tags":[296,31,29,30,32,184,5667,138370,72535],"class_list":["post-1160271","post","type-post","status-publish","format-standard","has-post-thumbnail","category-berlin","tag-berlin","tag-cdu","tag-deutschland","tag-germany","tag-merz-friedrich","tag-spd","tag-stromausfall","tag-team-first","tag-wegner-kai"],"share_on_mastodon":{"url":"https:\/\/pubeurope.com\/@de\/116904302046239042","error":""},"_links":{"self":[{"href":"https:\/\/www.europesays.com\/de\/wp-json\/wp\/v2\/posts\/1160271","targetHints":{"allow":["GET"]}}],"collection":[{"href":"https:\/\/www.europesays.com\/de\/wp-json\/wp\/v2\/posts"}],"about":[{"href":"https:\/\/www.europesays.com\/de\/wp-json\/wp\/v2\/types\/post"}],"author":[{"embeddable":true,"href":"https:\/\/www.europesays.com\/de\/wp-json\/wp\/v2\/users\/2"}],"replies":[{"embeddable":true,"href":"https:\/\/www.europesays.com\/de\/wp-json\/wp\/v2\/comments?post=1160271"}],"version-history":[{"count":0,"href":"https:\/\/www.europesays.com\/de\/wp-json\/wp\/v2\/posts\/1160271\/revisions"}],"wp:featuredmedia":[{"embeddable":true,"href":"https:\/\/www.europesays.com\/de\/wp-json\/wp\/v2\/media\/1160272"}],"wp:attachment":[{"href":"https:\/\/www.europesays.com\/de\/wp-json\/wp\/v2\/media?parent=1160271"}],"wp:term":[{"taxonomy":"category","embeddable":true,"href":"https:\/\/www.europesays.com\/de\/wp-json\/wp\/v2\/categories?post=1160271"},{"taxonomy":"post_tag","embeddable":true,"href":"https:\/\/www.europesays.com\/de\/wp-json\/wp\/v2\/tags?post=1160271"}],"curies":[{"name":"wp","href":"https:\/\/api.w.org\/{rel}","templated":true}]}}