{"id":1160497,"date":"2026-07-12T04:53:17","date_gmt":"2026-07-12T04:53:17","guid":{"rendered":"https:\/\/www.europesays.com\/de\/1160497\/"},"modified":"2026-07-12T04:53:17","modified_gmt":"2026-07-12T04:53:17","slug":"bundesliga-trainer-theater-chef-chaos-verkaufs-stau-baustelle-rb-leipzig-sport","status":"publish","type":"post","link":"https:\/\/www.europesays.com\/de\/1160497\/","title":{"rendered":"Bundesliga: Trainer-Theater, Chef-Chaos, Verkaufs-Stau! Baustelle RB Leipzig | Sport"},"content":{"rendered":"<p><a class=\"skip-content skip-content--link\" href=\"#in-content-skip-link-target-v-0-0\">TTS-Player \u00fcberspringen\u21b5<\/a><a id=\"in-content-skip-link-target-v-0-0\" class=\"skip-content--target-link-hidden skip-content skip-content--target-link\" href=\"#in-content-skip-link-target-v-0-0\">Artikel weiterlesen<\/a><\/p>\n<p data-21134c99=\"0-1870\"><b>Platz drei in der Bundesliga, die R\u00fcckkehr in die Champions League und eine Mannschaft mit eingespielten Abl\u00e4ufen \u2013 die Voraussetzungen f\u00fcr einen entspannten Sommer h\u00e4tten bei RB Leipzig kaum besser sein k\u00f6nnen. Doch stattdessen herrscht vor dem Start in die neue Saison Unruhe.<\/b><\/p>\n<p data-21134c99=\"0-1870\">Wenn an diesem Wochenende mit den Leistungstests die Vorbereitung beginnt, ist der Klub an vielen Stellen noch eine Baustelle.<\/p>\n<p data-21134c99=\"0-1870\">\u25b6 <b>Trainer-Theater: <\/b>Auch weil das Verh\u00e4ltnis zwischen Ex-Coach Ole Werner (38) und Global-Sportboss J\u00fcrgen Klopp (59) nicht mehr existent war, erhielt der RB-Coach w\u00e4hrend seines Urlaubs die K\u00fcndigung. <\/p>\n<p>Demichelis golft sich ein<\/p>\n<p data-21134c99=\"0-1870\">Am Freitag begann <a href=\"https:\/\/www.bild.de\/sport\/fussball\/bundesliga-fahrplan-steht-so-legt-martin-demichelis-bei-rb-leipzig-los-6a4f6b54a6db83ce8f123e16\" class=\"text-link\" rel=\"nofollow noopener\" target=\"_blank\">Nachfolger Martin Demichelis<\/a> (45) seine Arbeit. Zum Auftakt ging der Argentinier mit dem Staff Golf spielen. Warum? Demichelis soll m\u00f6glichst schnell die positive Chemie rund um die Kabine wiederherstellen, die das Team unter Werner ausgezeichnet hatte. Gleichzeitig muss er die Mannschaft auf seinen Spielstil mit Fokus auf Ballbesitz und hohem Pressing nach Ballverlust einstellen.<\/p>\n<p data-21134c99=\"0-1870\">\u25b6 <b>Chef-Chaos: <\/b>Klopp wird ziemlich sicher Julian Nagelsmann als Bundestrainer beerben. Ein Nachfolger f\u00fcr Klopp im Red-Bull-Fu\u00dfballkosmos steht noch nicht fest. Klar aber: Auch wenn Sport-Gesch\u00e4ftsf\u00fchrer Marcel Sch\u00e4fer (42) den Leipziger Kader plant, bringt die Unruhe unn\u00f6tige Reibungsverluste. Und Demichelis steht pl\u00f6tzlich ohne seinen gr\u00f6\u00dften F\u00fcrsprecher da.<\/p>\n<p><img decoding=\"async\" width=\"992\" height=\"558\" alt=\"J\u00fcrgen Klopp soll neuer Bundestrainer werden\" loading=\"lazy\" src=\"https:\/\/www.europesays.com\/de\/wp-content\/uploads\/2026\/07\/2557cadbcb2085918a4199f66dcb1a7e,1bce4f85.jpeg\"   class=\"landscape\"\/><\/p>\n<p class=\"fig__caption__text\">J\u00fcrgen Klopp soll neuer Bundestrainer werden<\/p>\n<p>Foto: picture alliance\/Sipa USA<\/p>\n<p data-21134c99=\"0-1870\">\u25b6 <b>Verkaufs-Stau: <\/b>Der Kader ist trotz Champions League zu gro\u00df. <a href=\"https:\/\/www.bild.de\/sport\/fussball\/rb-leipzig\/startseite-leipzig-31148870.bild.html\" class=\"text-link\" rel=\"nofollow noopener\" target=\"_blank\">RB Leipzig<\/a> muss dringend Spieler verkaufen \u2013 und vor allem das Einnahmeziel von 100 Millionen Euro erreichen. <\/p>\n<p data-21134c99=\"0-1870\">Aber weder f\u00fcr zuletzt verliehene Spieler wie Lutsharel Geertruida (25\/Sunderland) oder Arthur Vermeeren (21\/Marseille) noch f\u00fcr potenzielle Verkaufskandidaten wie Castello Lukeba (23) liegen derzeit Angebote vor. Noch kein Drama \u2013 aber die Uhr Richtung Saisonstart tickt\u00a0\u2026<\/p>\n","protected":false},"excerpt":{"rendered":"TTS-Player \u00fcberspringen\u21b5Artikel weiterlesen Platz drei in der Bundesliga, die R\u00fcckkehr in die Champions League und eine Mannschaft mit&hellip;\n","protected":false},"author":2,"featured_media":1160498,"comment_status":"","ping_status":"","sticky":false,"template":"","format":"standard","meta":{"footnotes":"","_share_on_mastodon":"0"},"categories":[1832],"tags":[3364,231305,29,538,30,7645,71,1655,859,3460,4581,539],"class_list":["post-1160497","post","type-post","status-publish","format-standard","has-post-thumbnail","category-leipzig","tag-de","tag-demichelis-martin","tag-deutschland","tag-erste-bundesliga","tag-germany","tag-klopp-juergen","tag-leipzig","tag-rb-leipzig","tag-sachsen","tag-sport-leuchtturm-leipzig","tag-sport-tag-im-ticker","tag-werner-ole"],"share_on_mastodon":{"url":"https:\/\/pubeurope.com\/@de\/116905221113860500","error":""},"_links":{"self":[{"href":"https:\/\/www.europesays.com\/de\/wp-json\/wp\/v2\/posts\/1160497","targetHints":{"allow":["GET"]}}],"collection":[{"href":"https:\/\/www.europesays.com\/de\/wp-json\/wp\/v2\/posts"}],"about":[{"href":"https:\/\/www.europesays.com\/de\/wp-json\/wp\/v2\/types\/post"}],"author":[{"embeddable":true,"href":"https:\/\/www.europesays.com\/de\/wp-json\/wp\/v2\/users\/2"}],"replies":[{"embeddable":true,"href":"https:\/\/www.europesays.com\/de\/wp-json\/wp\/v2\/comments?post=1160497"}],"version-history":[{"count":0,"href":"https:\/\/www.europesays.com\/de\/wp-json\/wp\/v2\/posts\/1160497\/revisions"}],"wp:featuredmedia":[{"embeddable":true,"href":"https:\/\/www.europesays.com\/de\/wp-json\/wp\/v2\/media\/1160498"}],"wp:attachment":[{"href":"https:\/\/www.europesays.com\/de\/wp-json\/wp\/v2\/media?parent=1160497"}],"wp:term":[{"taxonomy":"category","embeddable":true,"href":"https:\/\/www.europesays.com\/de\/wp-json\/wp\/v2\/categories?post=1160497"},{"taxonomy":"post_tag","embeddable":true,"href":"https:\/\/www.europesays.com\/de\/wp-json\/wp\/v2\/tags?post=1160497"}],"curies":[{"name":"wp","href":"https:\/\/api.w.org\/{rel}","templated":true}]}}