{"id":1160609,"date":"2026-07-12T06:01:13","date_gmt":"2026-07-12T06:01:13","guid":{"rendered":"https:\/\/www.europesays.com\/de\/1160609\/"},"modified":"2026-07-12T06:01:13","modified_gmt":"2026-07-12T06:01:13","slug":"carport-in-lintorf-stand-in-flammen","status":"publish","type":"post","link":"https:\/\/www.europesays.com\/de\/1160609\/","title":{"rendered":"Carport in Lintorf stand in Flammen"},"content":{"rendered":"<p class=\"text_ohne_einzug richtext text-em-55 !leading-serif mx-6 desktop:mx-0\"> (RP) Gr\u00f6\u00dferer Einsatz f\u00fcr die Feuerwehr: In der Nacht zum vergangenen Samstag hatte ein Carport auf der Rilkestra\u00dfe gegen 3.21 Uhr in Flammen gestanden. Dies vorweg: Niemand wurde verletzt, die Brandursache ist nach aktuellem Stand unklar.<\/p>\n<p class=\"richtext text-em-55 !leading-serif mx-6 desktop:mx-0\">Aufgrund der akuten Gefahr, dass die Flammen auf das angrenzende Wohngeb\u00e4ude \u00fcbergreifen k\u00f6nnten, wurde die Alarmstufe noch w\u00e4hrend der Anfahrt erh\u00f6ht. Die <a href=\"https:\/\/rp-online.de\/thema\/feuerwehr\/\" rel=\"nofollow noopener\" target=\"_blank\">Feuerwehr<\/a> begann sofort mit einer umfassenden Brandbek\u00e4mpfung.<\/p>\n<p class=\"richtext text-em-55 !leading-serif mx-6 desktop:mx-0\">W\u00e4hrend ein L\u00f6schfahrzeug den Brand des Carports bek\u00e4mpfte, setzte ein weiteres Fahrzeug gezielte Schutzma\u00dfnahmen am Wohngeb\u00e4ude um und verhinderte so erfolgreich einen Flammen\u00fcberschlag. Parallel hierzu kam eine Drehleiter zum Einsatz, um den Dachstuhl des Hauses auf m\u00f6gliche Brandausbreitung und versteckte Glutnester zu kontrollieren. Dank des schnellen und koordinierten Eingreifens der Einsatzkr\u00e4fte konnten der Brand auf den Carport begrenzt und eine Ausbreitung auf das Wohngeb\u00e4ude verhindert werden.<\/p>\n<p class=\"richtext text-em-55 !leading-serif mx-6 desktop:mx-0\">Im Einsatz waren die Berufsfeuerwehr <a href=\"https:\/\/rp-online.de\/thema\/ratingen\/\" rel=\"nofollow noopener\" target=\"_blank\">Ratingen<\/a>, der F\u00fchrungsdienst sowie Einsatzkr\u00e4fte der Freiwilligen Feuerwehr aus den L\u00f6schz\u00fcgen Lintorf und Tiefenbroich. Au\u00dferdem waren die Polizei sowie der Rettungsdienst der St\u00e4dte Ratingen und Heiligenhaus im Einsatz. <\/p>\n","protected":false},"excerpt":{"rendered":"(RP) Gr\u00f6\u00dferer Einsatz f\u00fcr die Feuerwehr: In der Nacht zum vergangenen Samstag hatte ein Carport auf der Rilkestra\u00dfe&hellip;\n","protected":false},"author":2,"featured_media":1160610,"comment_status":"","ping_status":"","sticky":false,"template":"","format":"standard","meta":{"footnotes":"","_share_on_mastodon":"0"},"categories":[1838],"tags":[159877,10018,2775,2919,79184,10015,19437,3364,29,3715,588,9032,985,2993,243396,30,19113,1209,10078,8882],"class_list":["post-1160609","post","type-post","status-publish","format-standard","has-post-thumbnail","category-duisburg","tag-carport","tag-ausbreitung","tag-berufsfeuerwehr","tag-brand","tag-brandausbreitung","tag-brandbekaempfung","tag-brandursache","tag-de","tag-deutschland","tag-duisburg","tag-einsatz","tag-einsatzkraefte","tag-feuerwehr","tag-flammen","tag-flammenueberschlag","tag-germany","tag-lintorf","tag-nordrhein-westfalen","tag-ratingen","tag-wohngebaeude"],"share_on_mastodon":{"url":"https:\/\/pubeurope.com\/@de\/116905488182537726","error":""},"_links":{"self":[{"href":"https:\/\/www.europesays.com\/de\/wp-json\/wp\/v2\/posts\/1160609","targetHints":{"allow":["GET"]}}],"collection":[{"href":"https:\/\/www.europesays.com\/de\/wp-json\/wp\/v2\/posts"}],"about":[{"href":"https:\/\/www.europesays.com\/de\/wp-json\/wp\/v2\/types\/post"}],"author":[{"embeddable":true,"href":"https:\/\/www.europesays.com\/de\/wp-json\/wp\/v2\/users\/2"}],"replies":[{"embeddable":true,"href":"https:\/\/www.europesays.com\/de\/wp-json\/wp\/v2\/comments?post=1160609"}],"version-history":[{"count":0,"href":"https:\/\/www.europesays.com\/de\/wp-json\/wp\/v2\/posts\/1160609\/revisions"}],"wp:featuredmedia":[{"embeddable":true,"href":"https:\/\/www.europesays.com\/de\/wp-json\/wp\/v2\/media\/1160610"}],"wp:attachment":[{"href":"https:\/\/www.europesays.com\/de\/wp-json\/wp\/v2\/media?parent=1160609"}],"wp:term":[{"taxonomy":"category","embeddable":true,"href":"https:\/\/www.europesays.com\/de\/wp-json\/wp\/v2\/categories?post=1160609"},{"taxonomy":"post_tag","embeddable":true,"href":"https:\/\/www.europesays.com\/de\/wp-json\/wp\/v2\/tags?post=1160609"}],"curies":[{"name":"wp","href":"https:\/\/api.w.org\/{rel}","templated":true}]}}