{"id":1160666,"date":"2026-07-12T06:34:21","date_gmt":"2026-07-12T06:34:21","guid":{"rendered":"https:\/\/www.europesays.com\/de\/1160666\/"},"modified":"2026-07-12T06:34:21","modified_gmt":"2026-07-12T06:34:21","slug":"zahl-85-prozent-hoeher-als-im-juni-berliner-bode-museum-zaehlt-mit-merkels-portraet-deutlich-mehr-besucher","status":"publish","type":"post","link":"https:\/\/www.europesays.com\/de\/1160666\/","title":{"rendered":"Zahl 85 Prozent h\u00f6her als im Juni: Berliner Bode-Museum z\u00e4hlt mit Merkels Portr\u00e4t deutlich mehr Besucher"},"content":{"rendered":"<p class=\"tspA1jc tspA1jd\">Das <a href=\"https:\/\/www.tagesspiegel.de\/kultur\/angela-merkels-portrat-im-bode-museum-als-wurde-sie-wir-schaffen-das-sagen-15779313.html?icid=in-text-link_15830917\" class=\"link link--internal\" data-gtm-class=\"article-text-link\" data-gtm-val=\"internal\" rel=\"nofollow noopener\" target=\"_blank\">Portr\u00e4t von Ex-Kanzlerin Angela Merkel<\/a> beschert dem Berliner Bode-Museum mehr Publikum. Seitdem das Gem\u00e4lde ausgestellt sei, seien die Besuchszahlen stark angestiegen, teilte ein Sprecher der Museumsinsel mit. \u201eDie t\u00e4gliche Besuchszahl liegt im Schnitt um 85 Prozent h\u00f6her als im Juni.\u201c Aktuell seien es rund 900 Besuche t\u00e4glich. Ob der Trend weiter anhalten werde, lasse sich noch nicht absch\u00e4tzen.<\/p>\n<p class=\"tspA1jc\">Merkel (CDU) hatte sich lange Zeit gelassen, bis sie sich f\u00fcr einen K\u00fcnstler entschied. \u201eIch brauchte Abstand\u201c, hatte sie\u00a0bei der Enth\u00fcllung des Bildes Ende Juni gesagt. Das\u00a0Portr\u00e4t\u00a0sollte kein Punkt auf einer abzuarbeitenden To-do-Liste werden, \u201esondern ich wollte Freude an einem solchen Vorgang haben\u201c.<\/p>\n<p class=\"tspA1jc\">Gemalt wurde das Portr\u00e4t vom deutsch-franz\u00f6sischen K\u00fcnstler J\u00e9r\u00e9mie Queyras. Der 28-J\u00e4hrige stammt aus einer Freiburger Musikerfamilie und hatte sich bei\u00a0Merkel 2022 handschriftlich beworben.<\/p>\n<p class=\"tspA1jc\">Das Gem\u00e4lde zeigt die fr\u00fchere Kanzlerin mit leuchtend blauem Blazer vor goldbraunem Hintergrund. Gemalt wurde sie stehend bis zu den Knien, die Hand hat sie auf einer Stuhllehne abgelegt.<\/p>\n<p>Mehr zum Thema:<a href=\"https:\/\/www.tagesspiegel.de\/kultur\/angela-merkels-portrat-im-bode-museum-als-wurde-sie-wir-schaffen-das-sagen-15779313.html?icid=topic-list_15830917___\" data-gtm-class=\"article-mzt-link\" data-hydrate-fingerprint=\"09740a54944caac75fd2c0c63fd5c5df\" data-hydrate-props=\"{&amp;escapedquot;element&amp;escapedquot;:{&amp;escapedquot;type&amp;escapedquot;:&amp;escapedquot;relatedContent&amp;escapedquot;,&amp;escapedquot;fieldMap&amp;escapedquot;:{},&amp;escapedquot;relation&amp;escapedquot;:{&amp;escapedquot;fields&amp;escapedquot;:{&amp;escapedquot;isPaid&amp;escapedquot;:true},&amp;escapedquot;href&amp;escapedquot;:&amp;escapedquot;\/kultur\/angela-merkels-portrat-im-bode-museum-als-wurde-sie-wir-schaffen-das-sagen-15779313.html&amp;escapedquot;,&amp;escapedquot;teaserTitle&amp;escapedquot;:{&amp;escapedquot;kicker&amp;escapedquot;:&amp;escapedquot;Angela Merkels Portr\u00e4t im Bode-Museum&amp;escapedquot;,&amp;escapedquot;headline&amp;escapedquot;:&amp;escapedquot;Als w\u00fcrde sie \u201eWir schaffen das\u201c sagen&amp;escapedquot;},&amp;escapedquot;id&amp;escapedquot;:&amp;escapedquot;15779313&amp;escapedquot;,&amp;escapedquot;type&amp;escapedquot;:&amp;escapedquot;story&amp;escapedquot;},&amp;escapedquot;isPartOfList&amp;escapedquot;:true,&amp;escapedquot;topicListType&amp;escapedquot;:&amp;escapedquot;topic-list&amp;escapedquot;},&amp;escapedquot;showArrow&amp;escapedquot;:true}\" data-hydrate-slots=\"{&#039;default&#039;:[]}\" class=\"tspDBrt tspDEr6\" rel=\"nofollow noopener\" target=\"_blank\">Angela Merkels Portr\u00e4t im Bode-Museum Als w\u00fcrde sie \u201eWir schaffen das\u201c sagen <\/a><a href=\"https:\/\/www.tagesspiegel.de\/berlin\/mehr-als-nur-ein-platz-vor-dem-parlament-was-von-margot-friedlander-in-berlin-sichtbar-bleibt-15575016.html?icid=topic-list_15830917___\" data-gtm-class=\"article-mzt-link\" data-hydrate-fingerprint=\"09740a54944caac75fd2c0c63fd5c5df\" data-hydrate-props=\"{&amp;escapedquot;element&amp;escapedquot;:{&amp;escapedquot;type&amp;escapedquot;:&amp;escapedquot;relatedContent&amp;escapedquot;,&amp;escapedquot;fieldMap&amp;escapedquot;:{},&amp;escapedquot;relation&amp;escapedquot;:{&amp;escapedquot;fields&amp;escapedquot;:{&amp;escapedquot;isPaid&amp;escapedquot;:true},&amp;escapedquot;href&amp;escapedquot;:&amp;escapedquot;\/berlin\/mehr-als-nur-ein-platz-vor-dem-parlament-was-von-margot-friedlander-in-berlin-sichtbar-bleibt-15575016.html&amp;escapedquot;,&amp;escapedquot;teaserTitle&amp;escapedquot;:{&amp;escapedquot;headline&amp;escapedquot;:&amp;escapedquot;Was von Margot Friedl\u00e4nder in Berlin sichtbar bleibt&amp;escapedquot;,&amp;escapedquot;kicker&amp;escapedquot;:&amp;escapedquot;Mehr als nur ein Platz vor dem Parlament&amp;escapedquot;},&amp;escapedquot;id&amp;escapedquot;:&amp;escapedquot;15575016&amp;escapedquot;,&amp;escapedquot;type&amp;escapedquot;:&amp;escapedquot;story&amp;escapedquot;},&amp;escapedquot;isPartOfList&amp;escapedquot;:true,&amp;escapedquot;topicListType&amp;escapedquot;:&amp;escapedquot;topic-list&amp;escapedquot;},&amp;escapedquot;showArrow&amp;escapedquot;:true}\" data-hydrate-slots=\"{&#039;default&#039;:[]}\" class=\"tspDBrt tspDEr6\" rel=\"nofollow noopener\" target=\"_blank\">Mehr als nur ein Platz vor dem Parlament Was von Margot Friedl\u00e4nder in Berlin sichtbar bleibt <\/a><a href=\"https:\/\/www.tagesspiegel.de\/politik\/vom-kanzler-zum-altkanzler-das-kunftige-leben-des-olaf-scholz-13495579.html?icid=topic-list_15830917___\" data-gtm-class=\"article-mzt-link\" data-hydrate-fingerprint=\"09740a54944caac75fd2c0c63fd5c5df\" data-hydrate-props=\"{&amp;escapedquot;element&amp;escapedquot;:{&amp;escapedquot;type&amp;escapedquot;:&amp;escapedquot;relatedContent&amp;escapedquot;,&amp;escapedquot;fieldMap&amp;escapedquot;:{},&amp;escapedquot;relation&amp;escapedquot;:{&amp;escapedquot;fields&amp;escapedquot;:{&amp;escapedquot;isPaid&amp;escapedquot;:true},&amp;escapedquot;href&amp;escapedquot;:&amp;escapedquot;\/politik\/vom-kanzler-zum-altkanzler-das-kunftige-leben-des-olaf-scholz-13495579.html&amp;escapedquot;,&amp;escapedquot;teaserTitle&amp;escapedquot;:{&amp;escapedquot;headline&amp;escapedquot;:&amp;escapedquot;Das k\u00fcnftige Leben des Olaf Scholz&amp;escapedquot;,&amp;escapedquot;kicker&amp;escapedquot;:&amp;escapedquot;Vom Kanzler zum Altkanzler&amp;escapedquot;},&amp;escapedquot;id&amp;escapedquot;:&amp;escapedquot;13495579&amp;escapedquot;,&amp;escapedquot;type&amp;escapedquot;:&amp;escapedquot;story&amp;escapedquot;},&amp;escapedquot;isPartOfList&amp;escapedquot;:true,&amp;escapedquot;topicListType&amp;escapedquot;:&amp;escapedquot;topic-list&amp;escapedquot;},&amp;escapedquot;showArrow&amp;escapedquot;:true}\" data-hydrate-slots=\"{&#039;default&#039;:[]}\" class=\"tspDBrt tspDEr6\" rel=\"nofollow noopener\" target=\"_blank\">Vom Kanzler zum Altkanzler Das k\u00fcnftige Leben des Olaf Scholz <\/a><\/p>\n<p class=\"tspA1jc\">An einem der ersten Tage nach der Ausstellungser\u00f6ffnung wollten etliche Menschen das Bild sehen und fragten das Aufsichtspersonal nach dem Weg. Gezeigt wird es noch bis zum 4. Oktober im Bode-Museum. Danach soll es als Leihgabe an das Kanzleramt gehen. (dpa)<\/p>\n","protected":false},"excerpt":{"rendered":"Das Portr\u00e4t von Ex-Kanzlerin Angela Merkel beschert dem Berliner Bode-Museum mehr Publikum. Seitdem das Gem\u00e4lde ausgestellt sei, seien&hellip;\n","protected":false},"author":2,"featured_media":1160667,"comment_status":"","ping_status":"","sticky":false,"template":"","format":"standard","meta":{"footnotes":"","_share_on_mastodon":"0"},"categories":[1825],"tags":[7015,296,31,29,30,27668,525,21560],"class_list":["post-1160666","post","type-post","status-publish","format-standard","has-post-thumbnail","category-berlin","tag-angela-merkel","tag-berlin","tag-cdu","tag-deutschland","tag-germany","tag-kunst-in-berlin","tag-mitte","tag-museumsinsel"],"share_on_mastodon":{"url":"https:\/\/pubeurope.com\/@de\/116905617954127932","error":""},"_links":{"self":[{"href":"https:\/\/www.europesays.com\/de\/wp-json\/wp\/v2\/posts\/1160666","targetHints":{"allow":["GET"]}}],"collection":[{"href":"https:\/\/www.europesays.com\/de\/wp-json\/wp\/v2\/posts"}],"about":[{"href":"https:\/\/www.europesays.com\/de\/wp-json\/wp\/v2\/types\/post"}],"author":[{"embeddable":true,"href":"https:\/\/www.europesays.com\/de\/wp-json\/wp\/v2\/users\/2"}],"replies":[{"embeddable":true,"href":"https:\/\/www.europesays.com\/de\/wp-json\/wp\/v2\/comments?post=1160666"}],"version-history":[{"count":0,"href":"https:\/\/www.europesays.com\/de\/wp-json\/wp\/v2\/posts\/1160666\/revisions"}],"wp:featuredmedia":[{"embeddable":true,"href":"https:\/\/www.europesays.com\/de\/wp-json\/wp\/v2\/media\/1160667"}],"wp:attachment":[{"href":"https:\/\/www.europesays.com\/de\/wp-json\/wp\/v2\/media?parent=1160666"}],"wp:term":[{"taxonomy":"category","embeddable":true,"href":"https:\/\/www.europesays.com\/de\/wp-json\/wp\/v2\/categories?post=1160666"},{"taxonomy":"post_tag","embeddable":true,"href":"https:\/\/www.europesays.com\/de\/wp-json\/wp\/v2\/tags?post=1160666"}],"curies":[{"name":"wp","href":"https:\/\/api.w.org\/{rel}","templated":true}]}}