{"id":1160841,"date":"2026-07-12T08:33:16","date_gmt":"2026-07-12T08:33:16","guid":{"rendered":"https:\/\/www.europesays.com\/de\/1160841\/"},"modified":"2026-07-12T08:33:16","modified_gmt":"2026-07-12T08:33:16","slug":"moenchengladbach-balkonbrand-in-mehrfamilienhaus-an-luepertzender-strasse","status":"publish","type":"post","link":"https:\/\/www.europesays.com\/de\/1160841\/","title":{"rendered":"M\u00f6nchengladbach: Balkonbrand in Mehrfamilienhaus an L\u00fcpertzender Stra\u00dfe"},"content":{"rendered":"<p class=\"text_ohne_einzug richtext text-em-55 !leading-serif mx-6 desktop:mx-0\"> In der Nacht von Samstag auf Sonntag entwickelte sich aus bislang ungekl\u00e4rter Ursache ein Balkonbrand zu einem Wohnungsbrand und griff auf zwei Wohnungen eines Mehrfamilienhauses an der L\u00fcpertzender Stra\u00dfe \u00fcber.<\/p>\n<p class=\"richtext text-em-55 !leading-serif mx-6 desktop:mx-0\">Gegen 1.51 Uhr war die <a href=\"https:\/\/rp-online.de\/thema\/feuerwehr\/\" rel=\"nofollow noopener\" target=\"_blank\">Feuerwehr<\/a> alarmiert worden. Die eintreffenden Einsatzkr\u00e4fte leiteten die R\u00e4umung des betroffenen Geb\u00e4udes ein. Gleichzeitig wurde die Brandbek\u00e4mpfung in einer Wohnung im zweiten Obergeschoss begonnen. Ein Atemschutztrupp kontrollierte die Brandwohnung, da zun\u00e4chst nicht ausgeschlossen werden konnte, dass sich noch eine Person in der Wohnung befand. Weitere Einsatzkr\u00e4fte trafen am Brandort ein.<\/p>\n<p class=\"richtext text-em-55 !leading-serif mx-6 desktop:mx-0\">Alle weiteren Bewohner konnten das Geb\u00e4ude \u00fcber das rauchfreie Treppenhaus selbstst\u00e4ndig verlassen. Um dies dauerhaft rauchfrei zu halten, kam ein Hochleistungsl\u00fcfter zum Einsatz.<\/p>\n<p class=\"richtext text-em-55 !leading-serif mx-6 desktop:mx-0\">Nach Abschluss der L\u00f6scharbeiten wurde das Dach des Geb\u00e4udes mithilfe einer Drehleiter und einer W\u00e4rmebildkamera auf m\u00f6gliche Glutnester kontrolliert. Hierzu entfernten die Einsatzkr\u00e4fte an mehreren Stellen Dachziegel, um das Dach gezielt \u00fcberpr\u00fcfen zu k\u00f6nnen. Bei dem Einsatz wurde niemand verletzt. Nach Abschluss aller Ma\u00dfnahmen konnten s\u00e4mtliche Bewohner in ihre Wohnungen zur\u00fcckkehren. Lediglich der Bewohner der unmittelbar vom Brand betroffenen Wohnung konnte diese aufgrund der entstandenen Sch\u00e4den vorerst nicht wieder beziehen. Die <a href=\"https:\/\/rp-online.de\/thema\/polizei\/\" rel=\"nofollow noopener\" target=\"_blank\">Polizei<\/a> hat die Ermittlungen zur Brandursache aufgenommen.<\/p>\n<p class=\"richtext text-em-55 !leading-serif mx-6 desktop:mx-0\">Im Einsatz waren der L\u00f6schzug der Feuer- und Rettungswache I (Neuwerk), das Hilfeleistungsl\u00f6schfahrzeug der Feuer- und Rettungswache II (Holt), der Ger\u00e4tewagen Einsatzstellenhygiene und der Abrollbeh\u00e4lter Atemschutz aus dem Technik- und Logistikzentrum (Holt), die Einheit Hardt der Freiwilligen Feuerwehr, zwei Rettungswagen, ein Notarzteinsatzfahrzeug, die Polizei sowie der F\u00fchrungsdienst der Berufsfeuerwehr.<\/p>\n","protected":false},"excerpt":{"rendered":"In der Nacht von Samstag auf Sonntag entwickelte sich aus bislang ungekl\u00e4rter Ursache ein Balkonbrand zu einem Wohnungsbrand&hellip;\n","protected":false},"author":2,"featured_media":1160842,"comment_status":"","ping_status":"","sticky":false,"template":"","format":"standard","meta":{"footnotes":"","_share_on_mastodon":"0"},"categories":[1849],"tags":[135705,2775,19907,2919,39956,3364,29,588,9032,94234,548,663,3934,987,3401,30,13,40643,119236,4455,14,15,1209,105417,15093,12,626,2537],"class_list":["post-1160841","post","type-post","status-publish","format-standard","has-post-thumbnail","category-moenchengladbach","tag-252c","tag-berufsfeuerwehr","tag-bewohner","tag-brand","tag-brandwohnung","tag-de","tag-deutschland","tag-einsatz","tag-einsatzkraefte","tag-einsatzstellenhygiene","tag-eu","tag-europa","tag-europe","tag-feuer","tag-feuerwehreinsatz","tag-germany","tag-headlines","tag-holt","tag-luepertzender","tag-moenchengladbach","tag-nachrichten","tag-news","tag-nordrhein-westfalen","tag-notarzteinsatzfahrzeug","tag-rettungswache","tag-schlagzeilen","tag-wohnung","tag-wohnungsbrand"],"share_on_mastodon":{"url":"https:\/\/pubeurope.com\/@de\/116906086179168259","error":""},"_links":{"self":[{"href":"https:\/\/www.europesays.com\/de\/wp-json\/wp\/v2\/posts\/1160841","targetHints":{"allow":["GET"]}}],"collection":[{"href":"https:\/\/www.europesays.com\/de\/wp-json\/wp\/v2\/posts"}],"about":[{"href":"https:\/\/www.europesays.com\/de\/wp-json\/wp\/v2\/types\/post"}],"author":[{"embeddable":true,"href":"https:\/\/www.europesays.com\/de\/wp-json\/wp\/v2\/users\/2"}],"replies":[{"embeddable":true,"href":"https:\/\/www.europesays.com\/de\/wp-json\/wp\/v2\/comments?post=1160841"}],"version-history":[{"count":0,"href":"https:\/\/www.europesays.com\/de\/wp-json\/wp\/v2\/posts\/1160841\/revisions"}],"wp:featuredmedia":[{"embeddable":true,"href":"https:\/\/www.europesays.com\/de\/wp-json\/wp\/v2\/media\/1160842"}],"wp:attachment":[{"href":"https:\/\/www.europesays.com\/de\/wp-json\/wp\/v2\/media?parent=1160841"}],"wp:term":[{"taxonomy":"category","embeddable":true,"href":"https:\/\/www.europesays.com\/de\/wp-json\/wp\/v2\/categories?post=1160841"},{"taxonomy":"post_tag","embeddable":true,"href":"https:\/\/www.europesays.com\/de\/wp-json\/wp\/v2\/tags?post=1160841"}],"curies":[{"name":"wp","href":"https:\/\/api.w.org\/{rel}","templated":true}]}}