{"id":1160943,"date":"2026-07-12T09:32:41","date_gmt":"2026-07-12T09:32:41","guid":{"rendered":"https:\/\/www.europesays.com\/de\/1160943\/"},"modified":"2026-07-12T09:32:41","modified_gmt":"2026-07-12T09:32:41","slug":"bauarbeiten-in-ohlsdorf-teilstueck-der-u1-mehr-als-drei-monate-gesperrt","status":"publish","type":"post","link":"https:\/\/www.europesays.com\/de\/1160943\/","title":{"rendered":"Bauarbeiten in Ohlsdorf: Teilst\u00fcck der U1 mehr als drei Monate gesperrt"},"content":{"rendered":"<p>\n                Stand: 12.07.2026 10:24 Uhr<\/p>\n<p class=\"preface\">Fahrg\u00e4ste der Hamburger U-Bahn-Linie 1 m\u00fcssen ab Montag zwischen den Stationen Lattenkamp und Fuhlsb\u00fcttel Nord bis Mitte Oktober auf Busse umsteigen. Die Hochbahn erneuert den Bahnhof Ohlsdorf und tauscht eine Br\u00fccke aus.<\/p>\n<p class=\"\">Die Hamburger U-Bahn-Linie 1 wird von Montag an f\u00fcr drei Monate zwischen Lattenkamp und Fuhlsb\u00fcttel Nord gesperrt. Grund daf\u00fcr sind dringend notwendige Bauarbeiten. Das teilte die Hamburger Hochbahn mit. Am 14. Oktober soll die Strecke wieder freigegeben werden.<\/p>\n<p>    Ohlsdorf: Bahnsteig wird erneuert, Br\u00fccke neu gebaut<\/p>\n<p class=\"\">Seit Jahren plant die Hamburger Hochbahn das Gro\u00dfprojekt &#8222;Ohlsdorf 2026&#8220;. Dabei geht es um die vollst\u00e4ndige Erneuerung des mehr als 100 Jahre alten Bahnsteigs an der Haltestelle Ohlsdorf und den Neubau der unmittelbar angrenzenden Br\u00fccke \u00fcber die Alsterdorfer Stra\u00dfe. Auch sie ist marode. Gleichzeitig modernisiere man weitere Bauwerke, Technik und Gleise entlang der Strecke, teilt die Hochbahn mit. Insgesamt investiere man 23 Millionen Euro in die Erneuerung.<\/p>\n<p>    Bauarbeiten auch an der Station Sengelmannstra\u00dfe<\/p>\n<p class=\"\">Auch das Projektteam f\u00fcr die neue U-Bahn-Linie 5 nutze die Sperrung, um an der Haltestelle Sengelmannstra\u00dfe Bauma\u00dfnahmen zu erledigen, die nicht erfolgen k\u00f6nnen, solange die U1 dort f\u00e4hrt. Dort werde der bahnsteiggleiche Umstieg zwischen der U1 und der U5 vorbereitet.<\/p>\n<p>    U1: Sperrung zwischen Fuhlsb\u00fcttel Nord und Lattenkamp<\/p>\n<p class=\"\">Ab Montag, 13. Juli, bis Mittwoch, 14. Oktober (Betriebsende), wird f\u00fcr die Bauarbeiten der Betrieb zwischen den Haltestellen Lattenkamp und Fuhlsb\u00fcttel Nord eingestellt. Dort fahren dann Ersatzbusse. Zum einen verkehren sie ohne Halt zwischen Langenhorn Markt und Lattenkamp, zum anderen gibt es Busse, die alle betroffenen Haltestellen entlang der gesperrten Strecke bedienen &#8211; das sind die Halstellen Fuhlsb\u00fcttel, Klein Borstel, Ohlsdorf, Sengelmannstra\u00dfe und Alsterdorf. Die Fahrzeit kann sich laut Hochbahn je nach Verkehrslage um bis zu 20 Minuten verl\u00e4ngern.<\/p>\n<p>    S-Bahn nicht betroffen &#8211; Verkehr zum Airport l\u00e4uft weiter<\/p>\n<p class=\"\">Die S-Bahn in Ohlsdorf ist von den Bauarbeiten nicht betroffen und steht weiterhin zur Verf\u00fcgung. Auch die Anbindung des Hamburg Airport bleibt w\u00e4hrend der gesamten Bauzeit bestehen.<\/p>\n<p>        <img decoding=\"async\" src=\"https:\/\/www.europesays.com\/de\/wp-content\/uploads\/2026\/06\/harburg-128.webp\" alt=\"Stahltr\u00e4ger f\u00fcr Harburgs neuen ZOB werden aufgestellt.\" title=\"Stahltr\u00e4ger f\u00fcr Harburgs neuen ZOB werden aufgestellt. | Hamburger Hochbahn AG\" class=\"responsive\" loading=\"lazy\"\/><\/p>\n<p>Seit eineinhalb Jahren baut die Hamburger Hochbahn bereits an dem ZOB. Die neue Anlage soll gut 24 Millionen Euro kosten.<\/p>\n<p>        <img decoding=\"async\" src=\"https:\/\/www.europesays.com\/de\/wp-content\/uploads\/2026\/06\/barmbek-132.webp\" alt=\"Blick auf den Bahnsteig der U-Bahnstation Barmbek.\" title=\"Blick auf den Bahnsteig der U-Bahnstation Barmbek. | picture alliance\/dpa | Marcus Brandt\" class=\"responsive\" loading=\"lazy\"\/><\/p>\n<p>Grund sind Bauarbeiten zwischen den Haltestellen Barmbek und Wandsbek-Gartenstadt im kommenden Jahr.  <\/p>\n<p>        <img decoding=\"async\" src=\"https:\/\/www.europesays.com\/de\/wp-content\/uploads\/2026\/05\/hochbahnhamburg117.webp\" alt=\"Blick auf die Strecke zwischen Landungsbr\u00fccken und Baumwall im Juni 1912\" title=\"Blick auf die Strecke zwischen Landungsbr\u00fccken und Baumwall im Juni 1912 | Hochbahn Hamburg\" class=\"responsive\" loading=\"lazy\"\/><\/p>\n<p>1912 er\u00f6ffnet in Hamburg die erste U-Bahnlinie, damals noch als Ringlinie. Buchst\u00e4blich z\u00fcgig nimmt eine Erfolgsgeschichte ihren Lauf.<\/p>\n","protected":false},"excerpt":{"rendered":"Stand: 12.07.2026 10:24 Uhr Fahrg\u00e4ste der Hamburger U-Bahn-Linie 1 m\u00fcssen ab Montag zwischen den Stationen Lattenkamp und Fuhlsb\u00fcttel&hellip;\n","protected":false},"author":2,"featured_media":1160944,"comment_status":"","ping_status":"","sticky":false,"template":"","format":"standard","meta":{"footnotes":"","_share_on_mastodon":"0"},"categories":[1826],"tags":[33073,7385,29,30,692,35929,10341,14264,27633,2788,75224],"class_list":["post-1160943","post","type-post","status-publish","format-standard","has-post-thumbnail","category-hamburg","tag-barmbek","tag-bruecken","tag-deutschland","tag-germany","tag-hamburg","tag-hochbahn","tag-hvv","tag-mundsburg","tag-oeffentlicher-nahverkehr","tag-u-bahn","tag-u3"],"share_on_mastodon":{"url":"https:\/\/pubeurope.com\/@de\/116906319748967644","error":""},"_links":{"self":[{"href":"https:\/\/www.europesays.com\/de\/wp-json\/wp\/v2\/posts\/1160943","targetHints":{"allow":["GET"]}}],"collection":[{"href":"https:\/\/www.europesays.com\/de\/wp-json\/wp\/v2\/posts"}],"about":[{"href":"https:\/\/www.europesays.com\/de\/wp-json\/wp\/v2\/types\/post"}],"author":[{"embeddable":true,"href":"https:\/\/www.europesays.com\/de\/wp-json\/wp\/v2\/users\/2"}],"replies":[{"embeddable":true,"href":"https:\/\/www.europesays.com\/de\/wp-json\/wp\/v2\/comments?post=1160943"}],"version-history":[{"count":0,"href":"https:\/\/www.europesays.com\/de\/wp-json\/wp\/v2\/posts\/1160943\/revisions"}],"wp:featuredmedia":[{"embeddable":true,"href":"https:\/\/www.europesays.com\/de\/wp-json\/wp\/v2\/media\/1160944"}],"wp:attachment":[{"href":"https:\/\/www.europesays.com\/de\/wp-json\/wp\/v2\/media?parent=1160943"}],"wp:term":[{"taxonomy":"category","embeddable":true,"href":"https:\/\/www.europesays.com\/de\/wp-json\/wp\/v2\/categories?post=1160943"},{"taxonomy":"post_tag","embeddable":true,"href":"https:\/\/www.europesays.com\/de\/wp-json\/wp\/v2\/tags?post=1160943"}],"curies":[{"name":"wp","href":"https:\/\/api.w.org\/{rel}","templated":true}]}}