{"id":1161080,"date":"2026-07-12T10:50:19","date_gmt":"2026-07-12T10:50:19","guid":{"rendered":"https:\/\/www.europesays.com\/de\/1161080\/"},"modified":"2026-07-12T10:50:19","modified_gmt":"2026-07-12T10:50:19","slug":"eintracht-frankfurt-markus-kroesche-erklaert-sich-zu-immobiliengeschaeften","status":"publish","type":"post","link":"https:\/\/www.europesays.com\/de\/1161080\/","title":{"rendered":"Eintracht Frankfurt: Markus Kr\u00f6sche erkl\u00e4rt sich zu Immobiliengesch\u00e4ften"},"content":{"rendered":"<p>Eintracht Frankfurt <\/p>\n<p>Bericht: Kr\u00f6sche muss sich wegen privater Gesch\u00e4fte erkl\u00e4ren<\/p>\n<p>12.07.2026 &#8211; 12:26 UhrLesedauer: 1 Min.<\/p>\n<p><a href=\"#focus-0\" class=\"transition-colors block text-current relative\" data-sctrack=\"FocusGalleryImage.Reference\"><img fetchpriority=\"high\" data-testid=\"Opener.Image\"   loading=\"eager\" src=\"https:\/\/www.europesays.com\/de\/wp-content\/uploads\/2026\/07\/1783853418_492_image.jpg\" alt=\"imago images 1078107016\" title=\"imago images 1078107016\" width=\"5000\" height=\"2812\" class=\"bg-[url:var(--lqipURL)] bg-cover bg-center flex h-full w-full max-w-full\" style=\"--lqipURL:url('https:\/\/images.t-online.de\/2026\/07\/RP8NAw1TZ8pK\/0x181:5000x2812\/fit-in\/150x0\/filters:blur(25)\/image.jpg')\" decoding=\"async\"\/><img loading=\"lazy\" src=\"https:\/\/frankfurt.t-online.de\/s\/paper\/_next\/static\/media\/zoom-in.f7dae02f.svg\" alt=\"Vergr\u00f6\u00dfern des Bildes\" title=\"Vergr\u00f6\u00dfern des Bildes\" class=\"block h-[calc(var(--height)_\/_16_*_1rem)] w-[calc(var(--width)_\/_16_*_1rem)] max-w-none absolute right-8 bottom-8 rounded-4 bg-snow p-8\" style=\"--width:32;--height:32\" decoding=\"async\"\/><\/a><\/p>\n<p>Markus Kr\u00f6sche (Archivbild): Der Eintracht-Sportvorstand muss sich erkl\u00e4ren. (Quelle: IMAGO\/Florian Ulrich)<\/p>\n<p><img loading=\"lazy\" src=\"https:\/\/frankfurt.t-online.de\/s\/paper\/_next\/static\/media\/audio-volume.6689034c.svg\" alt=\"\" title=\"\" class=\"block h-[calc(var(--height)_\/_16_*_1rem)] w-[calc(var(--width)_\/_16_*_1rem)] max-w-none group-hover:brightness-0 group-hover:invert\" style=\"--width:16;--height:16\" decoding=\"async\"\/>Vorlesen<\/p>\n<p>Aktuelle Zeit:0:00Gesamtdauer:0:00<\/p>\n<p>1x<\/p>\n<p class=\"text-center\">Jetzt neu bei t-online:<\/p>\n<p class=\"text-center\">Schriftgr\u00f6\u00dfe anpassen!<\/p>\n<p><img loading=\"lazy\" src=\"https:\/\/frankfurt.t-online.de\/s\/paper\/_next\/static\/media\/font-sizes.32942e33.svg\" alt=\"\" title=\"\" class=\"block h-[calc(var(--height)_\/_16_*_1rem)] w-[calc(var(--width)_\/_16_*_1rem)] max-w-none group-hover:hidden group-aria-expanded:hidden\" style=\"--width:16;--height:16\" decoding=\"async\"\/><img loading=\"lazy\" src=\"https:\/\/frankfurt.t-online.de\/s\/paper\/_next\/static\/media\/font-sizes-dark-mode.e382645c.svg\" alt=\"\" title=\"\" class=\"block h-[calc(var(--height)_\/_16_*_1rem)] w-[calc(var(--width)_\/_16_*_1rem)] max-w-none hidden group-hover:block group-aria-expanded:block\" style=\"--width:16;--height:16\" decoding=\"async\"\/><img loading=\"lazy\" src=\"https:\/\/frankfurt.t-online.de\/s\/paper\/_next\/static\/media\/sharing-menu-icon.1eb71368.svg\" alt=\"\" title=\"\" class=\"block h-[calc(var(--height)_\/_16_*_1rem)] w-[calc(var(--width)_\/_16_*_1rem)] max-w-none group-hover:brightness-0 group-hover:invert\" style=\"--width:16;--height:16\" decoding=\"async\"\/>Artikel teilen<\/p>\n<p class=\"font-bold text-18 leading-17 user-text-lg:text-22 user-text-xl:text-24\">Nach einem &#8222;Bild&#8220;-Bericht \u00fcber private Immobiliengesch\u00e4fte in Kroatien muss sich Markus Kr\u00f6sche erkl\u00e4ren. Eintracht Frankfurt verteidigt den Sportvorstand.<\/p>\n<p class=\"text-18 leading-17 user-text-lg:text-22 user-text-xl:text-24\"><a href=\"https:\/\/frankfurt.t-online.de\/region\/frankfurt-am-main\/id_101336876\/ex-eintracht-frankfurt-coach-albert-riera-attackiert-axel-hellmann.html\" class=\"transition-colors cursor-pointer no-underline md:hover:text-magenta md:focus:text-magenta border-b border-solid border-current text-salemsfur md:hover:border-magenta\" data-tracking=\"{&quot;action&quot;:&quot;click&quot;,&quot;category&quot;:&quot;intextLink&quot;,&quot;label&quot;:&quot;\/region\/frankfurt-am-main\/id_101336876\/ex-eintracht-frankfurt-coach-albert-riera-attackiert-axel-hellmann.html&quot;}\" data-sctrack=\"BodyAnchor\" rel=\"nofollow noopener\" target=\"_blank\">Ein Bericht \u00fcber private Immobiliengesch\u00e4fte von Markus Kr\u00f6sche<\/a> hat bei <a href=\"https:\/\/www.t-online.de\/themen\/eintracht-frankfurt\/\" class=\"transition-colors cursor-pointer no-underline md:hover:text-magenta md:focus:text-magenta border-b border-solid border-current text-salemsfur md:hover:border-magenta\" data-tracking=\"{&quot;action&quot;:&quot;click&quot;,&quot;category&quot;:&quot;intextLink&quot;,&quot;label&quot;:&quot;https:\/\/www.t-online.de\/themen\/eintracht-frankfurt\/&quot;}\" data-sctrack=\"BodyAnchor\" rel=\"nofollow noopener\" target=\"_blank\">Eintracht Frankfurt<\/a> Fragen ausgel\u00f6st. Nach Recherchen der &#8222;Bild&#8220; soll der Sportvorstand ein Grundst\u00fcck in Kroatien erworben haben.<\/p>\n<p class=\"text-18 leading-17 user-text-lg:text-22 user-text-xl:text-24\">Demnach kaufte Kr\u00f6sche das Grundst\u00fcck auf der Insel Dugi Otok mithilfe von Lana Banely. Sie ist die Ehefrau des Spielerberaters Andy Bara. Der Kaufvertrag soll mit einem weiteren Grundst\u00fccksgesch\u00e4ft Banelys verkn\u00fcpft gewesen sein. Laut dem Bericht wickelten beide Seiten die K\u00e4ufe am selben Tag ab.<\/p>\n<p class=\"text-18 leading-17 user-text-lg:text-22 user-text-xl:text-24\">Die &#8222;Bild&#8220; sieht darin einen m\u00f6glichen Interessenkonflikt. Bara ber\u00e4t mehrere Profis, die zur Eintracht wechselten. Dazu geh\u00f6ren J\u00e9r\u00f4me Ongu\u00e9n\u00e9, Hrvoje Smolcic und Kristijan Jakic.<\/p>\n<p>Eintracht und Anwalt weisen Vorw\u00fcrfe zur\u00fcck<\/p>\n<p class=\"text-18 leading-17 user-text-lg:text-22 user-text-xl:text-24\">Kr\u00f6sche soll den Aufsichtsrat vorab nicht \u00fcber den Grundst\u00fcckserwerb informiert haben. Im Zuge der Recherche forderte der Verein den 44-J\u00e4hrigen auf, den Vorgang zu erkl\u00e4ren.<\/p>\n<p class=\"text-18 leading-17 user-text-lg:text-22 user-text-xl:text-24\">Nach Angaben der Eintracht hat Kr\u00f6sche den Sachverhalt gegen\u00fcber dem Kontrollgremium erl\u00e4utert. Der Verein teilte mit, Kr\u00f6sche genie\u00dfe weiterhin das Vertrauen des Aufsichtsrats. Einen Interessenkonflikt k\u00f6nne das Gremium derzeit nicht erkennen.<\/p>\n<p class=\"text-18 leading-17 user-text-lg:text-22 user-text-xl:text-24\">Auch Kr\u00f6sches Anwalt wies einen Zusammenhang mit Spielerwechseln zur\u00fcck. Der Erwerb der Immobilie auf Dugi Otok habe in keinem Zusammenhang mit Transfers gestanden.<\/p>\n<p class=\"text-18 leading-17 user-text-lg:text-22 user-text-xl:text-24\">Kr\u00f6sche arbeitet seit 2021 als Sportvorstand von Eintracht Frankfurt. In seine Amtszeit fallen unter anderem hohe Transfererl\u00f6se durch Spieler wie Kolo Muani, Omar Marmoush und Hugo Ekitik\u00e9 und die Qualifikation f\u00fcr die Champions League.<\/p>\n","protected":false},"excerpt":{"rendered":"Eintracht Frankfurt Bericht: Kr\u00f6sche muss sich wegen privater Gesch\u00e4fte erkl\u00e4ren 12.07.2026 &#8211; 12:26 UhrLesedauer: 1 Min. Markus Kr\u00f6sche&hellip;\n","protected":false},"author":2,"featured_media":1161081,"comment_status":"","ping_status":"","sticky":false,"template":"","format":"standard","meta":{"footnotes":"","_share_on_mastodon":"0"},"categories":[1829],"tags":[722,243477,29,460,2050,2051,30,2052,243476,3844,98979],"class_list":["post-1161080","post","type-post","status-publish","format-standard","has-post-thumbnail","category-frankfurt-am-main","tag-722","tag-andy-bara","tag-deutschland","tag-eintracht-frankfurt","tag-frankfurt","tag-frankfurt-am-main","tag-germany","tag-hessen","tag-immobiliengeschaeft","tag-kroatien","tag-markus-kroesche"],"share_on_mastodon":{"url":"https:\/\/pubeurope.com\/@de\/116906626638965417","error":""},"_links":{"self":[{"href":"https:\/\/www.europesays.com\/de\/wp-json\/wp\/v2\/posts\/1161080","targetHints":{"allow":["GET"]}}],"collection":[{"href":"https:\/\/www.europesays.com\/de\/wp-json\/wp\/v2\/posts"}],"about":[{"href":"https:\/\/www.europesays.com\/de\/wp-json\/wp\/v2\/types\/post"}],"author":[{"embeddable":true,"href":"https:\/\/www.europesays.com\/de\/wp-json\/wp\/v2\/users\/2"}],"replies":[{"embeddable":true,"href":"https:\/\/www.europesays.com\/de\/wp-json\/wp\/v2\/comments?post=1161080"}],"version-history":[{"count":0,"href":"https:\/\/www.europesays.com\/de\/wp-json\/wp\/v2\/posts\/1161080\/revisions"}],"wp:featuredmedia":[{"embeddable":true,"href":"https:\/\/www.europesays.com\/de\/wp-json\/wp\/v2\/media\/1161081"}],"wp:attachment":[{"href":"https:\/\/www.europesays.com\/de\/wp-json\/wp\/v2\/media?parent=1161080"}],"wp:term":[{"taxonomy":"category","embeddable":true,"href":"https:\/\/www.europesays.com\/de\/wp-json\/wp\/v2\/categories?post=1161080"},{"taxonomy":"post_tag","embeddable":true,"href":"https:\/\/www.europesays.com\/de\/wp-json\/wp\/v2\/tags?post=1161080"}],"curies":[{"name":"wp","href":"https:\/\/api.w.org\/{rel}","templated":true}]}}