{"id":1161086,"date":"2026-07-12T10:53:15","date_gmt":"2026-07-12T10:53:15","guid":{"rendered":"https:\/\/www.europesays.com\/de\/1161086\/"},"modified":"2026-07-12T10:53:15","modified_gmt":"2026-07-12T10:53:15","slug":"taufkirchen-sohn-bedroht-mutter-mit-messer-und-loest-grosseinsatz-aus","status":"publish","type":"post","link":"https:\/\/www.europesays.com\/de\/1161086\/","title":{"rendered":"Taufkirchen: Sohn bedroht Mutter mit Messer und l\u00f6st Gro\u00dfeinsatz aus"},"content":{"rendered":"<p class=\"mb-6 text-xs-varying md:text-m lg:text-l font-serif group-[.font-sans]:font-sans \">\n    Gr\u00f6\u00dferer Polizeieinsatz am Freitag, 10. Juli: Eine Frau aus Taufkirchen hat die Polizei gerufen, weil ihr eigener Sohn <a href=\"https:\/\/www.augsburger-allgemeine.de\/aichach\/messerattacke-nach-streit-um-katze-in-aichach-lange-haftstrafe-fuer-angeklagten-114715202\" target=\"_self\" class=\"underline \" rel=\"nofollow noopener\">sie mit einem Messer bedrohte.<\/a> Das berichtete das Polizeipr\u00e4sidium M\u00fcnchen. Demnach sei der Sohn der Frau psychisch auff\u00e4llig gewesen. W\u00e4hrend des Vorfalls war der junge Mann zudem stark alkoholisiert, so die Polizei. Der Vorfall l\u00f6ste einen gr\u00f6\u00dferen Polizeieinsatz aus, <a href=\"https:\/\/www.augsburger-allgemeine.de\/panorama\/berlin-mann-haelt-seit-freitagabend-frau-in-berliner-supermarkt-als-geisel-114720260\" target=\"_self\" class=\"underline \" rel=\"nofollow noopener\">an dem auch ein Spezialkommando beteiligt war.<\/a>\n  <\/p>\n<p>            Taufkirchen: Sohn bedroht Mutter mit K\u00fcchenmesser<\/p>\n<p class=\"mb-6 text-xs-varying md:text-m lg:text-l font-serif group-[.font-sans]:font-sans \">\n    Wie die Polizei berichtete, habe sich der Vorfall am Freitagabend gegen 23.30 Uhr ereignet. Demnach habe eine 40 Jahre alte Frau den Notruf gew\u00e4hlt, weil sie von ihrem Sohn mit einem K\u00fcchenmesser bedroht wurde. Der junge Mann sei Anfang 20.\n  <\/p>\n<p class=\"mb-6 text-xs-varying md:text-m lg:text-l font-serif group-[.font-sans]:font-sans \">\n    Demnach sei die Mutter in ein Zimmer gefl\u00fcchtet. Dort habe sie sich eingesperrt. Die 40-j\u00e4hrige Frau habe die Polizei dar\u00fcber informiert, dass sich ihr Sohn psychisch auff\u00e4llig verhalten habe. Laut Angaben der Polizei wohnen Mutter und Sohn gemeinsam in der Wohnung.\n  <\/p>\n<p>      <a href=\"https:\/\/www.augsburger-allgemeine.de\/augsburg\/tragischer-suizidversuch-in-der-ulmer-strasse-in-augsburg-besart-und-aleksi-retteten-ein-baby-114628732\" class=\"hidden  &#010;                md:block md:mr-5 md:min-w-[140px]  aspect-photo md:aspect-tv lg:aspect-tv w-fullXXX relative self-start inline overflow-hidden\" rel=\"nofollow noopener\" target=\"_blank\"><\/p>\n<p>    <img decoding=\"async\" src=\"\" alt=\"Besart (links) und Aleksi schritten bei dem tragischen Suizidversuch in der Ulmer Stra\u00dfe in Oberhausen beherzt ein. Der 23- und der 16-J\u00e4hrige retteten das Baby von dem Hausdach.\" title=\"Besart (links) und Aleksi schritten bei dem tragischen Suizidversuch in der Ulmer Stra\u00dfe in Oberhausen beherzt ein. Der 23- und der 16-J\u00e4hrige retteten das Baby von dem Hausdach.\" loading=\"lazy\" class=\"h-full w-full object-cover\"\/><br \/>\n   <\/a><\/p>\n<p>            Bedrohung l\u00f6st gr\u00f6\u00dferen Polizeieinsatz aus<\/p>\n<p class=\"mb-6 text-xs-varying md:text-m lg:text-l font-serif group-[.font-sans]:font-sans \">\n    Wegen des Notrufs \u201ewurde ein gr\u00f6\u00dferer Polizeieinsatz aufgebaut\u201c, hie\u00df es seitens der Polizei. Demnach r\u00fcckten die Beamten mit mehreren Kommandoeinheiten zur Wohnung der beiden Beteiligten aus. Neben dem Unterst\u00fctzungskommando sei auch das Spezialeinsatzkommando Teil des Einsatzes gewesen.\n  <\/p>\n<p class=\"mb-6 text-xs-varying md:text-m lg:text-l font-serif group-[.font-sans]:font-sans \">\n    Wie die Polizei mitteilte, blieben die Beamten den gesamten Einsatz \u00fcber per Telefon in Kontakt mit der 40-J\u00e4hrigen. Sowohl der Sohn als auch die Mutter seien von den Einsatzkr\u00e4ften gesichert worden. Demnach seien beide unverletzt geblieben, eine Gefahr f\u00fcr Au\u00dfenstehende habe es nicht gegeben.\n  <\/p>\n<p>      <a href=\"https:\/\/www.augsburger-allgemeine.de\/bayern\/toedlicher-unfall-auf-mittlerem-ring-in-muenchen-114720794\" class=\"hidden  &#010;                md:block md:mr-5 md:min-w-[140px]  aspect-photo md:aspect-tv lg:aspect-tv w-fullXXX relative self-start inline overflow-hidden\" rel=\"nofollow noopener\" target=\"_blank\"><\/p>\n<p>    <img decoding=\"async\" src=\"\" alt=\"Der Unfall passierte auf dem Mittleren Ring.\" title=\"Der Unfall passierte auf dem Mittleren Ring.\" loading=\"lazy\" class=\"h-full w-full object-cover\"\/><br \/>\n   <\/a><\/p>\n<p class=\"mb-6 text-xs-varying md:text-m lg:text-l font-serif group-[.font-sans]:font-sans \">\n    Die Einsatzkr\u00e4fte h\u00e4tten festgestellt, <a href=\"https:\/\/www.augsburger-allgemeine.de\/augsburg-land\/unfall-gersthofen-aktuell-gestern-betrunkener-hat-2-promille-1-114675794\" target=\"_self\" class=\"underline \" rel=\"nofollow noopener\">dass der Sohn der 40-J\u00e4hrigen stark alkoholisiert gewesen sei.<\/a> Zun\u00e4chst habe der Rettungsdienst den jungen Mann versorgt. Anschlie\u00dfend h\u00e4tten ihn die Einsatzkr\u00e4fte in einer psychiatrischen Klinik untergebracht. Aktuell ermittelt die Kriminalpolizei in dem Fall.\n  <\/p>\n","protected":false},"excerpt":{"rendered":"Gr\u00f6\u00dferer Polizeieinsatz am Freitag, 10. Juli: Eine Frau aus Taufkirchen hat die Polizei gerufen, weil ihr eigener Sohn&hellip;\n","protected":false},"author":2,"featured_media":1161087,"comment_status":"","ping_status":"","sticky":false,"template":"","format":"standard","meta":{"footnotes":"","_share_on_mastodon":"0"},"categories":[1827],"tags":[772,29,30,983,1268,121,4908,12943,42298],"class_list":["post-1161086","post","type-post","status-publish","format-standard","has-post-thumbnail","category-muenchen","tag-bayern","tag-deutschland","tag-germany","tag-kripo","tag-muenchen","tag-polizei","tag-polizeieinsatz","tag-polizeipraesidium-muenchen","tag-taufkirchen"],"share_on_mastodon":{"url":"https:\/\/pubeurope.com\/@de\/116906636529082432","error":""},"_links":{"self":[{"href":"https:\/\/www.europesays.com\/de\/wp-json\/wp\/v2\/posts\/1161086","targetHints":{"allow":["GET"]}}],"collection":[{"href":"https:\/\/www.europesays.com\/de\/wp-json\/wp\/v2\/posts"}],"about":[{"href":"https:\/\/www.europesays.com\/de\/wp-json\/wp\/v2\/types\/post"}],"author":[{"embeddable":true,"href":"https:\/\/www.europesays.com\/de\/wp-json\/wp\/v2\/users\/2"}],"replies":[{"embeddable":true,"href":"https:\/\/www.europesays.com\/de\/wp-json\/wp\/v2\/comments?post=1161086"}],"version-history":[{"count":0,"href":"https:\/\/www.europesays.com\/de\/wp-json\/wp\/v2\/posts\/1161086\/revisions"}],"wp:featuredmedia":[{"embeddable":true,"href":"https:\/\/www.europesays.com\/de\/wp-json\/wp\/v2\/media\/1161087"}],"wp:attachment":[{"href":"https:\/\/www.europesays.com\/de\/wp-json\/wp\/v2\/media?parent=1161086"}],"wp:term":[{"taxonomy":"category","embeddable":true,"href":"https:\/\/www.europesays.com\/de\/wp-json\/wp\/v2\/categories?post=1161086"},{"taxonomy":"post_tag","embeddable":true,"href":"https:\/\/www.europesays.com\/de\/wp-json\/wp\/v2\/tags?post=1161086"}],"curies":[{"name":"wp","href":"https:\/\/api.w.org\/{rel}","templated":true}]}}