{"id":1161156,"date":"2026-07-12T11:35:21","date_gmt":"2026-07-12T11:35:21","guid":{"rendered":"https:\/\/www.europesays.com\/de\/1161156\/"},"modified":"2026-07-12T11:35:21","modified_gmt":"2026-07-12T11:35:21","slug":"bielefeld-feiert-nachhaltigkeit-fairstival-begeistert-mit-kultur-yoga-und-streetfood","status":"publish","type":"post","link":"https:\/\/www.europesays.com\/de\/1161156\/","title":{"rendered":"Bielefeld feiert Nachhaltigkeit: \u201eFairstival\u201c begeistert mit Kultur, Yoga und Streetfood"},"content":{"rendered":"<p id=\"absatz1\" class=\"em_text\">Bielefeld. Im Ravensberger Park fand erneut das \u201eFairstival\u201c statt. Im Mittelpunkt stand dabei die Nachhaltigkeit sowie Aufkl\u00e4rung \u00fcber soziale Gerechtigkeit. Neben Henna-Tattoos, Essen und Drinks konnten Besucher Workshops, wie einen Yoga-Kurs, f\u00fcr sich entdecken.<\/p>\n<p id=\"absatz2\" class=\"em_text\">Bis 1 Uhr in der Nacht feierten die Besucher des Ein-Tages-Festivals im Ravensberger Park zu Hip-Hop, Reggae und Elektromusik. Am DJ-Pult legten daf\u00fcr ausgew\u00e4hlte K\u00fcnstler aus Westfalen und der Welt auf. Bei guter Musik und bestem Wetter boten verschiedene St\u00e4nde handgemachte Produkte an.<\/p>\n<p id=\"absatz3\" class=\"em_text\">Mit dabei: die \u201eWandel-Ecke\u201c. Das kleine Gesch\u00e4ft an der Neust\u00e4dter Stra\u00dfe in der Altstadt verkauft recycelte Kunst unter dem Motto \u201eKunstst\u00fccke aus Fundst\u00fccken\u201c. Hier findet man Schl\u00fcsselanh\u00e4nger, Deko, Kleidung und vieles mehr. \u201eUnsere Produkte sind selbst gemacht und eignen sich als Geschenk oder Mitbringsel\u201c, sagte die Standbetreiberin.<\/p>\n<p id=\"absatz4\"><b class=\"bold\">Auch interessant: <\/b><a href=\"https:\/\/www.nw.de\/lokal\/bielefeld\/mitte\/24363443_Kreative-Workshops-bei-jungen-Bielefeldern-beliebt-wir-geben-Tipps.html\" rel=\"nofollow noopener\" target=\"_blank\">Kreative Workshops bei jungen Bielefeldern beliebt \u2013 wir geben Tipps<\/a><\/p>\n<p>\n        \u00d7\n    <\/p>\n<p>\n            Sie erhalten in wenigen Minuten eine E-Mail zur Best\u00e4tigung Ihrer Anmeldung.\n        <\/p>\n<p>Erst danach ist diese abgeschlossen.<\/p>\n<p>Bitte pr\u00fcfen Sie auch den Spam-Ordner.<\/p>\n<p>\n        \u00d7\n    <\/p>\n<p>\n            Sie haben bisher Ihre E-Mail-Adresse noch nicht best\u00e4tigt.\n        <\/p>\n<p>Erst danach ist diese abgeschlossen.<\/p>\n<p>Bitte pr\u00fcfen Sie auch den Spam-Ordner.<\/p>\n<p>\n        \u00d7\n    <\/p>\n<p>\n            Es ist einen Fehler aufgetreten\n        <\/p>\n<p>Bei Fragen hilft unser Newsletter-Support<\/p>\n<p> Newsletter<\/p>\n<p> Aus Bielefeld<\/p>\n<p>W\u00f6chentliche News direkt aus der Redaktion Bielefeld.<\/p>\n<p>                Jetzt anmelden<\/p>\n<p>Mit Yoga und Kosmetik-Workshops<\/p>\n<p>        <a href=\"https:\/\/www.nw.de\/_em_daten\/_cache\/image\/1xZTdoMEtDQUZpakNaTDRid1JqMHpSclErdWl5WUJlM094eEozOEtlNkpUcGt0WC90NStKMjJvSitaTXlpNW8vTzkzQXZjZTV6VkZFSmxJU3g4aUY3TGc9PQ\/260712-1313-914148599.jpg\" class=\"nw-article-image\" title=\"Atiya, vom \u0084NoreenEthnicCrafts\u0093-Stand, malt ein Henna-Tattoo auf die Hand.\" data-glightbox=\"type: image; description: Atiya, vom \u0084NoreenEthnicCrafts\u0093-Stand, malt ein Henna-Tattoo auf die Hand.  | \u00a9 Barbara Franke \" rel=\"nofollow noopener\" target=\"_blank\"><br \/>\n            <img decoding=\"async\" src=\"https:\/\/www.europesays.com\/de\/wp-content\/uploads\/2026\/07\/260712-1313-914148599.jpg\" class=\"nw-img-fluid nw-w-full nw-lazy nw-rounded-t-md\" alt=\"Atiya, vom \u0084NoreenEthnicCrafts\u0093-Stand, malt ein Henna-Tattoo auf die Hand. - \u00a9 Barbara Franke\" data-format=\"16:9\"\/><br \/>\n        <\/a><\/p>\n<p>                Atiya, vom \u0084NoreenEthnicCrafts\u0093-Stand, malt ein Henna-Tattoo auf die Hand.<br \/>\n                                    | \u00a9 Barbara Franke<\/p>\n<p id=\"absatz6\" class=\"em_text\">Mit Henna-Farbe konnten sich G\u00e4ste auch Tattoos auf die Hand malen lassen. Die Bemalung h\u00e4lt etwa ein bis zwei Wochen. Atiya leitet seit einigen Jahren ihren Stand \u201eNoreenEthnicCrafts\u201c. \u201eDie Henna-Bemalung habe ich mir selber beigebracht\u201c, sagte sie. Mit ihrem Partner verkauft sie unter anderem Musikinstrumente und Kleidung. Sie verr\u00e4t: \u201eF\u00fcr eine Trommel braucht er etwa anderthalb Wochen, um sie herzustellen.\u201c<\/p>\n<p id=\"absatz7\" class=\"em_text\">\u201eDie Kleidung designe ich selbst\u201c, f\u00fcgt Atiya hinzu. Zus\u00e4tzlich bietet das Paar bunte Taschen aus Marokko sowie Schmuck aus Indien an. Mit ihrem Stand sind die beiden auch beim kommenden Sparrenburgfest vertreten.<\/p>\n<p id=\"absatz8\"><b class=\"bold\">Mehr Informationen: <\/b><a href=\"https:\/\/www.nw.de\/lokal\/bielefeld\/mitte\/24360035_Neues-Attraktion-beim-Bielefelder-Sparrenburgfest-2026-Die-Piraten-kommen.htm\" rel=\"nofollow noopener\" target=\"_blank\">Neue Attraktion beim Bielefelder Sparrenburgfest 2026: Die Piraten kommen!<\/a><\/p>\n<p>        <a href=\"https:\/\/www.nw.de\/_em_daten\/_cache\/image\/1xRDhlVms3Mk03Y3o2VzVYUUVVNzVjZGxMYXJjSUFpaGdYKzJ3SHJ5VDRGSmJMQW5POWNDUlpsOXdnTi9FQ2N5Ym1sYkJCdlhkeUpDckx5cTNpMnVuUjBsNnQxUUdraWxKWkJYaCtXTGY1V289\/260712-1313-914148552.jpg\" class=\"nw-article-image\" title=\"Djane L&#039;aurora legte Reggae-Musik auf.\" data-glightbox=\"type: image; description: Djane L&#039;aurora legte Reggae-Musik auf.  | \u00a9 Barbara Franke \" rel=\"nofollow noopener\" target=\"_blank\"><br \/>\n            <img decoding=\"async\" src=\"https:\/\/www.europesays.com\/de\/wp-content\/uploads\/2026\/07\/260712-1313-914148552.jpg\" class=\"nw-img-fluid nw-w-full nw-lazy nw-rounded-t-md\" alt=\"Djane L'aurora legte Reggae-Musik auf. - \u00a9 Barbara Franke\" data-format=\"16:9\"\/><br \/>\n        <\/a><\/p>\n<p>                Djane L&#8217;aurora legte Reggae-Musik auf.<br \/>\n                                    | \u00a9 Barbara Franke<\/p>\n<p id=\"absatz9\" class=\"em_text\">Auch in der Ravensberger Spinnerei fanden zahlreiche Workshops statt. F\u00fcr Entspannung sorgten dabei die beiden Yoga-Kurse am Nachmittag und Abend. Au\u00dferdem konnten Besucher eigene Naturkosmetik herstellen und sich \u00fcber Fast Fashion sowie soziale Gerechtigkeit austauschen.<\/p>\n<p id=\"absatz10\" class=\"em_text\">F\u00fcr die kleinen G\u00e4ste stand eine Spielecke bereit und der gro\u00dfe aber auch kleine Hunger konnte mit einer Auswahl an Wraps, Bowls, Burgern oder Popcorn sowie Maiskolben bereits ab einem Euro gestillt werden. Zum Probieren bereitete das internationale Begegnungszentrum Friedenshaus Bielefeld Brotscheiben aus geretteten Lebensmitteln zu, die andernfalls im M\u00fcll gelandet w\u00e4ren.<\/p>\n<p id=\"absatz11\" class=\"em_text\">Das Festival bot Besuchern so nicht nur Unterhaltung, sondern zus\u00e4tzlich zahlreiche Anregungen f\u00fcr einen nachhaltigeren Alltag.<\/p>\n<p>                    <img decoding=\"async\" data-foto-img=\"\" src=\"\" alt=\"\" class=\"foto-lightbox__img nw-block nw-max-w-full nw-object-contain\"\/><\/p>\n","protected":false},"excerpt":{"rendered":"Bielefeld. Im Ravensberger Park fand erneut das \u201eFairstival\u201c statt. Im Mittelpunkt stand dabei die Nachhaltigkeit sowie Aufkl\u00e4rung \u00fcber&hellip;\n","protected":false},"author":2,"featured_media":1161157,"comment_status":"","ping_status":"","sticky":false,"template":"","format":"standard","meta":{"footnotes":"","_share_on_mastodon":"0"},"categories":[1841],"tags":[1605,102818,3364,29,30,11062,198715,736,164252,9312,1613,4507,217721,1209,32881,26099,3356,8404],"class_list":["post-1161156","post","type-post","status-publish","format-standard","has-post-thumbnail","category-bielefeld","tag-bielefeld","tag-cnt_aufmacher","tag-de","tag-deutschland","tag-germany","tag-kosmetik","tag-meta_artikelklasse_nische","tag-meta_copyrights_nw","tag-meta_eo_zusammenfassung","tag-meta_themen_familie_bildung_freizeit","tag-meta_userneeds_informieremich","tag-nachhaltigkeit","tag-neustadter-strasse","tag-nordrhein-westfalen","tag-ravensberger-park","tag-streetfood","tag-tattoo","tag-westfalen"],"share_on_mastodon":{"url":"https:\/\/pubeurope.com\/@de\/116906803109192454","error":""},"_links":{"self":[{"href":"https:\/\/www.europesays.com\/de\/wp-json\/wp\/v2\/posts\/1161156","targetHints":{"allow":["GET"]}}],"collection":[{"href":"https:\/\/www.europesays.com\/de\/wp-json\/wp\/v2\/posts"}],"about":[{"href":"https:\/\/www.europesays.com\/de\/wp-json\/wp\/v2\/types\/post"}],"author":[{"embeddable":true,"href":"https:\/\/www.europesays.com\/de\/wp-json\/wp\/v2\/users\/2"}],"replies":[{"embeddable":true,"href":"https:\/\/www.europesays.com\/de\/wp-json\/wp\/v2\/comments?post=1161156"}],"version-history":[{"count":0,"href":"https:\/\/www.europesays.com\/de\/wp-json\/wp\/v2\/posts\/1161156\/revisions"}],"wp:featuredmedia":[{"embeddable":true,"href":"https:\/\/www.europesays.com\/de\/wp-json\/wp\/v2\/media\/1161157"}],"wp:attachment":[{"href":"https:\/\/www.europesays.com\/de\/wp-json\/wp\/v2\/media?parent=1161156"}],"wp:term":[{"taxonomy":"category","embeddable":true,"href":"https:\/\/www.europesays.com\/de\/wp-json\/wp\/v2\/categories?post=1161156"},{"taxonomy":"post_tag","embeddable":true,"href":"https:\/\/www.europesays.com\/de\/wp-json\/wp\/v2\/tags?post=1161156"}],"curies":[{"name":"wp","href":"https:\/\/api.w.org\/{rel}","templated":true}]}}