{"id":1161220,"date":"2026-07-12T12:14:24","date_gmt":"2026-07-12T12:14:24","guid":{"rendered":"https:\/\/www.europesays.com\/de\/1161220\/"},"modified":"2026-07-12T12:14:24","modified_gmt":"2026-07-12T12:14:24","slug":"gerlingen-radfelge-fliegt-durch-die-luft-und-trifft-auto","status":"publish","type":"post","link":"https:\/\/www.europesays.com\/de\/1161220\/","title":{"rendered":"Gerlingen: Radfelge fliegt durch die Luft und trifft Auto"},"content":{"rendered":"<p>Auf der A 81 bei Gerlingen ist ein Hyundai durch eine Felgenabdeckung eines Lastwagens besch\u00e4digt worden.<\/p>\n<p>Gerlingen. Auf der A 81 bei Gerlingen ist am Samstagnachmittag gegen 16.30 Uhr ein Hyundai besch\u00e4digt worden. Nach Angaben der Polizei \u00fcberfuhr zwischen dem Parkplatz Gerlinger H\u00f6he und der Anschlussstelle Stuttgart-Feuerbach ein silbernes Auto in Richtung Heilbronn eine auf der Fahrbahn liegende Abdeckung einer Lastwagen-Radfelge. Diese wurde in die Luft geschleudert und traf den Hyundai eines 41-J\u00e4hrigen. Der Schaden liegt bei rund 8.000 Euro. Zeugen sollen sich unter Telefon (0711) 686 90, oder per E-Mail an: stuttgart-vaihingen.vpi@polizei.bwl.de, bei der Verkehrspolizei Stuttgart-Vaihingen melden. (red)<\/p>\n","protected":false},"excerpt":{"rendered":"Auf der A 81 bei Gerlingen ist ein Hyundai durch eine Felgenabdeckung eines Lastwagens besch\u00e4digt worden. Gerlingen. Auf&hellip;\n","protected":false},"author":2,"featured_media":1161221,"comment_status":"","ping_status":"","sticky":false,"template":"","format":"standard","meta":{"footnotes":"","_share_on_mastodon":"0"},"categories":[1830],"tags":[128337,1634,1950,3364,29,5780,30,121,1441,1284],"class_list":["post-1161220","post","type-post","status-publish","format-standard","has-post-thumbnail","category-stuttgart","tag-update-me","tag-baden-wuerttemberg","tag-blaulicht","tag-de","tag-deutschland","tag-gerlingen","tag-germany","tag-polizei","tag-stuttgart","tag-unfall"],"share_on_mastodon":{"url":"https:\/\/pubeurope.com\/@de\/116906954967341584","error":""},"_links":{"self":[{"href":"https:\/\/www.europesays.com\/de\/wp-json\/wp\/v2\/posts\/1161220","targetHints":{"allow":["GET"]}}],"collection":[{"href":"https:\/\/www.europesays.com\/de\/wp-json\/wp\/v2\/posts"}],"about":[{"href":"https:\/\/www.europesays.com\/de\/wp-json\/wp\/v2\/types\/post"}],"author":[{"embeddable":true,"href":"https:\/\/www.europesays.com\/de\/wp-json\/wp\/v2\/users\/2"}],"replies":[{"embeddable":true,"href":"https:\/\/www.europesays.com\/de\/wp-json\/wp\/v2\/comments?post=1161220"}],"version-history":[{"count":0,"href":"https:\/\/www.europesays.com\/de\/wp-json\/wp\/v2\/posts\/1161220\/revisions"}],"wp:featuredmedia":[{"embeddable":true,"href":"https:\/\/www.europesays.com\/de\/wp-json\/wp\/v2\/media\/1161221"}],"wp:attachment":[{"href":"https:\/\/www.europesays.com\/de\/wp-json\/wp\/v2\/media?parent=1161220"}],"wp:term":[{"taxonomy":"category","embeddable":true,"href":"https:\/\/www.europesays.com\/de\/wp-json\/wp\/v2\/categories?post=1161220"},{"taxonomy":"post_tag","embeddable":true,"href":"https:\/\/www.europesays.com\/de\/wp-json\/wp\/v2\/tags?post=1161220"}],"curies":[{"name":"wp","href":"https:\/\/api.w.org\/{rel}","templated":true}]}}