{"id":1161335,"date":"2026-07-12T13:28:16","date_gmt":"2026-07-12T13:28:16","guid":{"rendered":"https:\/\/www.europesays.com\/de\/1161335\/"},"modified":"2026-07-12T13:28:16","modified_gmt":"2026-07-12T13:28:16","slug":"ausstellung-in-moers-buerger-zeigen-private-schaetze","status":"publish","type":"post","link":"https:\/\/www.europesays.com\/de\/1161335\/","title":{"rendered":"Ausstellung in Moers: B\u00fcrger zeigen private Sch\u00e4tze"},"content":{"rendered":"<p class=\"text_ohne_einzug richtext text-em-55 !leading-serif mx-6 desktop:mx-0\"> Eine ungew\u00f6hnliche Ausstellung zeigt seit Sonntag der Kunstverein Peschkenhaus unter dem Titel \u201eMoerser Sch\u00e4tze\u201c in seinen R\u00e4umen an der Meerstra\u00dfe 1. Insgesamt 26 Moerser B\u00fcrgerinnen und B\u00fcrger haben daf\u00fcr ganz pers\u00f6nliche Kunst- und Alltagsobjekte zur Verf\u00fcgung gestellt und dazu die jeweils f\u00fcr sie individuellen Werte in kleinen Geschichten beschrieben. Am Freitag stellten der Vorsitzende Helmut Berns und Schriftf\u00fchrerin Beatrix Langenbeck-Schwich das Konzept der Ausstellung vor.<\/p>\n","protected":false},"excerpt":{"rendered":"Eine ungew\u00f6hnliche Ausstellung zeigt seit Sonntag der Kunstverein Peschkenhaus unter dem Titel \u201eMoerser Sch\u00e4tze\u201c in seinen R\u00e4umen an&hellip;\n","protected":false},"author":2,"featured_media":1161336,"comment_status":"","ping_status":"","sticky":false,"template":"","format":"standard","meta":{"footnotes":"","_share_on_mastodon":"0"},"categories":[1838],"tags":[3807,2076,243532,3364,29,3715,30,5213,78831,2075,66476,50721,9742,173114,14117,243530,186504,25500,1209,103865,243531,29273,18432],"class_list":["post-1161335","post","type-post","status-publish","format-standard","has-post-thumbnail","category-duisburg","tag-moers","tag-ausstellung","tag-berns","tag-de","tag-deutschland","tag-duisburg","tag-germany","tag-haus","tag-helmut","tag-kunst","tag-kunstobjekte","tag-kunstschaffende","tag-kunstverein","tag-kunstvereins","tag-kunstwerk","tag-langenbeck","tag-meerstrasse","tag-moerser","tag-nordrhein-westfalen","tag-peschkenhaus","tag-schwich","tag-vereins","tag-zuhause"],"share_on_mastodon":{"url":"https:\/\/pubeurope.com\/@de\/116907246069019892","error":""},"_links":{"self":[{"href":"https:\/\/www.europesays.com\/de\/wp-json\/wp\/v2\/posts\/1161335","targetHints":{"allow":["GET"]}}],"collection":[{"href":"https:\/\/www.europesays.com\/de\/wp-json\/wp\/v2\/posts"}],"about":[{"href":"https:\/\/www.europesays.com\/de\/wp-json\/wp\/v2\/types\/post"}],"author":[{"embeddable":true,"href":"https:\/\/www.europesays.com\/de\/wp-json\/wp\/v2\/users\/2"}],"replies":[{"embeddable":true,"href":"https:\/\/www.europesays.com\/de\/wp-json\/wp\/v2\/comments?post=1161335"}],"version-history":[{"count":0,"href":"https:\/\/www.europesays.com\/de\/wp-json\/wp\/v2\/posts\/1161335\/revisions"}],"wp:featuredmedia":[{"embeddable":true,"href":"https:\/\/www.europesays.com\/de\/wp-json\/wp\/v2\/media\/1161336"}],"wp:attachment":[{"href":"https:\/\/www.europesays.com\/de\/wp-json\/wp\/v2\/media?parent=1161335"}],"wp:term":[{"taxonomy":"category","embeddable":true,"href":"https:\/\/www.europesays.com\/de\/wp-json\/wp\/v2\/categories?post=1161335"},{"taxonomy":"post_tag","embeddable":true,"href":"https:\/\/www.europesays.com\/de\/wp-json\/wp\/v2\/tags?post=1161335"}],"curies":[{"name":"wp","href":"https:\/\/api.w.org\/{rel}","templated":true}]}}