{"id":1161382,"date":"2026-07-12T13:56:23","date_gmt":"2026-07-12T13:56:23","guid":{"rendered":"https:\/\/www.europesays.com\/de\/1161382\/"},"modified":"2026-07-12T13:56:23","modified_gmt":"2026-07-12T13:56:23","slug":"handball-projekt-waechst-muenchen-holt-poldi-zurueck-sportmix","status":"publish","type":"post","link":"https:\/\/www.europesays.com\/de\/1161382\/","title":{"rendered":"Handball: Projekt w\u00e4chst! M\u00fcnchen holt \u201ePoldi\u201c zur\u00fcck | Sportmix"},"content":{"rendered":"<p><b>Das Handballprojekt in M\u00fcnchen nimmt weiter Fahrt auf. Nahezu t\u00e4glich werden neue Namen verk\u00fcndet, die zur neuen Saison die Mannschaft der M\u00fcnchner Panther bilden.<\/b><\/p>\n<p>Dahinter stecken die Ex-Profis und Nationalspieler Dominik Klein und Steffen Weinhold. Das Team geht in der Regionalliga Bayern an den Start, soll sofort in die 3. Liga aufsteigen und mittelfristig M\u00fcnchen wieder auf die Landkarte der <a href=\"https:\/\/sportbild.bild.de\/sportmix\/handball\/handball\/home-49760070.sport.html\" class=\"text-link\" rel=\"nofollow noopener\" target=\"_blank\">Handball-<\/a>Bundesliga bringen.<\/p>\n<p><a class=\"article-image__anchor\" href=\"https:\/\/www.dyn.sport\/sport_handball\" target=\"_blank\" rel=\"noopener nofollow\"><img decoding=\"async\" width=\"992\" height=\"84\" alt=\"\" loading=\"lazy\" src=\"https:\/\/www.europesays.com\/de\/wp-content\/uploads\/2026\/07\/b3b848c06cf3a9d3b03f0628d9ae8e24,6261213e.png\"   class=\"dynamic\"\/><\/a><\/p>\n<p>Foto: BILD<\/p>\n<p>\u201eNat\u00fcrlich ist ein gewisser Druck da, aber den machen wir uns auch selbst\u201c, sagt Cheftrainer Stefan Weidinger. So kommt mit Valentin Clarius (23) ein Kreisl\u00e4ufer von Zweitligist TUSEM Essen nach M\u00fcnchen. Mit Leopold Huber (20) wurde zudem ein Torwart aus der U23 von Bundesliga-Absteiger SC DHfK Leipzig geholt, der auch schon in die Erstklassigkeit hineinschnuppern durfte. Und mit Ex-DHfK-Rechtsau\u00dfen Lucas Krzikalla (32), der am Wochenende von Leipzig nach M\u00fcnchen zog, k\u00f6nnte gar noch ein richtiges Bundesliga-Urgestein dazukommen.<\/p>\n<p>Leopold Huber kehrt von Leipzig nach M\u00fcnchen zur\u00fcck<\/p>\n<p>Zu Huber teilen die Panther auf den sozialen Netzwerken \u00fcbrigens mit: \u201eLeopold \u201aPoldi\u2018  Huber tr\u00e4gt die Nummer 1, und die hat er sich verdient. Ausgebildet beim FC Bayern M\u00fcnchen und bei HT M\u00fcnchen, weiter \u00fcber Rimpar nach Leipzig. Und dort dann der Moment, von dem alle tr\u00e4umen: Bundesligadeb\u00fct gegen Gummersbach, vor heimischem Publikum. Jetzt kommt der M\u00fcnchner wieder nach M\u00fcnchen. Bundesliga-Erfahrung im Gep\u00e4ck, und er ist gerade mal 20. Genau daf\u00fcr stehen wir. Spitzenhandball wieder dahoam.\u201c<\/p>\n","protected":false},"excerpt":{"rendered":"Das Handballprojekt in M\u00fcnchen nimmt weiter Fahrt auf. Nahezu t\u00e4glich werden neue Namen verk\u00fcndet, die zur neuen Saison&hellip;\n","protected":false},"author":2,"featured_media":1161383,"comment_status":"","ping_status":"","sticky":false,"template":"","format":"standard","meta":{"footnotes":"","_share_on_mastodon":"0"},"categories":[1827],"tags":[772,29,11662,21540,1932,30,1391,5009,71,1268,4580,3460],"class_list":["post-1161382","post","type-post","status-publish","format-standard","has-post-thumbnail","category-muenchen","tag-bayern","tag-deutschland","tag-dhb","tag-dhfk-leipzig","tag-dyn-handball","tag-germany","tag-handball","tag-hbl","tag-leipzig","tag-muenchen","tag-schmidt-andre","tag-sport-leuchtturm-leipzig"],"share_on_mastodon":{"url":"https:\/\/pubeurope.com\/@de\/116907357816144046","error":""},"_links":{"self":[{"href":"https:\/\/www.europesays.com\/de\/wp-json\/wp\/v2\/posts\/1161382","targetHints":{"allow":["GET"]}}],"collection":[{"href":"https:\/\/www.europesays.com\/de\/wp-json\/wp\/v2\/posts"}],"about":[{"href":"https:\/\/www.europesays.com\/de\/wp-json\/wp\/v2\/types\/post"}],"author":[{"embeddable":true,"href":"https:\/\/www.europesays.com\/de\/wp-json\/wp\/v2\/users\/2"}],"replies":[{"embeddable":true,"href":"https:\/\/www.europesays.com\/de\/wp-json\/wp\/v2\/comments?post=1161382"}],"version-history":[{"count":0,"href":"https:\/\/www.europesays.com\/de\/wp-json\/wp\/v2\/posts\/1161382\/revisions"}],"wp:featuredmedia":[{"embeddable":true,"href":"https:\/\/www.europesays.com\/de\/wp-json\/wp\/v2\/media\/1161383"}],"wp:attachment":[{"href":"https:\/\/www.europesays.com\/de\/wp-json\/wp\/v2\/media?parent=1161382"}],"wp:term":[{"taxonomy":"category","embeddable":true,"href":"https:\/\/www.europesays.com\/de\/wp-json\/wp\/v2\/categories?post=1161382"},{"taxonomy":"post_tag","embeddable":true,"href":"https:\/\/www.europesays.com\/de\/wp-json\/wp\/v2\/tags?post=1161382"}],"curies":[{"name":"wp","href":"https:\/\/api.w.org\/{rel}","templated":true}]}}