{"id":1161492,"date":"2026-07-12T14:57:23","date_gmt":"2026-07-12T14:57:23","guid":{"rendered":"https:\/\/www.europesays.com\/de\/1161492\/"},"modified":"2026-07-12T14:57:23","modified_gmt":"2026-07-12T14:57:23","slug":"kind-erwischt-einbrecher-im-elternschlafzimmer-in-nuernberg","status":"publish","type":"post","link":"https:\/\/www.europesays.com\/de\/1161492\/","title":{"rendered":"Kind erwischt Einbrecher im Elternschlafzimmer in N\u00fcrnberg"},"content":{"rendered":"<p>Im Stadtteil Wetzendorf <\/p>\n<p>Neunj\u00e4hriger erwischt Einbrecher im Elternhaus<\/p>\n<p>12.07.2026 &#8211; 14:17 UhrLesedauer: 1 Min.<\/p>\n<p><a href=\"#focus-0\" class=\"transition-colors block text-current relative\" data-sctrack=\"FocusGalleryImage.Reference\"><img fetchpriority=\"high\" data-testid=\"Opener.Image\"   loading=\"eager\" src=\"https:\/\/www.europesays.com\/de\/wp-content\/uploads\/2026\/07\/das-handy-klingeln-verraet-den-einbrecher-symbolbild.jpg\" alt=\"Gestelltes Symbolbild Einbruch\" title=\"Gestelltes Symbolbild Einbruch\" width=\"2048\" height=\"1152\" class=\"bg-[url:var(--lqipURL)] bg-cover bg-center flex h-full w-full max-w-full\" style=\"--lqipURL:url('https:\/\/images.t-online.de\/2026\/07\/EqLJdM7nsM5b\/0x107:2048x1152\/fit-in\/150x0\/filters:blur(25)\/das-handy-klingeln-verraet-den-einbrecher-symbolbild.jpg')\" decoding=\"async\"\/><img loading=\"lazy\" src=\"https:\/\/nuernberg.t-online.de\/s\/paper\/_next\/static\/media\/zoom-in.f7dae02f.svg\" alt=\"Vergr\u00f6\u00dfern des Bildes\" title=\"Vergr\u00f6\u00dfern des Bildes\" class=\"block h-[calc(var(--height)_\/_16_*_1rem)] w-[calc(var(--width)_\/_16_*_1rem)] max-w-none absolute right-8 bottom-8 rounded-4 bg-snow p-8\" style=\"--width:32;--height:32\" decoding=\"async\"\/><\/a><\/p>\n<p>Das Handy-Klingeln verr\u00e4t den Einbrecher. (Symbolbild) (Quelle: Philipp von Ditfurth\/dpa\/dpa-bilder)<\/p>\n<p class=\"font-bold text-18 leading-17 user-text-lg:text-22 user-text-xl:text-24\">In N\u00fcrnberg trifft ein Junge auf einen Unbekannten im Schlafzimmer seiner Eltern. Die Polizei bittet um Hinweise.<\/p>\n<p class=\"text-18 leading-17 user-text-lg:text-22 user-text-xl:text-24\">In N\u00fcrnberg-Wetzendorf hat ein neunj\u00e4hriger Junge am Samstagnachmittag einen Einbrecher im Elternhaus \u00fcberrascht, teilte die Polizei mit.<\/p>\n<p class=\"text-18 leading-17 user-text-lg:text-22 user-text-xl:text-24\">Gegen 13.30 Uhr habe sich der Junge im Erdgeschoss aufgehalten. Er habe ein klingelndes Handy im Obergeschoss geh\u00f6rt und sei nachsehen gegangen, teilte die Polizei mit. Im Schlafzimmer seiner Eltern habe er einen unbekannten Mann angetroffen. Dieser habe bereits Schmuck zum Abtransport bereitgelegt.<\/p>\n<p class=\"text-18 leading-17 user-text-lg:text-22 user-text-xl:text-24\">Der Junge rannte sofort aus dem Haus. Er alarmierte \u00fcber eine Nachbarin die Polizei. Der T\u00e4ter fl\u00fcchtete den Angaben zufolge ohne Beute. Trotz sofortiger Fahndung konnten Streifenbesatzungen den Mann nicht antreffen.<\/p>\n<p class=\"text-18 leading-17 user-text-lg:text-22 user-text-xl:text-24\">Die Polizei beschreibt den Gesuchten wie folgt: circa 30 Jahre alt, 185 bis 195 Zentimeter gro\u00df, schlanke Statur. Er habe eine schwarze M\u00fctze, eine verspiegelte Sonnenbrille mit schwarzem Rand und einen schwarzen Hoodie mit wei\u00dfer Aufschrift &#8222;Puma&#8220; getragen, teilte die Polizei mit. Die Kriminalpolizei bittet um Zeugenhinweise unter 0911 2112-3333.<\/p>\n","protected":false},"excerpt":{"rendered":"Im Stadtteil Wetzendorf Neunj\u00e4hriger erwischt Einbrecher im Elternhaus 12.07.2026 &#8211; 14:17 UhrLesedauer: 1 Min. Das Handy-Klingeln verr\u00e4t den&hellip;\n","protected":false},"author":2,"featured_media":1161493,"comment_status":"","ping_status":"","sticky":false,"template":"","format":"standard","meta":{"footnotes":"","_share_on_mastodon":"0"},"categories":[1837],"tags":[722,17161,772,3364,29,60393,30,3783,243603,121,6053,243602],"class_list":["post-1161492","post","type-post","status-publish","format-standard","has-post-thumbnail","category-nuernberg","tag-722","tag-17161","tag-bayern","tag-de","tag-deutschland","tag-elternhaus","tag-germany","tag-nuernberg","tag-nuernberg-wetzendorf","tag-polizei","tag-stadtteil","tag-wetzendorf"],"share_on_mastodon":{"url":"https:\/\/pubeurope.com\/@de\/116907597319140513","error":""},"_links":{"self":[{"href":"https:\/\/www.europesays.com\/de\/wp-json\/wp\/v2\/posts\/1161492","targetHints":{"allow":["GET"]}}],"collection":[{"href":"https:\/\/www.europesays.com\/de\/wp-json\/wp\/v2\/posts"}],"about":[{"href":"https:\/\/www.europesays.com\/de\/wp-json\/wp\/v2\/types\/post"}],"author":[{"embeddable":true,"href":"https:\/\/www.europesays.com\/de\/wp-json\/wp\/v2\/users\/2"}],"replies":[{"embeddable":true,"href":"https:\/\/www.europesays.com\/de\/wp-json\/wp\/v2\/comments?post=1161492"}],"version-history":[{"count":0,"href":"https:\/\/www.europesays.com\/de\/wp-json\/wp\/v2\/posts\/1161492\/revisions"}],"wp:featuredmedia":[{"embeddable":true,"href":"https:\/\/www.europesays.com\/de\/wp-json\/wp\/v2\/media\/1161493"}],"wp:attachment":[{"href":"https:\/\/www.europesays.com\/de\/wp-json\/wp\/v2\/media?parent=1161492"}],"wp:term":[{"taxonomy":"category","embeddable":true,"href":"https:\/\/www.europesays.com\/de\/wp-json\/wp\/v2\/categories?post=1161492"},{"taxonomy":"post_tag","embeddable":true,"href":"https:\/\/www.europesays.com\/de\/wp-json\/wp\/v2\/tags?post=1161492"}],"curies":[{"name":"wp","href":"https:\/\/api.w.org\/{rel}","templated":true}]}}