{"id":1161501,"date":"2026-07-12T15:02:16","date_gmt":"2026-07-12T15:02:16","guid":{"rendered":"https:\/\/www.europesays.com\/de\/1161501\/"},"modified":"2026-07-12T15:02:16","modified_gmt":"2026-07-12T15:02:16","slug":"reisen-mit-behinderung-wie-das-familien-vor-probleme-stellt","status":"publish","type":"post","link":"https:\/\/www.europesays.com\/de\/1161501\/","title":{"rendered":"Reisen mit Behinderung: Wie das Familien vor Probleme stellt"},"content":{"rendered":"<p class=\"article-toplinewrapper\">\n<p>Standdatum: 12. Juli 2026.<\/p>\n<p>Audio<\/p>\n<p><img decoding=\"async\" class=\"image -image-with-fallback -image-rounded  lazyload\" src=\"data:image\/gif;base64,R0lGODlhEAAJAIAAAP\/\/\/\/\/\/\/yH5BAEKAAEALAAAAAAQAAkAAAIKjI+py+0Po5yUFQA7\"   alt=\"Eine Frau mit einer Person im Rollstuhl auf einem Bootsanleger\" data-image-owner=\"Imago | Tetra Images\" data-image-title=\"Eine Frau mit einer Person im Rollstuhl auf einem Bootsanleger\" data-image-src=\"https:\/\/www.butenunbinnen.de\/bilder\/urlaub-rollstuhl-100~_v-800x450_c-1783582282348.jpg\" data-image-rights-src=\"\/bilder\/urlaub-rollstuhl-100~_v-640x360_c-1783582282348.jpg\"\/><\/p>\n<p>Nicht jede Badestelle ist auf Rollstuhlfahrer ausgelegt. (Symbolbild)<\/p>\n<p>Bild: Imago | Tetra Images<\/p>\n<p>Audio-Ende<\/p>\n<p class=\"article-intro\">Menschen mit Behinderungen werden im Alltag oft eingeschr\u00e4nkt \u2013 das h\u00f6rt auch im Urlaub nicht auf. Was betroffenen Familien hilft.<\/p>\n<p id=\"sharing-title\" class=\"social-title visuallyhidden\">\nSeite teilen\n<\/p>\n<p class=\"google-prefer\">\n<a class=\"google-prefer-link text-link\" href=\"https:\/\/www.google.com\/preferences\/source?q=https:\/\/www.butenunbinnen.de\" target=\"_blank\" title=\"Einstellungen auf www.google.de vornehmen\" rel=\"nofollow noopener\">buten un binnen bei Google bevorzugen<\/a>\n<\/p>\n<p>In den Sommerferien spontan verreisen: Was f\u00fcr viele Familien normal ist, stellt Menschen und Familien, die auf barrierefreie Einrichtungen angewiesen sind, oftmals vor Probleme. So auch Familie Kuhlemann aus Bremen. Ihre Tochter Emma hat einen seltenen Gendefekt. Die 13-J\u00e4hrige kann sich daher nicht selbstst\u00e4ndig bewegen, nicht sprechen, ist blind sowie geistig eingeschr\u00e4nkt. <\/p>\n<p>Ihre Krankheit ist lebensbegrenzend, dennoch will ihre Mutter Katharina Kuhlemann, dass sie so normal wie m\u00f6glich aufw\u00e4chst. &#8222;<\/p>\n<blockquote class=\"citation -citation-type-simple\">\n<p class=\"citation-text\">Sie ist ein lebensfrohes M\u00e4dchen und liebt Action.<\/p>\n<p>Katharina Kuhlemann \u00fcber ihre behinderte Tochter Emma<\/p>\n<\/blockquote>\n<p>Deswegen will die Familie Emma auch Urlaube erm\u00f6glichen. Auch f\u00fcr Sophie gibt es in puncto Familienurlaub keine zwei Meinungen. &#8222;Am sch\u00f6nsten ist es, wenn wir alle zusammen Urlaub machen&#8220;, sagt Sophie mit Nachdruck und entschlossenem Gesichtsausdruck. Sanft t\u00e4tschelt sie Emmas Hand, die neben ihr im Rollstuhl sitzt und breit grinst.<\/p>\n<p>&#8222;Ich spiele mit ihr im Garten immer Handball&#8220;, ruft die sportbegeisterte Sophie und legt Emma ihren Handball auf den Scho\u00df. Emma gluckst vor Freude.<\/p>\n<p>Barrierefreie Hotels und Unterk\u00fcnfte sind rar<\/p>\n<p>Die Familie nimmt Emma mit ins Fu\u00dfballstadion, in Restaurants, ins Kino \u2013 und eben in den Urlaub. &#8222;Emma soll die Welt entdecken&#8220;, sagt Mutter Katharina. Allerdings ist es f\u00fcr die Kuhlemanns ein Riesenproblem, \u00fcberhaupt passende Ferienangebote zu finden. &#8222;Selbst wenn wir einen Urlaub in einem barrierefreien Ferienhaus buchen wollten, br\u00e4uchten wir einen Autoanh\u00e4nger&#8220;, sagt Katharina Kuhlemann.<\/p>\n<p>Denn die Familie ben\u00f6tigt f\u00fcr Emma unter anderem ein Pflegebett, einen Duschstuhl, Vorlagen, Sondennahrung und den Spezial-Fahrradanh\u00e4nger. Urlaube seien f\u00fcr die meisten Menschen mit Beeintr\u00e4chtigung eine gro\u00dfe Herausforderung, erkl\u00e4rt auch Finn Riethm\u00f6ller von der Lebenshilfe Bremen. &#8222;Viele Hotels sind einfach nicht barrierefrei. Oftmals ist es auch schwierig, da \u00fcberhaupt erst richtige Informationen dr\u00fcber zu finden&#8220;, erkl\u00e4rt Riethm\u00f6ller.<\/p>\n<blockquote class=\"citation -citation-type-simple\">\n<p class=\"citation-text\">Welche Art der Barrierefreiheit vorhanden ist, ist auch immer eine Frage. Ein Mensch, der blind ist, hat ganz andere Bed\u00fcrfnisse als jemand, der im Rollstuhl sitzt.<\/p>\n<p>Finn Riethm\u00f6ller von der Lebenshilfe Bremen<\/p>\n<\/blockquote>\n<p>Die Bundesvereinigung der Lebenshilfe stellt zudem klar, dass es f\u00fcr Hotels und Anbieter keine Verpflichtung zur Barrierefreiheit gebe. Daher gebe es oftmals auch nur sehr wenige barrierefreie Angebote \u2013 obwohl knapp acht Millionen Menschen in Deutschland eine Schwerbehinderung haben, f\u00fchrt Riethm\u00f6ller aus. Auch Katharina Kuhlemann wird im Urlaub regelm\u00e4\u00dfig vor Probleme gestellt: &#8222;Wenn wir einen Strandkorb mieten wollen, m\u00fcssen wir kl\u00e4ren, wie wir mit dem Rollstuhl durch den Sand kommen.&#8220;<\/p>\n<p>Wie es dennoch mit der Reise klappen kann<\/p>\n<p>Riethm\u00f6ller, der selbst sechs Jahre lang Reisen von Menschen mit Behinderungen ehrenamtlich begleitet hat, empfiehlt Betroffenen: &#8222;Einfach mal anrufen, das hilft einfach.&#8220; Dort g\u00e4be es oft bessere Informationen. Auch Internet-Portale wie <a target=\"blank\" rel=\"noopener noreferrer nofollow\" data-external=\"true\" href=\"https:\/\/reisen-fuer-alle.de\/\" class=\"text-link\">Reisen f\u00fcr Alle<\/a> b\u00f6ten mit vielen Filtern eine gute Hilfe. <\/p>\n<p>Die Familie Kuhlemann hat Gl\u00fcck. Sie verbringt seit einigen Jahren stets eine Woche Familienurlaub in einem f\u00fcr ihre Bedarfe bestens ausgestatteten Ferienhaus des Kinderhospizes L\u00f6wenherz in Bad Zwischenahn. &#8222;Da haben wir sogar einen mobilen Lifter zur Verf\u00fcgung, mit dem wir Emma vom Bett in den Rollstuhl hieven.&#8220;<\/p>\n<p>&#8222;L\u00f6wenherz&#8220; ist eines der wenigen Kinderhospize, das ein solches Ferienhaus vorh\u00e4lt. Die Kuhlemanns k\u00f6nnen es nur in Anspruch nehmen, weil Emma eine lebensbegrenzende Erkrankung hat und die Familie schon mehrfach im Kinderhospiz in Syke zu Gast war.<\/p>\n<p>Familie teilt sich auf<\/p>\n<p>Familien wie sie haben die M\u00f6glichkeit, sich bis zu 28 Tage im Jahr in einem der 22 station\u00e4ren Kinderhospize in Deutschland von der anstrengenden Pflege ihrer Kinder zu erholen. Die kranken Kinder werden dort von Pflegekr\u00e4ften betreut, f\u00fcr Eltern und Geschwisterkinder gibt es eigene Freizeitangebote.<\/p>\n<p>Die Kuhlemanns werden sich in diesen Sommerferien \u2013 wie schon in den Jahren zuvor \u2013 auch eine Zeit lang aufteilen: Emma macht dann allein Urlaub im Kinderhospiz, w\u00e4hrend die Eltern mit Sophie nach Fehmarn fahren. &#8222;Im Alltag steht oft Emma im Mittelpunkt&#8220;, erkl\u00e4rt Katharina Kuhlemann: &#8222;Da wollen wir einmal im Jahr Zeit exklusiv f\u00fcr Sophie haben.&#8220; Alle wissen, dass Emma dann bei den &#8222;L\u00f6wenherzen&#8220; bestens aufgehoben ist. &#8222;Aber nach ein paar Tagen werden wir unruhig und sind froh, wenn wir wieder alle zusammen sind.&#8220;<\/p>\n<p>Video<\/p>\n<p>Bild: Radio Bremen<\/p>\n<p>Video-Ende<\/p>\n<p>Mehr zum Thema:<\/p>\n<p class=\"article-legal-agencies\"><strong>Quellen<\/strong>:<br \/>\nbuten un binnen und epd.\n<\/p>\n<p class=\"article-legal-broadcast-reference\"><strong>Dieses Thema im Programm:<\/strong><br \/>\nBremen Eins, Der Morgen, 7. Juli 2026, 9:10 Uhr<\/p>\n","protected":false},"excerpt":{"rendered":"Standdatum: 12. Juli 2026. Audio Nicht jede Badestelle ist auf Rollstuhlfahrer ausgelegt. (Symbolbild) Bild: Imago | Tetra Images&hellip;\n","protected":false},"author":2,"featured_media":1161502,"comment_status":"","ping_status":"","sticky":false,"template":"","format":"standard","meta":{"footnotes":"","_share_on_mastodon":"0"},"categories":[1824],"tags":[11225,11506,2420,3364,29,33499,2507,30,130359,1079,631],"class_list":["post-1161501","post","type-post","status-publish","format-standard","has-post-thumbnail","category-bremen","tag-barrierefrei","tag-behinderungen","tag-bremen","tag-de","tag-deutschland","tag-einschraenkungen","tag-freizeit","tag-germany","tag-pflegebedarf","tag-reisen","tag-urlaub"],"share_on_mastodon":{"url":"https:\/\/pubeurope.com\/@de\/116907615686533671","error":""},"_links":{"self":[{"href":"https:\/\/www.europesays.com\/de\/wp-json\/wp\/v2\/posts\/1161501","targetHints":{"allow":["GET"]}}],"collection":[{"href":"https:\/\/www.europesays.com\/de\/wp-json\/wp\/v2\/posts"}],"about":[{"href":"https:\/\/www.europesays.com\/de\/wp-json\/wp\/v2\/types\/post"}],"author":[{"embeddable":true,"href":"https:\/\/www.europesays.com\/de\/wp-json\/wp\/v2\/users\/2"}],"replies":[{"embeddable":true,"href":"https:\/\/www.europesays.com\/de\/wp-json\/wp\/v2\/comments?post=1161501"}],"version-history":[{"count":0,"href":"https:\/\/www.europesays.com\/de\/wp-json\/wp\/v2\/posts\/1161501\/revisions"}],"wp:featuredmedia":[{"embeddable":true,"href":"https:\/\/www.europesays.com\/de\/wp-json\/wp\/v2\/media\/1161502"}],"wp:attachment":[{"href":"https:\/\/www.europesays.com\/de\/wp-json\/wp\/v2\/media?parent=1161501"}],"wp:term":[{"taxonomy":"category","embeddable":true,"href":"https:\/\/www.europesays.com\/de\/wp-json\/wp\/v2\/categories?post=1161501"},{"taxonomy":"post_tag","embeddable":true,"href":"https:\/\/www.europesays.com\/de\/wp-json\/wp\/v2\/tags?post=1161501"}],"curies":[{"name":"wp","href":"https:\/\/api.w.org\/{rel}","templated":true}]}}