{"id":1161517,"date":"2026-07-12T15:12:22","date_gmt":"2026-07-12T15:12:22","guid":{"rendered":"https:\/\/www.europesays.com\/de\/1161517\/"},"modified":"2026-07-12T15:12:22","modified_gmt":"2026-07-12T15:12:22","slug":"die-100-hilfe-der-gerlinger-feuerwehr-in-diesem-jahr-gilt-einer-ratte","status":"publish","type":"post","link":"https:\/\/www.europesays.com\/de\/1161517\/","title":{"rendered":"Die 100. Hilfe der Gerlinger Feuerwehr in diesem Jahr gilt einer Ratte"},"content":{"rendered":"<p>Ein Jubil\u00e4um der besonderen Art hatten nun die Gerlinger Floriansj\u00fcnger. Freuen d\u00fcrften sich \u00fcber die gegl\u00fcckte Rettung aber nicht alle.<\/p>\n<p>Gerlingen. Zum 100. Einsatz im laufenden Jahr wurde die Freiwillige Feuerwehr Gerlingen j\u00fcngst in die Obere Ringstra\u00dfe alarmiert. Besorgte Anwohner hatten \u00fcber den Notruf eine tierische Notlage gemeldet: Eine Ratte steckte im Ablaufgitter einer sogenannten Birco-Rinne fest und konnte sich nicht mehr selbstst\u00e4ndig befreien.<\/p>\n<p>Beim Eintreffen der Einsatzkr\u00e4fte hatten die Anwohner das Gitter bereits \u201evorbildlich ausgehoben\u201c, hei\u00dft es in einem Bericht, und auf einer M\u00fclltonne positioniert. Da das sichtlich gestresste und verzweifelte Tier jedoch \u201ewehrhaft\u201c reagierte, habe sich niemand an die direkte Rettung getraut.<\/p>\n<p>Ein Feuerwehrmann, speziell ausger\u00fcstet mit dicken Leder-Schutzhandschuhen, griff beherzt zu und konnte das Tier unbeschadet befreien. Vor Angst biss die Ratte zwar noch mehrmals in den robusten Handschuh, verletzte den Retter dabei dank der Schutzkleidung jedoch nicht. Nach der erfolgreichen Befreiung wurde das Tier umgehend und wohlauf in die nahegelegene Natur entlassen. <\/p>\n<p>Reaktionen auf Einsatz<\/p>\n<p>F\u00fcr den Bericht gab es in den sozialen Medien Applaus. \u201eJedes Leben z\u00e4hlt. Danke\u201c, lautete etwa ein Kommentar. Andere wiesen darauf hin, dass sich vielleicht nicht jeder Nachbar \u00fcber das Tier und dann weitere Nachkommen freut. <\/p>\n<p>Doch auch abseits der Frage der Sinnhaftigkeit des Einsatzes: Im vergangenen Jahr absolvierten die Gerlinger Feuerwehrleute ihren 100. Einsatz erst Mitte August, bei einem Unfall im Engelbergtunnel, bei dem sie aber letztlich nicht t\u00e4tig werden mussten. Und 2024 war das \u201eJubil\u00e4um\u201c noch einen Monat sp\u00e4ter.<\/p>\n","protected":false},"excerpt":{"rendered":"Ein Jubil\u00e4um der besonderen Art hatten nun die Gerlinger Floriansj\u00fcnger. Freuen d\u00fcrften sich \u00fcber die gegl\u00fcckte Rettung aber&hellip;\n","protected":false},"author":2,"featured_media":1161518,"comment_status":"","ping_status":"","sticky":false,"template":"","format":"standard","meta":{"footnotes":"","_share_on_mastodon":"0"},"categories":[1830],"tags":[128337,1634,3364,29,985,5780,30,5173,1441,2631],"class_list":["post-1161517","post","type-post","status-publish","format-standard","has-post-thumbnail","category-stuttgart","tag-update-me","tag-baden-wuerttemberg","tag-de","tag-deutschland","tag-feuerwehr","tag-gerlingen","tag-germany","tag-rettungswesen","tag-stuttgart","tag-tier"],"share_on_mastodon":{"url":"https:\/\/pubeurope.com\/@de\/116907655052970396","error":""},"_links":{"self":[{"href":"https:\/\/www.europesays.com\/de\/wp-json\/wp\/v2\/posts\/1161517","targetHints":{"allow":["GET"]}}],"collection":[{"href":"https:\/\/www.europesays.com\/de\/wp-json\/wp\/v2\/posts"}],"about":[{"href":"https:\/\/www.europesays.com\/de\/wp-json\/wp\/v2\/types\/post"}],"author":[{"embeddable":true,"href":"https:\/\/www.europesays.com\/de\/wp-json\/wp\/v2\/users\/2"}],"replies":[{"embeddable":true,"href":"https:\/\/www.europesays.com\/de\/wp-json\/wp\/v2\/comments?post=1161517"}],"version-history":[{"count":0,"href":"https:\/\/www.europesays.com\/de\/wp-json\/wp\/v2\/posts\/1161517\/revisions"}],"wp:featuredmedia":[{"embeddable":true,"href":"https:\/\/www.europesays.com\/de\/wp-json\/wp\/v2\/media\/1161518"}],"wp:attachment":[{"href":"https:\/\/www.europesays.com\/de\/wp-json\/wp\/v2\/media?parent=1161517"}],"wp:term":[{"taxonomy":"category","embeddable":true,"href":"https:\/\/www.europesays.com\/de\/wp-json\/wp\/v2\/categories?post=1161517"},{"taxonomy":"post_tag","embeddable":true,"href":"https:\/\/www.europesays.com\/de\/wp-json\/wp\/v2\/tags?post=1161517"}],"curies":[{"name":"wp","href":"https:\/\/api.w.org\/{rel}","templated":true}]}}