{"id":1161577,"date":"2026-07-12T15:46:37","date_gmt":"2026-07-12T15:46:37","guid":{"rendered":"https:\/\/www.europesays.com\/de\/1161577\/"},"modified":"2026-07-12T15:46:37","modified_gmt":"2026-07-12T15:46:37","slug":"sommer-sperrung-legt-wichtige-bahnverbindungen-um-hamburg-wochenlang-lahm","status":"publish","type":"post","link":"https:\/\/www.europesays.com\/de\/1161577\/","title":{"rendered":"Sommer-Sperrung legt wichtige Bahnverbindungen um Hamburg wochenlang lahm"},"content":{"rendered":"<p>Neue Gro\u00dfbaustelle <\/p>\n<p>Diese Bahnverbindungen sind von der Sommer-Sperrung betroffen<\/p>\n<p>Aktualisiert am 12.07.2026 &#8211; 08:59 UhrLesedauer: 2 Min.<\/p>\n<p><a href=\"#focus-0\" class=\"transition-colors block text-current relative\" data-sctrack=\"FocusGalleryImage.Reference\"><img fetchpriority=\"high\" data-testid=\"Opener.Image\"   loading=\"eager\" src=\"https:\/\/www.europesays.com\/de\/wp-content\/uploads\/2026\/07\/regionalexpress-im-hamburger-hauptbahnhof-symbolbild-in-den-sommerferien-kommt-es-wegen-bauarbeiten-.jpeg\" alt=\"Regionalexpress im Hamburger Hauptbahnhof (Symbolbild): In den Sommerferien kommt es wegen Bauarbeiten zu Ausf\u00e4llen und Fahrplan\u00e4nderungen.\" title=\"Regionalexpress im Hamburger Hauptbahnhof (Symbolbild): In den Sommerferien kommt es wegen Bauarbeiten zu Ausf\u00e4llen und Fahrplan\u00e4nderungen.\" width=\"4963\" height=\"2791\" class=\"bg-[url:var(--lqipURL)] bg-cover bg-center flex h-full w-full max-w-full\" style=\"--lqipURL:url('https:\/\/images.t-online.de\/2026\/06\/NU3H3kMJzUQY\/274x416:4963x2791\/fit-in\/150x0\/filters:blur(25)\/regionalexpress-im-hamburger-hauptbahnhof-symbolbild-in-den-sommerferien-kommt-es-wegen-bauarbeiten-zu-ausfaellen-und-fahrplanaenderungen.jpg')\" decoding=\"async\"\/><img loading=\"lazy\" src=\"https:\/\/hamburg.t-online.de\/s\/paper\/_next\/static\/media\/zoom-in.f7dae02f.svg\" alt=\"Vergr\u00f6\u00dfern des Bildes\" title=\"Vergr\u00f6\u00dfern des Bildes\" class=\"block h-[calc(var(--height)_\/_16_*_1rem)] w-[calc(var(--width)_\/_16_*_1rem)] max-w-none absolute right-8 bottom-8 rounded-4 bg-snow p-8\" style=\"--width:32;--height:32\" decoding=\"async\"\/><\/a><\/p>\n<p>Regionalexpress im Hamburger Hauptbahnhof (Symbolbild): In den Sommerferien kommt es wegen Bauarbeiten zu Ausf\u00e4llen und Fahrplan\u00e4nderungen. (Quelle: imagebroker\/imago-images-bilder)<\/p>\n<p><img loading=\"lazy\" src=\"https:\/\/hamburg.t-online.de\/s\/paper\/_next\/static\/media\/audio-volume.6689034c.svg\" alt=\"\" title=\"\" class=\"block h-[calc(var(--height)_\/_16_*_1rem)] w-[calc(var(--width)_\/_16_*_1rem)] max-w-none group-hover:brightness-0 group-hover:invert\" style=\"--width:16;--height:16\" decoding=\"async\"\/>Vorlesen<\/p>\n<p>Aktuelle Zeit:0:00Gesamtdauer:0:00<\/p>\n<p>1x<\/p>\n<p class=\"text-center\">Jetzt neu bei t-online:<\/p>\n<p class=\"text-center\">Schriftgr\u00f6\u00dfe anpassen!<\/p>\n<p><img loading=\"lazy\" src=\"https:\/\/hamburg.t-online.de\/s\/paper\/_next\/static\/media\/font-sizes.32942e33.svg\" alt=\"\" title=\"\" class=\"block h-[calc(var(--height)_\/_16_*_1rem)] w-[calc(var(--width)_\/_16_*_1rem)] max-w-none group-hover:hidden group-aria-expanded:hidden\" style=\"--width:16;--height:16\" decoding=\"async\"\/><img loading=\"lazy\" src=\"https:\/\/hamburg.t-online.de\/s\/paper\/_next\/static\/media\/font-sizes-dark-mode.e382645c.svg\" alt=\"\" title=\"\" class=\"block h-[calc(var(--height)_\/_16_*_1rem)] w-[calc(var(--width)_\/_16_*_1rem)] max-w-none hidden group-hover:block group-aria-expanded:block\" style=\"--width:16;--height:16\" decoding=\"async\"\/><img loading=\"lazy\" src=\"https:\/\/hamburg.t-online.de\/s\/paper\/_next\/static\/media\/sharing-menu-icon.1eb71368.svg\" alt=\"\" title=\"\" class=\"block h-[calc(var(--height)_\/_16_*_1rem)] w-[calc(var(--width)_\/_16_*_1rem)] max-w-none group-hover:brightness-0 group-hover:invert\" style=\"--width:16;--height:16\" decoding=\"async\"\/>Artikel teilen<\/p>\n<p class=\"font-bold text-18 leading-17 user-text-lg:text-22 user-text-xl:text-24\">Fernz\u00fcge fallen aus, Regionalbahnen enden vorzeitig und Fahrg\u00e4ste m\u00fcssen umsteigen. Die Sommer-Baustelle hat Folgen bis nach Schleswig-Holstein.<\/p>\n<p class=\"text-18 leading-17 user-text-lg:text-22 user-text-xl:text-24\">Auf Hamburger Bahnreisende kommen in den Sommerferien erhebliche Einschr\u00e4nkungen zu. Die Deutsche Bahn sperrt die Verbindungsbahn zwischen Hauptbahnhof und Altona vom 14. Juli bis zum 20. August f\u00fcr Bauarbeiten. Die Strecke z\u00e4hlt zu den wichtigsten Bahnverbindungen der Stadt.<\/p>\n<p class=\"text-18 leading-17 user-text-lg:text-22 user-text-xl:text-24\">Besonders betroffen sind die Bahnh\u00f6fe Altona und Dammtor. Dort fahren nach Angaben der Bahn vom 18. Juli bis zum 15. August keine Fernverkehrsz\u00fcge. Auch am Hauptbahnhof entfallen einzelne Verbindungen, unter anderem in Richtung Berlin und S\u00fcddeutschland. Zudem k\u00f6nnen einige Fernz\u00fcge den Hauptbahnhof nicht anfahren und werden stattdessen \u00fcber andere Bahnh\u00f6fe umgeleitet.<\/p>\n<ul class=\"text-18 leading-17 block pl-24 *:pb-16 *:before:inline-block *:before:size-8 *:before:bg-magenta *:before:mt-0 *:before:mr-12 *:before:mb-2 *:before:-ml-[20px]\">\n<li><strong class=\"font-bold\">Bahnstrecke Hamburg-Berlin:<\/strong> <a href=\"https:\/\/hamburg.t-online.de\/region\/hamburg\/id_101281644\/bahnstrecke-hamburg-berlin-geht-wieder-vollstaendig-in-betrieb-am-14-juni.html\" class=\"transition-colors cursor-pointer no-underline md:hover:text-magenta md:focus:text-magenta border-b border-solid border-current text-salemsfur md:hover:border-magenta\" data-tracking=\"{&quot;action&quot;:&quot;click&quot;,&quot;category&quot;:&quot;intextLink&quot;,&quot;label&quot;:&quot;\/region\/hamburg\/id_101281644\/bahnstrecke-hamburg-berlin-geht-wieder-vollstaendig-in-betrieb-am-14-juni.html&quot;}\" data-sctrack=\"BodyAnchor\" rel=\"nofollow noopener\" target=\"_blank\">Bald wieder in Betrieb \u2013 aber mit Einschr\u00e4nkung<\/a><\/li>\n<li><strong class=\"font-bold\">Konkurrenz f\u00fcr DB<\/strong><strong class=\"font-bold\">:<\/strong> <a href=\"https:\/\/hamburg.t-online.de\/region\/hamburg\/id_101279400\/hamburg-konkurrenz-fuer-die-deutsche-bahn-werden-tickets-guenstiger-.html\" class=\"transition-colors cursor-pointer no-underline md:hover:text-magenta md:focus:text-magenta border-b border-solid border-current text-salemsfur md:hover:border-magenta\" data-tracking=\"{&quot;action&quot;:&quot;click&quot;,&quot;category&quot;:&quot;intextLink&quot;,&quot;label&quot;:&quot;\/region\/hamburg\/id_101279400\/hamburg-konkurrenz-fuer-die-deutsche-bahn-werden-tickets-guenstiger-.html&quot;}\" data-sctrack=\"BodyAnchor\" rel=\"nofollow noopener\" target=\"_blank\">Werden Zugtickets f\u00fcr Hamburger zuk\u00fcnftig g\u00fcnstiger?<\/a><\/li>\n<\/ul>\n<p>Einschr\u00e4nkungen auch bei der S-Bahn<\/p>\n<p class=\"text-18 leading-17 user-text-lg:text-22 user-text-xl:text-24\">Auch Fahrg\u00e4ste der Hamburger S-Bahn m\u00fcssen sich auf Einschr\u00e4nkungen einstellen. Nach Angaben der S-Bahn Hamburg fahren vom 17. Juli bis zum 13. August keine Z\u00fcge zwischen Sternschanze und Altona. Betroffen sind die Linien S2, S5 und S7.<\/p>\n<p class=\"text-18 leading-17 user-text-lg:text-22 user-text-xl:text-24\">Auf dem gesperrten Abschnitt sollen Ersatzbusse eingesetzt werden. Die Bauarbeiten fallen in die Hamburger Sommerferien und \u00fcberschneiden sich teilweise mit den Einschr\u00e4nkungen im Fern- und Regionalverkehr.<\/p>\n<p>Folgen reichen bis nach Schleswig-Holstein<\/p>\n<p class=\"text-18 leading-17 user-text-lg:text-22 user-text-xl:text-24\">Die Auswirkungen der Bauarbeiten reichen weit \u00fcber Hamburg hinaus. Regionalz\u00fcge zwischen Hamburg und Kiel sowie zwischen Hamburg und Westerland sollen vom 18. Juli bis zum 20. August \u00fcberwiegend in Pinneberg wenden. Fahrg\u00e4ste aus Richtung Kiel, Flensburg und Sylt m\u00fcssen dadurch auf dem Weg nach Hamburg umsteigen.<\/p>\n<p class=\"text-18 leading-17 user-text-lg:text-22 user-text-xl:text-24\">Betroffen sind nach Angaben von DB Regio die Linien RE6 nach Westerland, RE7 nach Flensburg und Kiel sowie RE70 nach Kiel. Auf den Streckenabschnitten zwischen Hamburg und Pinneberg, Hamburg und Elmshorn sowie Hamburg und Neum\u00fcnster kommt es zu Ausf\u00e4llen.<\/p>\n<p class=\"text-18 leading-17 user-text-lg:text-22 user-text-xl:text-24\">Auch im Fernverkehr sind die Folgen sp\u00fcrbar. Zwischen Kiel und Hamburg sollen w\u00e4hrend der Bauarbeiten nur zwei von acht Fernzugpaaren verkehren. Zudem entfallen Halte in Itzehoe, Heide, Husum, Nieb\u00fcll und Westerland.<\/p>\n<p class=\"text-18 leading-17 user-text-lg:text-22 user-text-xl:text-24\">Einschr\u00e4nkungen gibt es zudem bei der Nordbahn. Betroffen sind unter anderem die Verbindungen Hamburg\u2013Itzehoe und Hamburg\u2013Wrist. Die Nordbahn hat Ersatzverkehr angek\u00fcndigt.<\/p>\n<p>Bahn b\u00fcndelt mehrere Bauprojekte<\/p>\n<p class=\"text-18 leading-17 user-text-lg:text-22 user-text-xl:text-24\">W\u00e4hrend der Sperrung will die Bahn mehrere Vorhaben gleichzeitig vorantreiben. Geplant sind Arbeiten an den Eisenbahn\u00fcberf\u00fchrungen an der Holstenstra\u00dfe und der Schanzenstra\u00dfe sowie an der neuen Sternbr\u00fccke.<\/p>\n","protected":false},"excerpt":{"rendered":"Neue Gro\u00dfbaustelle Diese Bahnverbindungen sind von der Sommer-Sperrung betroffen Aktualisiert am 12.07.2026 &#8211; 08:59 UhrLesedauer: 2 Min. Regionalexpress&hellip;\n","protected":false},"author":2,"featured_media":1161578,"comment_status":"","ping_status":"","sticky":false,"template":"","format":"standard","meta":{"footnotes":"","_share_on_mastodon":"0"},"categories":[1852],"tags":[522,2724,62625,296,5219,3364,2030,29,41543,548,663,3934,2084,45107,2085,30,23617,692,3601,13,17106,4949,14,15,2087,5718,4664,12,1971,11290,21136,130754],"class_list":["post-1161577","post","type-post","status-publish","format-standard","has-post-thumbnail","category-kiel","tag-522","tag-altona","tag-bahnverbindung","tag-berlin","tag-db","tag-de","tag-deutsche-bahn","tag-deutschland","tag-elmshorn","tag-eu","tag-europa","tag-europe","tag-fahrplanaenderung","tag-fernzug","tag-flensburg","tag-germany","tag-grossbaustelle","tag-hamburg","tag-hauptbahnhof","tag-headlines","tag-itzehoe","tag-kiel","tag-nachrichten","tag-news","tag-pinneberg","tag-regionalbahn","tag-regionalexpress","tag-schlagzeilen","tag-schleswig-holstein","tag-sommerferien","tag-sueddeutschland","tag-westerland"],"share_on_mastodon":{"url":"https:\/\/pubeurope.com\/@de\/116907789358277164","error":""},"_links":{"self":[{"href":"https:\/\/www.europesays.com\/de\/wp-json\/wp\/v2\/posts\/1161577","targetHints":{"allow":["GET"]}}],"collection":[{"href":"https:\/\/www.europesays.com\/de\/wp-json\/wp\/v2\/posts"}],"about":[{"href":"https:\/\/www.europesays.com\/de\/wp-json\/wp\/v2\/types\/post"}],"author":[{"embeddable":true,"href":"https:\/\/www.europesays.com\/de\/wp-json\/wp\/v2\/users\/2"}],"replies":[{"embeddable":true,"href":"https:\/\/www.europesays.com\/de\/wp-json\/wp\/v2\/comments?post=1161577"}],"version-history":[{"count":0,"href":"https:\/\/www.europesays.com\/de\/wp-json\/wp\/v2\/posts\/1161577\/revisions"}],"wp:featuredmedia":[{"embeddable":true,"href":"https:\/\/www.europesays.com\/de\/wp-json\/wp\/v2\/media\/1161578"}],"wp:attachment":[{"href":"https:\/\/www.europesays.com\/de\/wp-json\/wp\/v2\/media?parent=1161577"}],"wp:term":[{"taxonomy":"category","embeddable":true,"href":"https:\/\/www.europesays.com\/de\/wp-json\/wp\/v2\/categories?post=1161577"},{"taxonomy":"post_tag","embeddable":true,"href":"https:\/\/www.europesays.com\/de\/wp-json\/wp\/v2\/tags?post=1161577"}],"curies":[{"name":"wp","href":"https:\/\/api.w.org\/{rel}","templated":true}]}}