{"id":1161583,"date":"2026-07-12T15:49:35","date_gmt":"2026-07-12T15:49:35","guid":{"rendered":"https:\/\/www.europesays.com\/de\/1161583\/"},"modified":"2026-07-12T15:49:35","modified_gmt":"2026-07-12T15:49:35","slug":"trainingsauftakt-in-gladbach-polanski-mit-neuem-trainerstab-nordrhein-westfalen","status":"publish","type":"post","link":"https:\/\/www.europesays.com\/de\/1161583\/","title":{"rendered":"Trainingsauftakt in Gladbach: Polanski mit neuem Trainerstab | Nordrhein-Westfalen"},"content":{"rendered":"<p id=\"absatz1\" class=\"em_text\">Mit gleich sieben Neuzug\u00e4ngen und neuen Co-Trainern ist Fu\u00dfball-Bundesligist Borussia M\u00f6nchengladbach in die Vorbereitung auf die neue Saison gestartet. Bei 28 Grad Celsius richteten sich die Blicke der gut 1500 Zuschauer auf dem Trainingsgel\u00e4nde in M\u00f6nchengladbach nicht nur auf die vielen neuen Gesichtern, sondern auch auf Cheftrainer Eugen Polanski.<\/p>\n<p id=\"absatz2\" class=\"em_text\">Der 40-J\u00e4hrige genie\u00dft nach einer durchwachsenen vergangenen Spielzeit das Vertrauen von Sportchef Rouven Schr\u00f6der, muss aber zeitnah zeigen, dass die Mannschaft konstantere Leistungen bringen kann als in seiner Deb\u00fct-Saison.<\/p>\n<p id=\"absatz4\" class=\"em_text\">\u201eBeim Fu\u00dfballlehrer-Lehrgang haben wir gelernt, wie viel Druck da sein kann\u201d, sagte Polanski nach der ersten Trainingseinheit auf die Frage nach dem Druck in der neuen Saison. \u201eNehme ich mir den jetzt zu Herzen? Bin ich beleidigt, wenn einer was schreibt? Nein, bin ich nicht.\u201d Er sei vergangene Saison erst nach Saisonstart gekommen. \u201eDa konnte ich nicht mehr so brutal viel \u00e4ndern.\u201d<\/p>\n<p>Polanski durfte bleiben, die Co-Trainer nicht<\/p>\n<p><a class=\"article-detail-image use-fancybox\" href=\"https:\/\/www.lz.de\/_em_daten\/_cache\/image\/1xdmErTzJqeW5aMEVSZE9KMlFoU0ZETWwySUhEMGlySGplU09tdCt3eUVBNnBvMTA2T2RPMEpLRDFyWmpSU3R6M0lFeVpnd0kvWmx4M1Z3U0R0WUNRVVBFNWtWMUp2MzJtQm5RblZ2NHlxMGR6VDJIMDhnYU9QR3J4Nk51a1U2MzY\/260712-1514-urn-newsml-dpa-com-20090101-260712-935-1475270.webp\" rel=\"article-detail-image-overlay nofollow noopener\" title=\"Will nach langer Verletzungspause wieder voll angreifen: Tim Kleindienst. - \u00a9 Anke Waelischmiller\/dpa\" target=\"_blank\"><\/p>\n<p><img decoding=\"async\" itemprop=\"image\" class=\"img-responsive media-object\" loading=\"lazy\" width=\"250\" height=\"177\" src=\"https:\/\/www.europesays.com\/de\/wp-content\/uploads\/2026\/07\/260712-1514-urn-newsml-dpa-com-20090101-260712-935-1475270.webp\" alt=\"Will nach langer Verletzungspause wieder voll angreifen: Tim Kleindienst. - \u00a9 Anke Waelischmiller\/dpa\"\/><\/p>\n<p><\/a><\/p>\n<p>Will nach langer Verletzungspause wieder voll angreifen: Tim Kleindienst.<br \/>\n(\u00a9 Anke Waelischmiller\/dpa)<\/p>\n<p id=\"absatz6\" class=\"em_text\">Trotz mauer 38 Punkte und einem zw\u00f6lften Platz hielt Schr\u00f6der an ihm fest. Stattdessen wurden die Co-Trainer ausgetauscht. Jan-Moritz Lichte und Markus Gellhaus ersetzen Oliver Neuville und Guido Streichsbier.<\/p>\n<p id=\"absatz7\" class=\"em_text\">\u00dcber die Ziele f\u00fcr die Saison sagte Polanski: \u201eWir wollen unsere Idee von Fu\u00dfball durchbringen.\u201d Mit den neuen Co-Trainern habe man \u201eandere Typen ins Trainerteam\u201d holen wollen. \u201eWir haben die Chance, von null zu beginnen.\u201d<\/p>\n<p>Schr\u00f6der vermeidet Aussage zu Saisonzielen<\/p>\n<p id=\"absatz8\" class=\"em_text\">Der Neuanfang soll bei den Gladbachern auch mit neuem Personal in allen Mannschaftsteilen gelingen: Torwart Daniel Batz (Mainz 05), Linksverteidiger David Herold (Karlsruher SC), Innenverteidiger Jan Leszczynski (Legia Warschau), Rechtsverteidiger Juchim Konoplja (Schachtar Donezk), Mittelfeldspieler Enzo Leopold (Hannover 96) und St\u00fcrmer Isac Lidberg (Darmstadt 98) sind bei den Fohlen neu dabei.<\/p>\n<p id=\"absatz9\" class=\"em_text\">\u201eUns war wichtig, vor die Welle zu kommen\u201d, sagte Sportchef Schr\u00f6der \u00fcber die fr\u00fchen Transfers, \u201ewir wollten den Konkurrenzkampf von Anfang an dahaben.\u201d Der Kader habe die Qualit\u00e4t, \u201eentsprechende Ergebnisse zu erzielen\u201d. Ein Saisonziel wollte Schr\u00f6der aber noch nicht nennen. \u201eZum richtigen Zeitpunkt gibt es von uns das jeweils richtige Etappenziel.\u201d<\/p>\n<p>Erste Pflichtspiele in Mainz und Leipzig<\/p>\n<p id=\"absatz10\" class=\"em_text\">Anfang August geht es ins Trainingslager am Tegernsee. Am 15. August findet im ista-Borussia-Park die offizielle Saisoner\u00f6ffnung mit einem Testspiel gegen den englischen Erstligisten Aston Villa statt.<\/p>\n<p id=\"absatz11\" class=\"em_text\">In der ersten Pokal-Runde spielt Gladbach am 23. August beim F\u00fcnftligisten TSV Schott Mainz. Zum Bundesliga-Auftakt gastiert die Borussia am letzten August-Wochenende bei RB Leipzig. Das erste Heimspiel ist eine Woche sp\u00e4ter gegen den Aufsteiger SV Elversberg. <\/p>\n","protected":false},"excerpt":{"rendered":"Mit gleich sieben Neuzug\u00e4ngen und neuen Co-Trainern ist Fu\u00dfball-Bundesligist Borussia M\u00f6nchengladbach in die Vorbereitung auf die neue Saison&hellip;\n","protected":false},"author":2,"featured_media":1161584,"comment_status":"","ping_status":"","sticky":false,"template":"","format":"standard","meta":{"footnotes":"","_share_on_mastodon":"0"},"categories":[1849],"tags":[815,299,3364,29,548,7770,663,3934,347,485,30,14337,13,1427,4455,14,15,1209,122230,12,228724,68750],"class_list":["post-1161583","post","type-post","status-publish","format-standard","has-post-thumbnail","category-moenchengladbach","tag-borussia-moenchengladbach","tag-bundesliga","tag-de","tag-deutschland","tag-eu","tag-eugen-polanski","tag-europa","tag-europe","tag-fussball","tag-fussball-bundesliga","tag-germany","tag-gladbach","tag-headlines","tag-mainz","tag-moenchengladbach","tag-nachrichten","tag-news","tag-nordrhein-westfalen","tag-rouven-schroeder","tag-schlagzeilen","tag-trainerstab","tag-trainingsauftakt"],"share_on_mastodon":{"url":"https:\/\/pubeurope.com\/@de\/116907802438556742","error":""},"_links":{"self":[{"href":"https:\/\/www.europesays.com\/de\/wp-json\/wp\/v2\/posts\/1161583","targetHints":{"allow":["GET"]}}],"collection":[{"href":"https:\/\/www.europesays.com\/de\/wp-json\/wp\/v2\/posts"}],"about":[{"href":"https:\/\/www.europesays.com\/de\/wp-json\/wp\/v2\/types\/post"}],"author":[{"embeddable":true,"href":"https:\/\/www.europesays.com\/de\/wp-json\/wp\/v2\/users\/2"}],"replies":[{"embeddable":true,"href":"https:\/\/www.europesays.com\/de\/wp-json\/wp\/v2\/comments?post=1161583"}],"version-history":[{"count":0,"href":"https:\/\/www.europesays.com\/de\/wp-json\/wp\/v2\/posts\/1161583\/revisions"}],"wp:featuredmedia":[{"embeddable":true,"href":"https:\/\/www.europesays.com\/de\/wp-json\/wp\/v2\/media\/1161584"}],"wp:attachment":[{"href":"https:\/\/www.europesays.com\/de\/wp-json\/wp\/v2\/media?parent=1161583"}],"wp:term":[{"taxonomy":"category","embeddable":true,"href":"https:\/\/www.europesays.com\/de\/wp-json\/wp\/v2\/categories?post=1161583"},{"taxonomy":"post_tag","embeddable":true,"href":"https:\/\/www.europesays.com\/de\/wp-json\/wp\/v2\/tags?post=1161583"}],"curies":[{"name":"wp","href":"https:\/\/api.w.org\/{rel}","templated":true}]}}