{"id":1161597,"date":"2026-07-12T15:57:17","date_gmt":"2026-07-12T15:57:17","guid":{"rendered":"https:\/\/www.europesays.com\/de\/1161597\/"},"modified":"2026-07-12T15:57:17","modified_gmt":"2026-07-12T15:57:17","slug":"pfarrer-afatchao-entdeckt-schwimmen-fuer-sich-im-bauernweiher-bei-muenster","status":"publish","type":"post","link":"https:\/\/www.europesays.com\/de\/1161597\/","title":{"rendered":"Pfarrer Afatchao entdeckt Schwimmen f\u00fcr sich im Bauernweiher bei M\u00fcnster"},"content":{"rendered":"<p class=\"mb-6 text-xs-varying md:text-m lg:text-l font-serif group-[.font-sans]:font-sans \">\n    <a href=\"https:\/\/augsburger-allgemeine.de\/bayern\/\" target=\"_self\" class=\"underline \" rel=\"nofollow noopener\">Bayern<\/a> und Togo r\u00fccken auf besondere Weise zusammen, seit der Westafrikaner Joseph Afatchao die Pfarreiengemeinschaft Bayerdilling leitet. Schon seine Amtseinf\u00fchrung im Oktober 2025 geriet in der Bayerdillinger Dorfkirche zu einem ebenso stimmungsvollen wie symboltr\u00e4chtigen Aufeinandertreffen von Lederhose und afrikanischer Tracht, von z\u00fcnftiger Blasmusik und mitrei\u00dfendem Gospelgesang. Seither n\u00e4hern sich beide Kulturen im Alltag immer wieder ein St\u00fcck weiter an &#8211; erst j\u00fcngst im Vortrag \u00fcber seine Heimat \u201eTogo &#8211; to go\u201c.\n  <\/p>\n<p class=\"mb-6 text-xs-varying md:text-m lg:text-l font-serif group-[.font-sans]:font-sans \">\n    Nun ist es der 42-j\u00e4hrige Pfarrer selbst, der eine hiesige Lebensart ganz neu f\u00fcr sich entdeckt, <a href=\"https:\/\/www.augsburger-allgemeine.de\/donauwoerth\/in-bayerdilling-wurde-der-neue-pfarrer-joseph-afatchao-ins-amt-eingefuehrt-111995501\" target=\"_self\" class=\"underline \" rel=\"nofollow noopener\">buchst\u00e4blich mit einem Sprung ins kalte Wasser: W\u00e4hrend n\u00e4mlich an hei\u00dfen Tagen rund um die Seen der Region<\/a> ganz selbstverst\u00e4ndlich Handt\u00fccher ausgebreitet werden und Kinder jauchzend ins Wasser springen, ist Joseph Afatchao auf diesem Gebiet noch Anf\u00e4nger: Er lernt gerade schwimmen. Mehrmals pro Woche trifft man den 42-J\u00e4hrigen inzwischen am Bauernweiher bei <a href=\"https:\/\/www.augsburger-allgemeine.de\/orte\/aa-muenster\" target=\"_self\" class=\"underline \" rel=\"nofollow noopener\">M\u00fcnster<\/a> an \u2013 gemeinsam mit seinem Trainer. Warum ihn ausgerechnet seine neue Wahlheimat dazu gebracht hat, schwimmen zu lernen, und weshalb das in seinem Herkunftsland alles andere als \u00fcblich ist, erz\u00e4hlt der Pfarrer im Gespr\u00e4ch.\n  <\/p>\n<p>            In Togo gibt es andere Sorgen, als Schwimmen zu lernen<\/p>\n<p>    <img decoding=\"async\" src=\"https:\/\/www.europesays.com\/de\/wp-content\/uploads\/2026\/07\/img20260707145928.jpg\" alt=\"Der idyllische Bauernweiher bei M\u00fcnster ist ein beliebter Badesee. Pfarrer Josef nutzt ihn, um schwimmen zu lernen.\" title=\"Der idyllische Bauernweiher bei M\u00fcnster ist ein beliebter Badesee. Pfarrer Josef nutzt ihn, um schwimmen zu lernen.\" loading=\"lazy\" class=\"h-full w-full object-cover\"\/><\/p>\n<p>      Icon vergr\u00f6\u00dfern<\/p>\n<p>    Der idyllische Bauernweiher bei M\u00fcnster ist ein beliebter Badesee. Pfarrer Josef nutzt ihn, um schwimmen zu lernen.<br \/>\n    Foto: Barbara W\u00fcrmseher<\/p>\n<p>        Schlie\u00dfen <\/p>\n<p>      Icon Schlie\u00dfen<\/p>\n<p>        Icon vergr\u00f6\u00dfern<\/p>\n<p>        Icon verkleinern<\/p>\n<p>      Icon Pfeil bewegen<\/p>\n<p>    Der idyllische Bauernweiher bei M\u00fcnster ist ein beliebter Badesee. Pfarrer Josef nutzt ihn, um schwimmen zu lernen.<br \/>\n    Foto: Barbara W\u00fcrmseher<\/p>\n<p class=\"mb-6 text-xs-varying md:text-m lg:text-l font-serif group-[.font-sans]:font-sans \">\n    \u201eEin Gro\u00dfteil der Bev\u00f6lkerung in Togo hat andere Sorgen, als schwimmen zu lernen\u201c, schildert Pfarrer Joseph. \u201eIn erster Linie m\u00fcssen wir Sorge tragen, dass unsere Familien genug zu essen haben und dann  geht es um Bildung. Schwimmen hatte bei mir zu Hause in meiner Familie keine Priorit\u00e4t. Schwimmen ist Luxus &#8211; etwas f\u00fcr die Reichen.\u201c Sein Heimatdorf B\u00e8 (Baguida) geh\u00f6rt verwaltungstechnisch zur Hauptstadt  Lom\u00e9 und liegt am Atlantik. Aber im Meer schwimmen zu lernen sei schwierig &#8211; eher noch geh\u00f6re es f\u00fcr die Menschen dazu, die in D\u00f6rfern an einem Fluss leben. Schwimmb\u00e4der, die es schon auch gebe, st\u00fcnden freilich nur den Wohlhabenden zur Verf\u00fcgung.\n  <\/p>\n<p class=\"mb-6 text-xs-varying md:text-m lg:text-l font-serif group-[.font-sans]:font-sans \">\n    Hier nun im Landkreis Donau-Ries ist alles anders. Als jetzt in den vergangenen Tagen die Temperaturen deutlich \u00fcber die 30-Grad-Marke geklettert sind, hat es sich im Gespr\u00e4ch mit einem Freund so ergeben, \u201edass er mir angeboten hat, mir das Schwimmen beizubringen\u201c, erz\u00e4hlt Pfarrer Joseph, dem die Aussicht auf Abfrischung im k\u00fchlen Nass sofort gut gefallen hat. Etwa sechsmal haben sie seither schon gemeinsam ge\u00fcbt. Und wenn  sein \u201eTrainer\u201c einmal keine Zeit dazu hat, springt ein anderer Bekannter gerne ein, um zur Sicherheit mit dabei zu sein. \u201eAber es funktioniert schon ganz gut\u201c, <a href=\"https:\/\/www.augsburger-allgemeine.de\/donauwoerth\/ein-musikalisches-feuerwerk-auf-der-orgelbank-peter-bader-begeistert-in-gempfing-114556311\" target=\"_self\" class=\"underline \" rel=\"nofollow noopener\">sagt Pfarrer Joseph, der sich freut, auch ohne Schwimmweste schon etliche Z\u00fcge zu schaffen.<\/a>\n  <\/p>\n<p class=\"mb-6 text-xs-varying md:text-m lg:text-l font-serif group-[.font-sans]:font-sans \">\n    Ohnehin ist es ihm eine sehr gro\u00dfe Freude, sich drau\u00dfen im Freien aufzuhalten. \u201eMan sp\u00fcrt die Natur\u201c, schildert er, wie sehr er das Erlebnis Wasser und Landschaft genie\u00dft. \u201eWenn ich schwimme dann nehme ich das als Auszeit wahr.\u201c Trotzdem ist er auch in diesen Momenten immer offen f\u00fcr Begegnungen. \u201eEs ist f\u00fcr mich eine weitere M\u00f6glichkeit, im Alltag zu den Menschen dazuzugeh\u00f6ren. Ein Pfarrer soll in der Mitte der Menschen sein.\u201c Joseph Afatchao sieht seine pers\u00f6nliche \u00dcberzeugung hier ganz im Sinne der Botschaft von Papst Franziskus, der sagt: \u201eDie Kirche muss jetzt zu den Leuten gehen.\u201c Und er erg\u00e4nzt schmunzelnd: \u201eAlso wenn mit mir jemand am Bauernweiher \u00fcber Gott reden will, bin ich gerne dazu bereit.\u201c\n  <\/p>\n<p>            Nur einer musste nicht schwimmen lernen &#8211; er konnte \u00fcber\u2018s Wasser laufen<\/p>\n<p class=\"mb-6 text-xs-varying md:text-m lg:text-l font-serif group-[.font-sans]:font-sans \">\n    Sein neues Hobby rangiert in der Bedeutung freilich immer noch hinter seinen vielen Aufgaben als Priester und Seelsorger. Pfarrer Josephs Einzugsbereich ist ziemlich gro\u00df, erstreckt sich \u00fcber Bayerdilling, <a href=\"https:\/\/www.augsburger-allgemeine.de\/donauwoerth\/ort\/holzheim\" target=\"_self\" class=\"underline \" rel=\"nofollow noopener\">Holzheim<\/a>, M\u00fcnster, Gempfing, Wallerdorf, Etting, Oberpeiching und die kleinen D\u00f6rfer, die dort jeweils noch dazugeh\u00f6ren. Einer der n\u00e4chsten H\u00f6hepunkte, die in seiner Pfarreiengemeinschaft anstehen, ist eine Afrikanische Messe am 2. August um 10 Uhr in Holzheim. Dann sind dort auch sein afrikanischer Chor \u201eLes Cherubins\u201c (Engel, die vor Gott singen) und die Trommelgruppe \u201eN\u2018tifafa\u201c (Friede) mit dabei.\n  <\/p>\n<p class=\"mb-6 text-xs-varying md:text-m lg:text-l font-serif group-[.font-sans]:font-sans \">\n    Doch wann immer Dienstplan, Wetter und Freizeit es zulassen, zieht es ihn an den M\u00fcnsterer Bauernweiher, um das Schwimmen noch besser zu lernen. \u201eDie Technik beherrsche ich jetzt soweit, jetzt muss ich einfach noch trainieren\u201c, sagt Pfarrer Joseph. Und da hilft nur \u00fcben, \u00fcben, \u00fcben. Schlie\u00dflich wei\u00df auch er, dass es nur einen einzigen gegeben hat, der das nicht n\u00f6tig hatte. Deshalb n\u00e4mlich, weil er \u00fcber\u2018s Wasser laufen konnte &#8230;\n  <\/p>\n","protected":false},"excerpt":{"rendered":"Bayern und Togo r\u00fccken auf besondere Weise zusammen, seit der Westafrikaner Joseph Afatchao die Pfarreiengemeinschaft Bayerdilling leitet. Schon&hellip;\n","protected":false},"author":2,"featured_media":1161598,"comment_status":"","ping_status":"","sticky":false,"template":"","format":"standard","meta":{"footnotes":"","_share_on_mastodon":"0"},"categories":[1843],"tags":[10072,772,243615,3364,29,30,243616,1093,8970,1209,81913,243613,243614,47260],"class_list":["post-1161597","post","type-post","status-publish","format-standard","has-post-thumbnail","category-muenster","tag-atlantik","tag-bayern","tag-be","tag-de","tag-deutschland","tag-germany","tag-lome","tag-luxus","tag-muenster","tag-nordrhein-westfalen","tag-pfarreiengemeinschaft","tag-priesterrobe","tag-schwimmweste","tag-togo"],"share_on_mastodon":{"url":"https:\/\/pubeurope.com\/@de\/116907833474906818","error":""},"_links":{"self":[{"href":"https:\/\/www.europesays.com\/de\/wp-json\/wp\/v2\/posts\/1161597","targetHints":{"allow":["GET"]}}],"collection":[{"href":"https:\/\/www.europesays.com\/de\/wp-json\/wp\/v2\/posts"}],"about":[{"href":"https:\/\/www.europesays.com\/de\/wp-json\/wp\/v2\/types\/post"}],"author":[{"embeddable":true,"href":"https:\/\/www.europesays.com\/de\/wp-json\/wp\/v2\/users\/2"}],"replies":[{"embeddable":true,"href":"https:\/\/www.europesays.com\/de\/wp-json\/wp\/v2\/comments?post=1161597"}],"version-history":[{"count":0,"href":"https:\/\/www.europesays.com\/de\/wp-json\/wp\/v2\/posts\/1161597\/revisions"}],"wp:featuredmedia":[{"embeddable":true,"href":"https:\/\/www.europesays.com\/de\/wp-json\/wp\/v2\/media\/1161598"}],"wp:attachment":[{"href":"https:\/\/www.europesays.com\/de\/wp-json\/wp\/v2\/media?parent=1161597"}],"wp:term":[{"taxonomy":"category","embeddable":true,"href":"https:\/\/www.europesays.com\/de\/wp-json\/wp\/v2\/categories?post=1161597"},{"taxonomy":"post_tag","embeddable":true,"href":"https:\/\/www.europesays.com\/de\/wp-json\/wp\/v2\/tags?post=1161597"}],"curies":[{"name":"wp","href":"https:\/\/api.w.org\/{rel}","templated":true}]}}