{"id":1161604,"date":"2026-07-12T16:01:22","date_gmt":"2026-07-12T16:01:22","guid":{"rendered":"https:\/\/www.europesays.com\/de\/1161604\/"},"modified":"2026-07-12T16:01:22","modified_gmt":"2026-07-12T16:01:22","slug":"larus-thiel-erreich-bei-jugend-em-sein-zweites-finale","status":"publish","type":"post","link":"https:\/\/www.europesays.com\/de\/1161604\/","title":{"rendered":"Larus Thiel erreich bei Jugend-EM sein zweites Finale"},"content":{"rendered":"<p class=\"text_ohne_einzug richtext text-em-55 !leading-serif mx-6 desktop:mx-0\">W\u00e4hrend ihre ersten Jugendeuropameisterschaften f\u00fcr Schwimm-As Luisa Herrmann vom SV Bayer Wuppertal seit Samstag beendet sind, bestreitet Vereinskollege Larus Thiel am Sonntagabend zum Abschluss der Titelk\u00e4mpfe sein zweites Finale.<\/p>\n<p class=\"richtext text-em-55 !leading-serif mx-6 desktop:mx-0\">Beide 17-J\u00e4hrigen waren am Samstag \u00fcber 50 m Schmetterling gestartet und h\u00e4tten mit ihrer Zeit aus den Vorl\u00e4ufen auch beide das Halbfinale am Abend erreicht. W\u00e4hrend das im Fall Thiel, der in 23,98 Sekunden die achtbeste Vorlaufzeit hinlegte, auch Realit\u00e4t wurde, durfte Luisa Herrmann trotz der mit 27,25 neuntbesten Vorlaufzeit nicht noch einmal mit den besten 16 starten. Pro Nation sind im Halbfinale bei der JEM n\u00e4mlich nur zwei Athleten zugelassen und sowohl Lara Vandenhirtz als auch Yara Riefstahl waren schneller als Herrmann gewesen. \u201eGut f\u00fcr die Nation, \u00e4rgerlich f\u00fcr mich\u201c, schrieb sie nach Hause zu ihren Trainern. \u201eNoch mehr \u00e4rgert mich aber, dass ich keinen optimalen Lauf hinbekommen habe\u201c, sagte sie am Sonntag zur WZ. Der \u00dcbergang zwischen den Kicks nach dem Start und dem Einsetzen der Arme habe nicht gestimmt. Sie sei noch zu tief im Wasser gewesen und habe sich selbst dadurch leicht gebremst. \u201eDaf\u00fcr war die Zeit noch okay\u201c, sagte sie. In 27,25 Sekunden war sie drei Zehntel \u00fcber ihrer bei der DM in diesem Jahr aufgestellten Bestzeit von 26.90 geblieben. Die h\u00e4tte anhand der Halbfinalzeiten sogar f\u00fcrs Finale gereicht, wobei sie im Vorlauf schon 26,86 h\u00e4tte schwimmen m\u00fcssen, um schneller zu sein als die zweitschnellste Deutsche Yara Riefstahl.<\/p>\n<p class=\"richtext text-em-55 !leading-serif mx-6 desktop:mx-0\">Am Sonntag will Herrmann jetzt in M\u00fcnchen noch die Staffeln und nat\u00fcrlich Kollege Larus Thiel bei deren Finals anfeuern. Thiel hatte sich am Samstagabend im Halbfinale \u00fcber 50 m noch einmal auf 23,86 Sekunden gesteigert und geht als Siebtschnellster ins Finale, das laut Plan um 19.02 Uhr gestartet wird. Die Abst\u00e4nde nach dem Halbfinale sind allerdings sehr gering. Auf Platz drei fehlen Thiel nur 13 Hundertstel Sekunden.<\/p>\n<p class=\"richtext text-em-55 !leading-serif mx-6 desktop:mx-0\">F\u00fcr Thiel ist es bei den Titelk\u00e4mpfen sein zweites Finale, nachdem er, wie berichtet bereits \u00fcber 50 m Freistil F\u00fcnfter geworden war.<\/p>\n","protected":false},"excerpt":{"rendered":"W\u00e4hrend ihre ersten Jugendeuropameisterschaften f\u00fcr Schwimm-As Luisa Herrmann vom SV Bayer Wuppertal seit Samstag beendet sind, bestreitet Vereinskollege&hellip;\n","protected":false},"author":2,"featured_media":1161605,"comment_status":"","ping_status":"","sticky":false,"template":"","format":"standard","meta":{"footnotes":"","_share_on_mastodon":"0"},"categories":[1840],"tags":[3364,29,2665,30,63585,2245,31499,61699,36954,1209,75237,19422,4454,43238,4418,43199],"class_list":["post-1161604","post","type-post","status-publish","format-standard","has-post-thumbnail","category-wuppertal","tag-de","tag-deutschland","tag-finale","tag-germany","tag-gestartet","tag-halbfinale","tag-herrmann","tag-larus","tag-luisa","tag-nordrhein-westfalen","tag-schwimm","tag-sekunden","tag-start","tag-thiel","tag-wuppertal","tag-zweites"],"share_on_mastodon":{"url":"https:\/\/pubeurope.com\/@de\/116907847686880334","error":""},"_links":{"self":[{"href":"https:\/\/www.europesays.com\/de\/wp-json\/wp\/v2\/posts\/1161604","targetHints":{"allow":["GET"]}}],"collection":[{"href":"https:\/\/www.europesays.com\/de\/wp-json\/wp\/v2\/posts"}],"about":[{"href":"https:\/\/www.europesays.com\/de\/wp-json\/wp\/v2\/types\/post"}],"author":[{"embeddable":true,"href":"https:\/\/www.europesays.com\/de\/wp-json\/wp\/v2\/users\/2"}],"replies":[{"embeddable":true,"href":"https:\/\/www.europesays.com\/de\/wp-json\/wp\/v2\/comments?post=1161604"}],"version-history":[{"count":0,"href":"https:\/\/www.europesays.com\/de\/wp-json\/wp\/v2\/posts\/1161604\/revisions"}],"wp:featuredmedia":[{"embeddable":true,"href":"https:\/\/www.europesays.com\/de\/wp-json\/wp\/v2\/media\/1161605"}],"wp:attachment":[{"href":"https:\/\/www.europesays.com\/de\/wp-json\/wp\/v2\/media?parent=1161604"}],"wp:term":[{"taxonomy":"category","embeddable":true,"href":"https:\/\/www.europesays.com\/de\/wp-json\/wp\/v2\/categories?post=1161604"},{"taxonomy":"post_tag","embeddable":true,"href":"https:\/\/www.europesays.com\/de\/wp-json\/wp\/v2\/tags?post=1161604"}],"curies":[{"name":"wp","href":"https:\/\/api.w.org\/{rel}","templated":true}]}}