{"id":1161623,"date":"2026-07-12T16:12:18","date_gmt":"2026-07-12T16:12:18","guid":{"rendered":"https:\/\/www.europesays.com\/de\/1161623\/"},"modified":"2026-07-12T16:12:18","modified_gmt":"2026-07-12T16:12:18","slug":"robert-menasse-in-ulm-leidenschaftliches-plaedoyer-fuer-europa-und-die-kraft-der-literatur","status":"publish","type":"post","link":"https:\/\/www.europesays.com\/de\/1161623\/","title":{"rendered":"Robert Menasse in Ulm: Leidenschaftliches Pl\u00e4doyer f\u00fcr Europa und die Kraft der Literatur"},"content":{"rendered":"<p class=\"mb-6 text-xs-varying md:text-m lg:text-l font-serif group-[.font-sans]:font-sans \">\n    Das Donaufest lockte einen der bekanntesten Autoren \u00d6sterreichs nach <a href=\"https:\/\/www.augsburger-allgemeine.de\/neu-ulm\/ort\/ulm\" target=\"_self\" class=\"underline \" rel=\"nofollow noopener\">Ulm<\/a>: Robert Menasse spart nicht mit drastischen Bildern, wenn er \u00fcber die Europ\u00e4ische Union spricht. Seine Kritik ist scharf, bisweilen vernichtend \u2013 und leidenschaftlich. Sie entspringt einer gl\u00fchenden \u00dcberzeugung, dass das europ\u00e4ische Projekt \u201edas Beste ist, was man nach der Katastrophe des Zweiten Weltkriegs ins Leben rufen konnte\u201c. Doch er verzweifelt am derzeitigen politischen Personal. Dem entspringt vielleicht der Ansporn zu seiner Novelle \u201eDie Lebensentscheidung\u201c, die er im Ulmer Stadthaus vorstellte. Denis Scheck f\u00fchrte durch den Abend und gab seinem Gespr\u00e4chspartner den Raum, \u00fcber Literatur und Europa gleicherma\u00dfen zu sprechen. Menasse antwortete mit Witz, Wiener Schm\u00e4h und jener Unverbl\u00fcmtheit, die seine \u00f6ffentlichen Auftritte ebenso pr\u00e4gt wie seine Prosa.\n  <\/p>\n","protected":false},"excerpt":{"rendered":"Das Donaufest lockte einen der bekanntesten Autoren \u00d6sterreichs nach Ulm: Robert Menasse spart nicht mit drastischen Bildern, wenn&hellip;\n","protected":false},"author":2,"featured_media":1161624,"comment_status":"","ping_status":"","sticky":false,"template":"","format":"standard","meta":{"footnotes":"","_share_on_mastodon":"0"},"categories":[3933],"tags":[331,332,97001,243619,548,663,158,3934,3935,181085,13,181086,14,15,181084,1433,50350,12,12755,243618],"class_list":["post-1161623","post","type-post","status-publish","format-standard","has-post-thumbnail","category-eu","tag-aktuelle-nachrichten","tag-aktuelle-news","tag-denis-scheck","tag-donaufest","tag-eu","tag-europa","tag-europaeische-union","tag-europe","tag-european-union","tag-franz-fiala","tag-headlines","tag-lebensentscheidung","tag-nachrichten","tag-news","tag-novelle","tag-oesterreich","tag-robert-menasse","tag-schlagzeilen","tag-ulm","tag-ulmer-stadthaus"],"share_on_mastodon":{"url":"https:\/\/pubeurope.com\/@de\/116907891464740339","error":""},"_links":{"self":[{"href":"https:\/\/www.europesays.com\/de\/wp-json\/wp\/v2\/posts\/1161623","targetHints":{"allow":["GET"]}}],"collection":[{"href":"https:\/\/www.europesays.com\/de\/wp-json\/wp\/v2\/posts"}],"about":[{"href":"https:\/\/www.europesays.com\/de\/wp-json\/wp\/v2\/types\/post"}],"author":[{"embeddable":true,"href":"https:\/\/www.europesays.com\/de\/wp-json\/wp\/v2\/users\/2"}],"replies":[{"embeddable":true,"href":"https:\/\/www.europesays.com\/de\/wp-json\/wp\/v2\/comments?post=1161623"}],"version-history":[{"count":0,"href":"https:\/\/www.europesays.com\/de\/wp-json\/wp\/v2\/posts\/1161623\/revisions"}],"wp:featuredmedia":[{"embeddable":true,"href":"https:\/\/www.europesays.com\/de\/wp-json\/wp\/v2\/media\/1161624"}],"wp:attachment":[{"href":"https:\/\/www.europesays.com\/de\/wp-json\/wp\/v2\/media?parent=1161623"}],"wp:term":[{"taxonomy":"category","embeddable":true,"href":"https:\/\/www.europesays.com\/de\/wp-json\/wp\/v2\/categories?post=1161623"},{"taxonomy":"post_tag","embeddable":true,"href":"https:\/\/www.europesays.com\/de\/wp-json\/wp\/v2\/tags?post=1161623"}],"curies":[{"name":"wp","href":"https:\/\/api.w.org\/{rel}","templated":true}]}}