{"id":1161673,"date":"2026-07-12T16:40:21","date_gmt":"2026-07-12T16:40:21","guid":{"rendered":"https:\/\/www.europesays.com\/de\/1161673\/"},"modified":"2026-07-12T16:40:21","modified_gmt":"2026-07-12T16:40:21","slug":"er-ueberlebte-ukraine-krieg-jetzt-muss-yurii-wegen-einer-bombe-aus-der-klinik-regional","status":"publish","type":"post","link":"https:\/\/www.europesays.com\/de\/1161673\/","title":{"rendered":"Er \u00fcberlebte Ukraine-Krieg: Jetzt muss Yurii wegen einer Bombe aus der Klinik | Regional"},"content":{"rendered":"<p><a class=\"skip-content skip-content--link\" href=\"#in-content-skip-link-target-v-0-0\">TTS-Player \u00fcberspringen\u21b5<\/a><a id=\"in-content-skip-link-target-v-0-0\" class=\"skip-content--target-link-hidden skip-content skip-content--target-link\" href=\"#in-content-skip-link-target-v-0-0\">Artikel weiterlesen<\/a><\/p>\n<p>K\u00f6ln (NRW) \u2013 <b>Mit einer M\u00fctze auf dem Kopf sitzt Yurii (11) auf einer Bank vor der Kinderklinik. Neben ihm stehen ein Rucksack und eine T\u00fcte mit leeren Pfandflaschen. Geduldig beobachtet der schwer verletzte Junge, wie ein Rettungswagen nach dem anderen mit Blaulicht vorf\u00e4hrt und wieder davonrast. Ausgerechnet heute muss auch er das Krankenhaus verlassen \u2013 den Ort, der f\u00fcr ihn seit fast drei Jahren zu einem zweites Zuhause geworden ist.<\/b><\/p>\n<p>Wegen eines Bombenfundes in der N\u00e4he der Klinik m\u00fcssen alle 43 kleinen Patienten kurzfristig evakuiert werden. F\u00fcr das Kinderkrankenhaus an der Amsterdamer Stra\u00dfe in K\u00f6ln (<a href=\"https:\/\/www.bild.de\/regional\/nordrhein-westfalen\/home-npIP0qL0giWP1ZFIOHn2\" class=\"text-link\" rel=\"nofollow noopener\" target=\"_blank\">NRW<\/a>) ist es eine Ausnahmesituation, wie es sie noch nie gab.<\/p>\n<p><img decoding=\"async\" width=\"992\" height=\"558\" alt=\"Auf einem Privatgrundst\u00fcck nahe des Kinderkrankenhauses wurde die 500-Kilo-Bombe aus dem Zweiten Weltkrieg entdeckt\" loading=\"lazy\" src=\"https:\/\/www.europesays.com\/de\/wp-content\/uploads\/2026\/07\/ec0869a876455dfbdb0209784ee89ae5,9f94f725.jpeg\"   class=\"landscape\"\/><\/p>\n<p class=\"fig__caption__text\">Auf einem Privatgrundst\u00fcck nahe des Kinderkrankenhauses wurde die 500-Kilo-Bombe aus dem Zweiten Weltkrieg entdeckt <\/p>\n<p>Foto: Patric Fouad<\/p>\n<p>Yurii \u00fcberlebte Explosion in der Ukraine<\/p>\n<p>Yurii war ein ganz normaler Junge \u2013 bis zu dem Tag, an dem <a href=\"https:\/\/www.bild.de\/politik\/ausland-und-internationales\/krieg-in-der-ukraine-experten-erklaeren-wie-kiew-putin-besiegen-koennte-6a3a757884d1ec4a45f99eb3\" class=\"text-link\" rel=\"nofollow noopener\" target=\"_blank\">Russland die Ukraine angriff<\/a>. Der Krieg hat den Elfj\u00e4hrigen schwer gezeichnet. Seine Augenbrauen und Lider sind versengt, mehrere Finger mussten amputiert werden. Gro\u00dfe Teile seiner Haut sind verbrannt.<\/p>\n<p><img decoding=\"async\" width=\"992\" height=\"1452\" alt=\"Yurii im Alter von 6 Jahren\" loading=\"lazy\" src=\"https:\/\/www.europesays.com\/de\/wp-content\/uploads\/2026\/07\/388c01b3838da6de8e3d91f224a8a8d6,a6aca439.jpeg\"   class=\"dynamic\"\/><\/p>\n<p class=\"fig__caption__text\">Yurii im Alter von 6 Jahren<\/p>\n<p>\u201eEine \u00d6lraffinerie in der N\u00e4he unseres Dorfes Strymba war im September 2023 explodiert\u201c, berichtet Yuriis Vater Mikhailo (38). Ob durch Raketen oder Bombardement der Russen \u2013 unklar.<\/p>\n<p>Explosion zerst\u00f6rte 80 Prozent seiner Haut<\/p>\n<p>Yurii und ein Freund (13) spielten in der N\u00e4he eines Flusses, als das Inferno ausbrach und sie von einer <a href=\"https:\/\/www.bild.de\/themen\/ereignisse\/braende-und-feuer-kcCBhSDxfE9cAkTeE6kA\" class=\"text-link\" rel=\"nofollow noopener\" target=\"_blank\">Feuerwalze<\/a> erfasst wurden. Beide Kinder erlitten schwerste Verbrennungen. Bei Yurii wurden rund 80 Prozent der Hautoberfl\u00e4che zerst\u00f6rt.<\/p>\n<p><img decoding=\"async\" width=\"992\" height=\"558\" alt=\"Fortlaufend holten Einsatzfahrzeuge am Freitag die kleinen Patienten im Kinderkrankenhaus ab\" loading=\"lazy\" src=\"https:\/\/www.europesays.com\/de\/wp-content\/uploads\/2026\/07\/c3aa4e3f107cf2120140ffbf984f4de9,da8d7506.jpeg\"   class=\"landscape\"\/><\/p>\n<p class=\"fig__caption__text\">Fortlaufend holten Einsatzfahrzeuge am Freitag die kleinen Patienten im Kinderkrankenhaus ab<\/p>\n<p>Foto: Patric Fouad<\/p>\n<p>Unmittelbar nach der Katastrophe wurde er mit seiner Familie nach Deutschland ausgeflogen. Seitdem wird er regelm\u00e4\u00dfig im K\u00f6lner Kinderkrankenhaus behandelt. Die Klinik z\u00e4hlt zu den besten Zentren f\u00fcr schwerstbrandverletzte Kinder und ist f\u00fcr Yurii l\u00e4ngst wie ein zweites Zuhause.<\/p>\n<p>Yurii wurde bereits 50-mal operiert<\/p>\n<p>\u201eWir fahren jetzt erst mal nach Hause nach Lindweiler\u201c, sagt Yuriis Vater. \u201eMein Sohn hielt sich drei Tage in der Klinik auf. Ihm wurde Haut vom Bein entnommen und auf die rechte Hand transplantiert.\u201c Als Vater und Sohn das <a href=\"https:\/\/www.bild.de\/themen\/organisationen\/krankenhaus\/krankenhaus-nachrichten-news-fotos-videos-42750176.bild.html\" class=\"text-link\" rel=\"nofollow noopener\" target=\"_blank\">Krankenhaus<\/a> verlassen und zum Auto gehen, l\u00e4chelt der Elfj\u00e4hrige und sagt: \u201eIch wurde 50-mal operiert.\u201c Sein Vater wei\u00df: Viele weitere Eingriffe werden folgen.<\/p>\n<p><img decoding=\"async\" width=\"992\" height=\"922\" alt=\"Yuri (11) verl\u00e4sst am Tag der Bomben-Evakuierung das Kinderkrankenhaus. Sein Papa Mykhailo (38) holte ihn mit dem Auto ab\" loading=\"lazy\" src=\"https:\/\/www.europesays.com\/de\/wp-content\/uploads\/2026\/07\/b16b806d4a4b9a893a064baac5b43cc6,719926c6.jpeg\"   class=\"dynamic\"\/><\/p>\n<p class=\"fig__caption__text\">Yuri (11) verl\u00e4sst am Tag der Bomben-Evakuierung das Kinderkrankenhaus. Mykhailo Dzebchuk (38), sein Papa, holte ihn aus der Klinik ab<\/p>\n<p>Foto: Patric Fouad<\/p>\n<p>Unterdessen verl\u00e4uft die R\u00e4umung der Klinik ohne Zwischenf\u00e4lle. Unter den 43 Kindern befinden sich laut Stadt <a href=\"https:\/\/www.bild.de\/regional\/koeln\/koeln-regional\/home-16344378.bild.html\" class=\"text-link\" rel=\"nofollow noopener\" target=\"_blank\">K\u00f6ln<\/a> 20 intensivmedizinische Patienten, darunter auch Fr\u00fchchen. Sie werden teilweise gemeinsam mit ihren Eltern in ein Krankenhaus im Stadtteil Holweide verlegt. Im Umkreis des Bombenfundes m\u00fcssen au\u00dferdem rund 4300 Menschen ihre Wohnungen und H\u00e4user verlassen.<\/p>\n<p>Bombe in K\u00f6ln erfolgreich entsch\u00e4rft<\/p>\n<p>Am Nachmittag geben die Experten des Kampfmittelbeseitigungsdienstes Entwarnung: Die amerikanische Zehn-Zentner-Bombe mit Front- und Heckaufschlagz\u00fcnder wird erfolgreich entsch\u00e4rft. Die Anwohner kehren nach und nach in ihre Wohnungen zur\u00fcck. Die K\u00f6lner Kinderklinik bleibt am Freitag geschlossen. Laut Stadt sollen die kleinen Patienten am Samstag zur\u00fcckkehren, dann soll auch der regul\u00e4re Betrieb wieder aufgenommen werden.<\/p>\n<p><img decoding=\"async\" width=\"992\" height=\"701\" alt=\"Das Team vom Kampfmittelbeseitigungsdienst hat die 500-Kilo-Weltkriegsbombe erfolgreich entsch\u00e4rft\" loading=\"lazy\" src=\"https:\/\/www.europesays.com\/de\/wp-content\/uploads\/2026\/07\/0e5b125a67aaa75eaf5a997ef8b967e1,62d093d5.jpeg\"   class=\"dynamic\"\/><\/p>\n<p class=\"fig__caption__text\">Das Team vom Kampfmittelbeseitigungsdienst hat die 500-Kilo-Weltkriegsbombe erfolgreich entsch\u00e4rft<\/p>\n<p>Foto: Stadt K\u00f6ln<\/p>\n","protected":false},"excerpt":{"rendered":"TTS-Player \u00fcberspringen\u21b5Artikel weiterlesen K\u00f6ln (NRW) \u2013 Mit einer M\u00fctze auf dem Kopf sitzt Yurii (11) auf einer Bank&hellip;\n","protected":false},"author":2,"featured_media":1161674,"comment_status":"","ping_status":"","sticky":false,"template":"","format":"standard","meta":{"footnotes":"","_share_on_mastodon":"0"},"categories":[1828],"tags":[29,6308,987,30,1669,1114,34314,1420,1209,317,11192,73738],"class_list":["post-1161673","post","type-post","status-publish","format-standard","has-post-thumbnail","category-koeln","tag-deutschland","tag-evakuierung","tag-feuer","tag-germany","tag-haut","tag-kinder","tag-kinderklinik","tag-koeln","tag-nordrhein-westfalen","tag-ukraine","tag-weltkriegsbombe","tag-xanthopoulos-georgios"],"share_on_mastodon":{"url":"https:\/\/pubeurope.com\/@de\/116908001558504309","error":""},"_links":{"self":[{"href":"https:\/\/www.europesays.com\/de\/wp-json\/wp\/v2\/posts\/1161673","targetHints":{"allow":["GET"]}}],"collection":[{"href":"https:\/\/www.europesays.com\/de\/wp-json\/wp\/v2\/posts"}],"about":[{"href":"https:\/\/www.europesays.com\/de\/wp-json\/wp\/v2\/types\/post"}],"author":[{"embeddable":true,"href":"https:\/\/www.europesays.com\/de\/wp-json\/wp\/v2\/users\/2"}],"replies":[{"embeddable":true,"href":"https:\/\/www.europesays.com\/de\/wp-json\/wp\/v2\/comments?post=1161673"}],"version-history":[{"count":0,"href":"https:\/\/www.europesays.com\/de\/wp-json\/wp\/v2\/posts\/1161673\/revisions"}],"wp:featuredmedia":[{"embeddable":true,"href":"https:\/\/www.europesays.com\/de\/wp-json\/wp\/v2\/media\/1161674"}],"wp:attachment":[{"href":"https:\/\/www.europesays.com\/de\/wp-json\/wp\/v2\/media?parent=1161673"}],"wp:term":[{"taxonomy":"category","embeddable":true,"href":"https:\/\/www.europesays.com\/de\/wp-json\/wp\/v2\/categories?post=1161673"},{"taxonomy":"post_tag","embeddable":true,"href":"https:\/\/www.europesays.com\/de\/wp-json\/wp\/v2\/tags?post=1161673"}],"curies":[{"name":"wp","href":"https:\/\/api.w.org\/{rel}","templated":true}]}}