{"id":1161715,"date":"2026-07-12T17:03:25","date_gmt":"2026-07-12T17:03:25","guid":{"rendered":"https:\/\/www.europesays.com\/de\/1161715\/"},"modified":"2026-07-12T17:03:25","modified_gmt":"2026-07-12T17:03:25","slug":"iran-mysterioeser-maskenmann-befeuert-geruechte-um-entstellten-chamenei-politik","status":"publish","type":"post","link":"https:\/\/www.europesays.com\/de\/1161715\/","title":{"rendered":"Iran: Mysteri\u00f6ser Maskenmann befeuert Ger\u00fcchte um entstellten Chamenei | Politik"},"content":{"rendered":"<p><a class=\"skip-content skip-content--link\" href=\"#in-content-skip-link-target-v-0-0\">TTS-Player \u00fcberspringen\u21b5<\/a><a id=\"in-content-skip-link-target-v-0-0\" class=\"skip-content--target-link-hidden skip-content skip-content--target-link\" href=\"#in-content-skip-link-target-v-0-0\">Artikel weiterlesen<\/a><\/p>\n<p data-83f060b9=\"0-2346\">Teheran \u2013 <b>Er sah ganz anders aus als die b\u00e4rtigen Mullahs um ihn herum: Baseballcap statt Turban, Sturmhaube statt offenem Gesicht. Bei der Trauerfeier f\u00fcr den get\u00f6teten Ober-Mullah Ajatollah Ali Chamenei sorgte ein mysteri\u00f6ser Maskenmann f\u00fcr Stirnrunzeln. Beobachter r\u00e4tseln: Schmuggelte sich Irans neuer F\u00fchrer Modschtaba Chamenei (56) wom\u00f6glich heimlich unter die Trauergemeinde f\u00fcr seinen Vater?<\/b><\/p>\n<p data-83f060b9=\"0-2346\">Vor der Trauerfeier hatte es in <a href=\"https:\/\/www.bild.de\/news\/ausland\/iran\/thema-iran-alle-infos-80032832.bild.html\" class=\"text-link\" rel=\"nofollow noopener\" target=\"_blank\">iranischen<\/a> Medien Ger\u00fcchte gegeben, dass der Oberste F\u00fchrer die Beerdigung nutzen k\u00f6nnte, um erstmals zu seinen Anh\u00e4ngern zu sprechen. Als das Totengebet aber dann doch von dem Geistlichen Dschafar Sobhani (97) gehalten wurde, gab es innerhalb des Regimes Kritik. Der Vorwurf: Chamenei sei eine Art Phantom und m\u00fcsse jetzt endlich Pr\u00e4senz zeigen. Denn: In mehr als vier Monaten ist er kein einziges Mal \u00f6ffentlich aufgetreten.<\/p>\n<p><img decoding=\"async\" width=\"992\" height=\"1178\" alt=\"Der Maskenmann durfte sogar den Sarg eines get\u00f6teten Familienmitglieds von Ali Chamenei tragen\" loading=\"lazy\" src=\"https:\/\/www.europesays.com\/de\/wp-content\/uploads\/2026\/07\/228b8518222a69880b5f8200abddc9f5,c9f5ad8.jpeg\"   class=\"portrait\"\/><\/p>\n<p class=\"fig__caption__text\">Der Maskenmann durfte sogar den Sarg eines get\u00f6teten Familienmitglieds von Ali Chamenei tragen <\/p>\n<p>Foto: Iran International<\/p>\n<p data-83f060b9=\"0-2346\">Dabei soll Chamenei mindestens einen guten Grund haben, um das Rampenlicht zu meiden: Bei dem <a href=\"https:\/\/www.bild.de\/news\/ausland\/usa\/thema-usa-alle-infos-80032950.bild.html\" class=\"text-link\" rel=\"nofollow noopener\" target=\"_blank\">US<\/a>-Luftangriff, der seinem Vater das Leben kostete, soll auch er selbst schwer verletzt worden sein. Der neue F\u00fchrer sei \u201ev<a href=\"https:\/\/www.bild.de\/politik\/ausland-und-internationales\/us-kriegsminister-zu-iran-ober-mullah-modschtaba-chamenei-wahrscheinlich-entstellt-69b3ff90d1bd2a38634d694c\" class=\"text-link\" rel=\"nofollow noopener\" target=\"_blank\">erwundet und wahrscheinlich entstellt<\/a>\u201c, verk\u00fcndete US-Kriegsminister Pete Hegseth (46) kurz nach dessen Berufung Anfang M\u00e4rz. Doch k\u00f6nnte er tats\u00e4chlich der Mann hinter der Maske gewesen sein?<\/p>\n<p>Auch Modschtabas Neffe wurde verletzt<\/p>\n<p data-83f060b9=\"0-2346\">Sicher ist: Modschtaba Chamenei lebt gef\u00e4hrlich. Seit Kriegsbeginn war es den USA und <a href=\"https:\/\/www.bild.de\/news\/ausland\/israel\/thema-israel-alle-infos-80028948.bild.html\" class=\"text-link\" rel=\"nofollow noopener\" target=\"_blank\">Israel<\/a> immer wieder gelungen, wichtige Anf\u00fchrer des Regimes gezielt auszuschalten. Zuletzt drohte US-Pr\u00e4sident Donald Trump (80) dem Iran abermals mit \u201e<a href=\"https:\/\/www.bild.de\/politik\/ausland-und-internationales\/bereit-iran-vollstaendig-zu-vernichten-trump-reagiert-auf-morddrohungen-6a51bc3d1aef3ee5864810c9\" class=\"text-link\" rel=\"nofollow noopener\" target=\"_blank\">Vernichtung<\/a>\u201c, sollten die Mullahs einen mutma\u00dflichen Mordplan gegen ihn umzusetzen versuchen. Jeder \u00f6ffentliche Auftritt \u2013 ob mit oder ohne Maske \u2013 ist f\u00fcr Chamenei deshalb ein riskantes Unterfangen.<\/p>\n<p>Mehr zum Thema<\/p>\n<p data-83f060b9=\"0-2346\">Das iranische Portal \u201eRokna\u201c hat deshalb eine andere Theorie \u00fcber den mysteri\u00f6sen Maskierten: Es soll sich um Mohammad Javad Chamenei handeln, den \u00e4ltesten Enkel des verstorbenen Anf\u00fchrers. Auch dieser hielt sich w\u00e4hrend des Luftangriffs im Palast des Ajatollahs in Teheran auf \u2013 und auch er trug demnach Verletzungen davon.<\/p>\n<p data-83f060b9=\"0-2346\">Dazu passt: Der Maskenmann war offensichtlich wichtig genug, um bei der Zeremonie den Sarg eines get\u00f6teten Familienmitglieds von Ali Chamenei tragen zu d\u00fcrfen. Und er stand weit vorne in der Trauergemeinde. Ein Privileg, das nur hochrangigen Personen zuteilwird. <\/p>\n","protected":false},"excerpt":{"rendered":"TTS-Player \u00fcberspringen\u21b5Artikel weiterlesen Teheran \u2013 Er sah ganz anders aus als die b\u00e4rtigen Mullahs um ihn herum: Baseballcap&hellip;\n","protected":false},"author":2,"featured_media":1161716,"comment_status":"","ping_status":"","sticky":false,"template":"","format":"standard","meta":{"footnotes":"","_share_on_mastodon":"0"},"categories":[3],"tags":[22650,13038,13,110589,345,555,59812,14,15,12,138370,10,8,9,11,12461,103,104],"class_list":["post-1161715","post","type-post","status-publish","format-standard","has-post-thumbnail","category-welt","tag-autokratie","tag-bestattung","tag-headlines","tag-imam","tag-iran","tag-islam","tag-islamische-republik","tag-nachrichten","tag-news","tag-schlagzeilen","tag-team-first","tag-top-news","tag-top-meldungen","tag-topmeldungen","tag-topnews","tag-trauerfeier","tag-welt","tag-world"],"share_on_mastodon":{"url":"https:\/\/pubeurope.com\/@de\/116908093036345557","error":""},"_links":{"self":[{"href":"https:\/\/www.europesays.com\/de\/wp-json\/wp\/v2\/posts\/1161715","targetHints":{"allow":["GET"]}}],"collection":[{"href":"https:\/\/www.europesays.com\/de\/wp-json\/wp\/v2\/posts"}],"about":[{"href":"https:\/\/www.europesays.com\/de\/wp-json\/wp\/v2\/types\/post"}],"author":[{"embeddable":true,"href":"https:\/\/www.europesays.com\/de\/wp-json\/wp\/v2\/users\/2"}],"replies":[{"embeddable":true,"href":"https:\/\/www.europesays.com\/de\/wp-json\/wp\/v2\/comments?post=1161715"}],"version-history":[{"count":0,"href":"https:\/\/www.europesays.com\/de\/wp-json\/wp\/v2\/posts\/1161715\/revisions"}],"wp:featuredmedia":[{"embeddable":true,"href":"https:\/\/www.europesays.com\/de\/wp-json\/wp\/v2\/media\/1161716"}],"wp:attachment":[{"href":"https:\/\/www.europesays.com\/de\/wp-json\/wp\/v2\/media?parent=1161715"}],"wp:term":[{"taxonomy":"category","embeddable":true,"href":"https:\/\/www.europesays.com\/de\/wp-json\/wp\/v2\/categories?post=1161715"},{"taxonomy":"post_tag","embeddable":true,"href":"https:\/\/www.europesays.com\/de\/wp-json\/wp\/v2\/tags?post=1161715"}],"curies":[{"name":"wp","href":"https:\/\/api.w.org\/{rel}","templated":true}]}}