{"id":1161820,"date":"2026-07-12T18:15:14","date_gmt":"2026-07-12T18:15:14","guid":{"rendered":"https:\/\/www.europesays.com\/de\/1161820\/"},"modified":"2026-07-12T18:15:14","modified_gmt":"2026-07-12T18:15:14","slug":"friedenskirche-im-olympiapark-erhaelt-denkmalstatus-nach-brand","status":"publish","type":"post","link":"https:\/\/www.europesays.com\/de\/1161820\/","title":{"rendered":"Friedenskirche im Olympiapark erh\u00e4lt Denkmalstatus nach Brand"},"content":{"rendered":"<p class=\"mb-6 text-xs-varying md:text-m lg:text-l font-serif group-[.font-sans]:font-sans \">\n    Vor rund drei Jahren ist die bekannte Ost-West-Friedenskirche im M\u00fcnchner Olympiapark bei einem verheerenden Feuer zerst\u00f6rt worden. Nun soll sie wieder aufgebaut werden. Doch schon vor dem Neubau ist klar: Diese besondere Kirche ist k\u00fcnftig ein Baudenkmal.\n  <\/p>\n<p>            M\u00fcnchner Stadtrat beschlie\u00dft Wiederaufbau der Ost-West-Friedenskirche<\/p>\n<p class=\"mb-6 text-xs-varying md:text-m lg:text-l font-serif group-[.font-sans]:font-sans \">\n    Sie lag etwas versteckt in einem Garten auf dem Gel\u00e4nde des Olympiaparks. V\u00e4terchen Timofej und seine Frau Natascha hatten die Kirche Anfang der 1950er Jahre errichtet. Timofej selbst wurde mehrfach w\u00e4hrend des Baus verhaftet\u00a0\u2013 f\u00fcr das Geb\u00e4ude hatten sie keine Genehmigung. Sp\u00e4ter erbauten sie ein kleines Wohnhaus, eine Kapelle und ein Museum.\n  <\/p>\n<p>      <a href=\"https:\/\/www.mainpost.de\/bayern\/sommernachtstraum-2026-am-18-juli-im-olympiapark-programm-tickets-und-co-114721439\" class=\"hidden  &#010;                md:block md:mr-5 md:min-w-[140px]  aspect-photo md:aspect-tv lg:aspect-tv w-fullXXX relative self-start inline overflow-hidden\" rel=\"nofollow noopener\" target=\"_blank\"><\/p>\n<p>    <img decoding=\"async\" src=\"\" alt=\"Die \u00dcbersicht zeigt das Olympiastadion am 27.07.2013 in M\u00fcnchen (Bayern) beim M\u00fcnchner Sommernachtstraum.\" title=\"Die \u00dcbersicht zeigt das Olympiastadion am 27.07.2013 in M\u00fcnchen (Bayern) beim M\u00fcnchner Sommernachtstraum.\" loading=\"lazy\" class=\"h-full w-full object-cover\"\/><br \/>\n   <\/a><\/p>\n<p class=\"mb-6 text-xs-varying md:text-m lg:text-l font-serif group-[.font-sans]:font-sans \">\n    Am 10. Juni 2023 brannte die besondere Kirche allerdings wegen eines technischen Defekts nieder. Der M\u00fcnchner Stadtrat genehmigte einen Wiederaufbau. Jetzt erkannte das Bayerische Landesamt f\u00fcr Denkmalpflege (BLfD) das Ensemble und den Garten offiziell als Denkmal an. Wie der M\u00fcnchner Merkur berichtet, h\u00e4tten ein \u201efinanzielles Wunder\u201c und ein \u201ePlanungswunder\u201c die Beh\u00f6rde \u00fcberzeugt.\n  <\/p>\n<p>            Arbeiter entdecken Bargeld-Versteck unter Kirchenruine im Olympiapark<\/p>\n<p class=\"mb-6 text-xs-varying md:text-m lg:text-l font-serif group-[.font-sans]:font-sans \">\n    Nach dem Brand entdeckte man unter der Kirchenruine ein Versteck mit etwa 6000 Euro in D-Mark-Scheinen und alten M\u00fcnzen. Das Geld stammt wohl von Timofej pers\u00f6nlich. Gemeinsam mit den rund 66.000 Euro aus der Versicherung konnte der Wiederaufbau starten. Nur kurze Zeit vor dem Brand verma\u00df eine Studentin der Universit\u00e4t Bamberg das Geb\u00e4ude. Ihre 3-D-Aufnahmen erm\u00f6glichen nun einen m\u00f6glichst originalgetreuen Nachbau.\n  <\/p>\n","protected":false},"excerpt":{"rendered":"Vor rund drei Jahren ist die bekannte Ost-West-Friedenskirche im M\u00fcnchner Olympiapark bei einem verheerenden Feuer zerst\u00f6rt worden. Nun&hellip;\n","protected":false},"author":2,"featured_media":1161821,"comment_status":"","ping_status":"","sticky":false,"template":"","format":"standard","meta":{"footnotes":"","_share_on_mastodon":"0"},"categories":[1827],"tags":[109126,772,29,46469,30,1268,92972,2007,152391,12581,8934],"class_list":["post-1161820","post","type-post","status-publish","format-standard","has-post-thumbnail","category-muenchen","tag-baudenkmal","tag-bayern","tag-deutschland","tag-friedenskirche","tag-germany","tag-muenchen","tag-muenchner-merkur","tag-olympiapark","tag-universitaet-bamberg","tag-wiederaufbau","tag-zerstoerung"],"share_on_mastodon":{"url":"https:\/\/pubeurope.com\/@de\/116908374660905931","error":""},"_links":{"self":[{"href":"https:\/\/www.europesays.com\/de\/wp-json\/wp\/v2\/posts\/1161820","targetHints":{"allow":["GET"]}}],"collection":[{"href":"https:\/\/www.europesays.com\/de\/wp-json\/wp\/v2\/posts"}],"about":[{"href":"https:\/\/www.europesays.com\/de\/wp-json\/wp\/v2\/types\/post"}],"author":[{"embeddable":true,"href":"https:\/\/www.europesays.com\/de\/wp-json\/wp\/v2\/users\/2"}],"replies":[{"embeddable":true,"href":"https:\/\/www.europesays.com\/de\/wp-json\/wp\/v2\/comments?post=1161820"}],"version-history":[{"count":0,"href":"https:\/\/www.europesays.com\/de\/wp-json\/wp\/v2\/posts\/1161820\/revisions"}],"wp:featuredmedia":[{"embeddable":true,"href":"https:\/\/www.europesays.com\/de\/wp-json\/wp\/v2\/media\/1161821"}],"wp:attachment":[{"href":"https:\/\/www.europesays.com\/de\/wp-json\/wp\/v2\/media?parent=1161820"}],"wp:term":[{"taxonomy":"category","embeddable":true,"href":"https:\/\/www.europesays.com\/de\/wp-json\/wp\/v2\/categories?post=1161820"},{"taxonomy":"post_tag","embeddable":true,"href":"https:\/\/www.europesays.com\/de\/wp-json\/wp\/v2\/tags?post=1161820"}],"curies":[{"name":"wp","href":"https:\/\/api.w.org\/{rel}","templated":true}]}}