{"id":1161822,"date":"2026-07-12T18:16:18","date_gmt":"2026-07-12T18:16:18","guid":{"rendered":"https:\/\/www.europesays.com\/de\/1161822\/"},"modified":"2026-07-12T18:16:18","modified_gmt":"2026-07-12T18:16:18","slug":"muenchen-donisl-wirt-peter-reichert-heiratet-franziska-im-rathaus","status":"publish","type":"post","link":"https:\/\/www.europesays.com\/de\/1161822\/","title":{"rendered":"M\u00fcnchen: Donisl-Wirt Peter Reichert heiratet Franziska im Rathaus"},"content":{"rendered":"<p>Feier im Donisl <\/p>\n<p>Bekanntes M\u00fcnchner Wirtspaar heiratet am Marienplatz<\/p>\n<p>12.07.2026 &#8211; 19:05 UhrLesedauer: 1 Min.<\/p>\n<p><a href=\"#focus-0\" class=\"transition-colors block text-current relative\" data-sctrack=\"FocusGalleryImage.Reference\"><img fetchpriority=\"high\" data-testid=\"Opener.Image\"   loading=\"eager\" src=\"https:\/\/www.europesays.com\/de\/wp-content\/uploads\/2026\/07\/muenchen-10-072026-marienplatz-vor-donisl-hochzeitspaar-peter-reichert-donisl-wirt-franziska-kohlpai.jpeg\" alt=\"imago images 0861309346\" title=\"imago images 0861309346\" width=\"4000\" height=\"2250\" class=\"bg-[url:var(--lqipURL)] bg-cover bg-center flex h-full w-full max-w-full\" style=\"--lqipURL:url('https:\/\/images.t-online.de\/2026\/07\/XxFbfwbtvc6I\/0x683:4000x2250\/fit-in\/150x0\/filters:blur(25)\/muenchen-10-072026-marienplatz-vor-donisl-hochzeitspaar-peter-reichert-donisl-wirt-franziska-kohlpaintner-foto-muenchen-munich-july-10-2026-marienplatz-in-front-of-donisl-the-wedding-couple-peter-reichert-and-donisl-innkeeper-franziska-kohlpaintner-photo-munich.jpg')\" decoding=\"async\"\/><img loading=\"lazy\" src=\"https:\/\/muenchen.t-online.de\/s\/paper\/_next\/static\/media\/zoom-in.f7dae02f.svg\" alt=\"Vergr\u00f6\u00dfern des Bildes\" title=\"Vergr\u00f6\u00dfern des Bildes\" class=\"block h-[calc(var(--height)_\/_16_*_1rem)] w-[calc(var(--width)_\/_16_*_1rem)] max-w-none absolute right-8 bottom-8 rounded-4 bg-snow p-8\" style=\"--width:32;--height:32\" decoding=\"async\"\/><\/a><\/p>\n<p>Das Hochzeitspaar Peter Reichertund Franziska Reichert (Archivbild): Das bekannte Wirtspaar hat gro\u00df gefeiert. (Quelle: IMAGO\/B. Lindenthaler\/imago)<\/p>\n<p><img loading=\"lazy\" src=\"https:\/\/muenchen.t-online.de\/s\/paper\/_next\/static\/media\/audio-volume.6689034c.svg\" alt=\"\" title=\"\" class=\"block h-[calc(var(--height)_\/_16_*_1rem)] w-[calc(var(--width)_\/_16_*_1rem)] max-w-none group-hover:brightness-0 group-hover:invert\" style=\"--width:16;--height:16\" decoding=\"async\"\/>Vorlesen<\/p>\n<p>Aktuelle Zeit:0:00Gesamtdauer:0:00<\/p>\n<p>1x<\/p>\n<p class=\"text-center\">Jetzt neu bei t-online:<\/p>\n<p class=\"text-center\">Schriftgr\u00f6\u00dfe anpassen!<\/p>\n<p><img loading=\"lazy\" src=\"https:\/\/muenchen.t-online.de\/s\/paper\/_next\/static\/media\/font-sizes.32942e33.svg\" alt=\"\" title=\"\" class=\"block h-[calc(var(--height)_\/_16_*_1rem)] w-[calc(var(--width)_\/_16_*_1rem)] max-w-none group-hover:hidden group-aria-expanded:hidden\" style=\"--width:16;--height:16\" decoding=\"async\"\/><img loading=\"lazy\" src=\"https:\/\/muenchen.t-online.de\/s\/paper\/_next\/static\/media\/font-sizes-dark-mode.e382645c.svg\" alt=\"\" title=\"\" class=\"block h-[calc(var(--height)_\/_16_*_1rem)] w-[calc(var(--width)_\/_16_*_1rem)] max-w-none hidden group-hover:block group-aria-expanded:block\" style=\"--width:16;--height:16\" decoding=\"async\"\/><img loading=\"lazy\" src=\"https:\/\/muenchen.t-online.de\/s\/paper\/_next\/static\/media\/sharing-menu-icon.1eb71368.svg\" alt=\"\" title=\"\" class=\"block h-[calc(var(--height)_\/_16_*_1rem)] w-[calc(var(--width)_\/_16_*_1rem)] max-w-none group-hover:brightness-0 group-hover:invert\" style=\"--width:16;--height:16\" decoding=\"async\"\/>Artikel teilen<\/p>\n<p class=\"font-bold text-18 leading-17 user-text-lg:text-22 user-text-xl:text-24\">Mitten in M\u00fcnchen sorgt ein Wirtspaar f\u00fcr Aufsehen. Nach dem Jawort im Rathaus wartet auf die beiden eine \u00dcberraschung, die selbst die Brautleute \u00fcberw\u00e4ltigt.<\/p>\n<p class=\"text-18 leading-17 user-text-lg:text-22 user-text-xl:text-24\">Franziska und Peter Reichert haben im M\u00fcnchner Rathaus geheiratet. Anschlie\u00dfend feierte das bekannte Wirtspaar mit rund 220 G\u00e4sten im Donisl. Die Wirte des Donisl und des Wiesn-Festzelts Br\u00e4urosl gaben sich am Freitag im Kleinen Sitzungssaal des Rathauses das Jawort. Getraut wurden sie von M\u00fcnchens Dritter B\u00fcrgermeisterin Verena Dietl (SPD), wie die &#8222;Abendzeitung&#8220; berichtet.<\/p>\n<p class=\"text-18 leading-17 user-text-lg:text-22 user-text-xl:text-24\">Nach der Trauung wartete auf dem Marienplatz ein langes Spalier. Unter anderem Kaminkehrer, B\u00f6llersch\u00fctzen, die M\u00fcnchner Stadtwache, Bedienungen und Mitglieder der Br\u00e4urosl-Festkapelle begleiteten das Paar auf dem Weg vom Rathaus zum Donisl.<\/p>\n<p>Gro\u00dfe Hochzeit mitten in M\u00fcnchen<\/p>\n<p class=\"text-18 leading-17 user-text-lg:text-22 user-text-xl:text-24\">Dort feierten die Reicherts mit G\u00e4sten aus Gastronomie, Politik und M\u00fcnchner Stadtgesellschaft. Unter den Gratulanten waren dem Bericht zufolge mehrere Wiesn-Wirtsfamilien, Sternek\u00f6che und Vertreter der Brauerei. Gefeiert wurde bis gegen 2 Uhr.<\/p>\n<p class=\"text-18 leading-17 user-text-lg:text-22 user-text-xl:text-24\">Franziska Reichert trug ein bodenlanges, wei\u00dfes Dirndl, an dessen Entwurf sie selbst mitgewirkt hatte. Peter Reichert erschien im Stresemann mit Trachtenweste und Janker.<\/p>\n<p>Antrag beim Wiesn-Einzug 2024<\/p>\n<p class=\"text-18 leading-17 user-text-lg:text-22 user-text-xl:text-24\">Kennengelernt hatte sich das Paar Anfang 2021 im Donisl. Den Heiratsantrag machte Peter Reichert 2024 w\u00e4hrend des Wiesn-Einzugs in einer Kutsche. Seine Frau, die zuvor Franziska Kohlpaintner hie\u00df, nahm nach der Hochzeit seinen Nachnamen an.<\/p>\n<p class=\"text-18 leading-17 user-text-lg:text-22 user-text-xl:text-24\">Peter Reichert hatte 2023 bundesweit Schlagzeilen gemacht. Nach Vorw\u00fcrfen wegen erheblicher Hygienem\u00e4ngel in Donisl und Br\u00e4urosl sowie einer k\u00f6rperlichen Auseinandersetzung mit einem Mitarbeiter entschuldigte sich der Gastronom \u00f6ffentlich. Das Verfahren wegen des Schlags wurde sp\u00e4ter gegen eine Geldauflage eingestellt.<\/p>\n","protected":false},"excerpt":{"rendered":"Feier im Donisl Bekanntes M\u00fcnchner Wirtspaar heiratet am Marienplatz 12.07.2026 &#8211; 19:05 UhrLesedauer: 1 Min. Das Hochzeitspaar Peter&hellip;\n","protected":false},"author":2,"featured_media":1161823,"comment_status":"","ping_status":"","sticky":false,"template":"","format":"standard","meta":{"footnotes":"","_share_on_mastodon":"0"},"categories":[1827],"tags":[722,772,29,243653,243655,30,36137,5257,1268,243654,184,51354,243652],"class_list":["post-1161822","post","type-post","status-publish","format-standard","has-post-thumbnail","category-muenchen","tag-722","tag-bayern","tag-deutschland","tag-donisl","tag-franziska-reichert","tag-germany","tag-hochzeitspaar","tag-marienplatz","tag-muenchen","tag-peter-reichert","tag-spd","tag-verena-dietl","tag-wirtspaar"],"share_on_mastodon":{"url":"https:\/\/pubeurope.com\/@de\/116908380416246620","error":""},"_links":{"self":[{"href":"https:\/\/www.europesays.com\/de\/wp-json\/wp\/v2\/posts\/1161822","targetHints":{"allow":["GET"]}}],"collection":[{"href":"https:\/\/www.europesays.com\/de\/wp-json\/wp\/v2\/posts"}],"about":[{"href":"https:\/\/www.europesays.com\/de\/wp-json\/wp\/v2\/types\/post"}],"author":[{"embeddable":true,"href":"https:\/\/www.europesays.com\/de\/wp-json\/wp\/v2\/users\/2"}],"replies":[{"embeddable":true,"href":"https:\/\/www.europesays.com\/de\/wp-json\/wp\/v2\/comments?post=1161822"}],"version-history":[{"count":0,"href":"https:\/\/www.europesays.com\/de\/wp-json\/wp\/v2\/posts\/1161822\/revisions"}],"wp:featuredmedia":[{"embeddable":true,"href":"https:\/\/www.europesays.com\/de\/wp-json\/wp\/v2\/media\/1161823"}],"wp:attachment":[{"href":"https:\/\/www.europesays.com\/de\/wp-json\/wp\/v2\/media?parent=1161822"}],"wp:term":[{"taxonomy":"category","embeddable":true,"href":"https:\/\/www.europesays.com\/de\/wp-json\/wp\/v2\/categories?post=1161822"},{"taxonomy":"post_tag","embeddable":true,"href":"https:\/\/www.europesays.com\/de\/wp-json\/wp\/v2\/tags?post=1161822"}],"curies":[{"name":"wp","href":"https:\/\/api.w.org\/{rel}","templated":true}]}}