{"id":1161868,"date":"2026-07-12T18:48:17","date_gmt":"2026-07-12T18:48:17","guid":{"rendered":"https:\/\/www.europesays.com\/de\/1161868\/"},"modified":"2026-07-12T18:48:17","modified_gmt":"2026-07-12T18:48:17","slug":"borussia-moenchengladbach-polanski-sieht-trainingsauftakt-als-perfekten-tag","status":"publish","type":"post","link":"https:\/\/www.europesays.com\/de\/1161868\/","title":{"rendered":"Borussia M\u00f6nchengladbach: Polanski sieht Trainingsauftakt als \u201eperfekten Tag\u201c"},"content":{"rendered":"<p class=\"text_ohne_einzug richtext text-em-55 !leading-serif mx-6 desktop:mx-0\">Um 12:03 Uhr betraten die Profis und das Trainerteam von Borussia <a href=\"https:\/\/rp-online.de\/thema\/moenchengladbach\/\" rel=\"nofollow noopener\" target=\"_blank\">M\u00f6nchengladbach<\/a> am Sonntag zum ersten Mal in dieser Saison den Trainingsplatz. Rund 1600 Fans begr\u00fc\u00dften die Borussen mit Applaus. Anschlie\u00dfend wurde bei sommerlichen Temperaturen um die 30 Grad rund eineinhalb Stunden gearbeitet. Dabei gab es einiges zu beobachten.<\/p>\n","protected":false},"excerpt":{"rendered":"Um 12:03 Uhr betraten die Profis und das Trainerteam von Borussia M\u00f6nchengladbach am Sonntag zum ersten Mal in&hellip;\n","protected":false},"author":2,"featured_media":1161869,"comment_status":"","ping_status":"","sticky":false,"template":"","format":"standard","meta":{"footnotes":"","_share_on_mastodon":"0"},"categories":[1849],"tags":[19640,9835,3364,29,548,7770,663,3934,44308,30,13,15515,10347,4455,14,15,1209,171984,23094,122230,12,1781,5843,10084,3767,68750,243659],"class_list":["post-1161868","post","type-post","status-publish","format-standard","has-post-thumbnail","category-moenchengladbach","tag-auftakt","tag-borussia","tag-de","tag-deutschland","tag-eu","tag-eugen-polanski","tag-europa","tag-europe","tag-fehlte","tag-germany","tag-headlines","tag-jan","tag-lage","tag-moenchengladbach","tag-nachrichten","tag-news","tag-nordrhein-westfalen","tag-olschowsky","tag-profis","tag-rouven-schroeder","tag-schlagzeilen","tag-tag","tag-trainer","tag-trainerteam","tag-training","tag-trainingsauftakt","tag-trainingslagers"],"share_on_mastodon":{"url":"https:\/\/pubeurope.com\/@de\/116908504167514809","error":""},"_links":{"self":[{"href":"https:\/\/www.europesays.com\/de\/wp-json\/wp\/v2\/posts\/1161868","targetHints":{"allow":["GET"]}}],"collection":[{"href":"https:\/\/www.europesays.com\/de\/wp-json\/wp\/v2\/posts"}],"about":[{"href":"https:\/\/www.europesays.com\/de\/wp-json\/wp\/v2\/types\/post"}],"author":[{"embeddable":true,"href":"https:\/\/www.europesays.com\/de\/wp-json\/wp\/v2\/users\/2"}],"replies":[{"embeddable":true,"href":"https:\/\/www.europesays.com\/de\/wp-json\/wp\/v2\/comments?post=1161868"}],"version-history":[{"count":0,"href":"https:\/\/www.europesays.com\/de\/wp-json\/wp\/v2\/posts\/1161868\/revisions"}],"wp:featuredmedia":[{"embeddable":true,"href":"https:\/\/www.europesays.com\/de\/wp-json\/wp\/v2\/media\/1161869"}],"wp:attachment":[{"href":"https:\/\/www.europesays.com\/de\/wp-json\/wp\/v2\/media?parent=1161868"}],"wp:term":[{"taxonomy":"category","embeddable":true,"href":"https:\/\/www.europesays.com\/de\/wp-json\/wp\/v2\/categories?post=1161868"},{"taxonomy":"post_tag","embeddable":true,"href":"https:\/\/www.europesays.com\/de\/wp-json\/wp\/v2\/tags?post=1161868"}],"curies":[{"name":"wp","href":"https:\/\/api.w.org\/{rel}","templated":true}]}}