{"id":1162066,"date":"2026-07-12T20:55:28","date_gmt":"2026-07-12T20:55:28","guid":{"rendered":"https:\/\/www.europesays.com\/de\/1162066\/"},"modified":"2026-07-12T20:55:28","modified_gmt":"2026-07-12T20:55:28","slug":"900-000-besucher-auf-dem-schuetzenfest-hannover-4","status":"publish","type":"post","link":"https:\/\/www.europesays.com\/de\/1162066\/","title":{"rendered":"900.000 Besucher auf dem Sch\u00fctzenfest Hannover"},"content":{"rendered":"<p class=\"\">\n                    Rund 900.000 Menschen haben das diesj\u00e4hrige Sch\u00fctzenfest in Hannover besucht. Das sind etwa 100.000 Besucher und Besucherinnen mehr als noch im vergangenen Jahr, wie die Stadt Hannover mitteilte. Zehn Tage lang war die Landeshauptstadt Gastgeber f\u00fcr das, laut Veranstaltern, gr\u00f6\u00dfte Sch\u00fctzenfest der Welt.\n            <\/p>\n<p class=\"\">\n                    Am vergangenen Sonntag zogen rund 10.000 Teilnehmer beim traditionellen Sch\u00fctzenausmarsch durch die Stadt. An den Stra\u00dfen schauten etwa 150.000 Menschen zu.\n            <\/p>\n<p class=\"\">\n                    Die Schausteller zeigen sich in diesem Jahr zufrieden. \u201eMit zwei starken Wochenenden, einem hervorragend angenommenen Familientag und insgesamt guten Rahmenbedingungen ziehen wir eine positive Bilanz\u201c, sagte der Vorsitzende des Nieders\u00e4chsischen Landesverbandes der Markt- und Schaustellerbetriebe Fred Hanstein. Das Fest fand in diesem Jahr bereits zum 497. Mal statt.\n            <\/p>\n","protected":false},"excerpt":{"rendered":"Rund 900.000 Menschen haben das diesj\u00e4hrige Sch\u00fctzenfest in Hannover besucht. Das sind etwa 100.000 Besucher und Besucherinnen mehr&hellip;\n","protected":false},"author":2,"featured_media":1162067,"comment_status":"","ping_status":"","sticky":false,"template":"","format":"standard","meta":{"footnotes":"","_share_on_mastodon":"0"},"categories":[1836],"tags":[3364,29,17445,30,46,3800,1411,3866],"class_list":["post-1162066","post","type-post","status-publish","format-standard","has-post-thumbnail","category-hannover","tag-de","tag-deutschland","tag-fest","tag-germany","tag-hannover","tag-messen","tag-niedersachsen","tag-veranstaltungen"],"share_on_mastodon":{"url":"https:\/\/pubeurope.com\/@de\/116909003703736180","error":""},"_links":{"self":[{"href":"https:\/\/www.europesays.com\/de\/wp-json\/wp\/v2\/posts\/1162066","targetHints":{"allow":["GET"]}}],"collection":[{"href":"https:\/\/www.europesays.com\/de\/wp-json\/wp\/v2\/posts"}],"about":[{"href":"https:\/\/www.europesays.com\/de\/wp-json\/wp\/v2\/types\/post"}],"author":[{"embeddable":true,"href":"https:\/\/www.europesays.com\/de\/wp-json\/wp\/v2\/users\/2"}],"replies":[{"embeddable":true,"href":"https:\/\/www.europesays.com\/de\/wp-json\/wp\/v2\/comments?post=1162066"}],"version-history":[{"count":0,"href":"https:\/\/www.europesays.com\/de\/wp-json\/wp\/v2\/posts\/1162066\/revisions"}],"wp:featuredmedia":[{"embeddable":true,"href":"https:\/\/www.europesays.com\/de\/wp-json\/wp\/v2\/media\/1162067"}],"wp:attachment":[{"href":"https:\/\/www.europesays.com\/de\/wp-json\/wp\/v2\/media?parent=1162066"}],"wp:term":[{"taxonomy":"category","embeddable":true,"href":"https:\/\/www.europesays.com\/de\/wp-json\/wp\/v2\/categories?post=1162066"},{"taxonomy":"post_tag","embeddable":true,"href":"https:\/\/www.europesays.com\/de\/wp-json\/wp\/v2\/tags?post=1162066"}],"curies":[{"name":"wp","href":"https:\/\/api.w.org\/{rel}","templated":true}]}}