{"id":1162118,"date":"2026-07-12T21:26:26","date_gmt":"2026-07-12T21:26:26","guid":{"rendered":"https:\/\/www.europesays.com\/de\/1162118\/"},"modified":"2026-07-12T21:26:26","modified_gmt":"2026-07-12T21:26:26","slug":"potsdams-stiller-wohltaeter-guenther-jauch-wird-70-jahre-alt","status":"publish","type":"post","link":"https:\/\/www.europesays.com\/de\/1162118\/","title":{"rendered":"Potsdams stiller Wohlt\u00e4ter: G\u00fcnther Jauch wird 70 Jahre alt"},"content":{"rendered":"<p class=\"tspA1jc tspA1jd\">Das Fernsehpublikum liebt ihn als Entertainer, Moderator und nat\u00fcrlich Quizmaster von \u201eWer wird Million\u00e4r?\u201c. Seiner Wahlheimat Potsdam ist er seit drei Jahrzehnten nicht nur treu, sondern auch tatkr\u00e4ftig verbunden: Ohne ihn, das darf man wohl sagen, w\u00fcrde die Landeshauptstadt heute anders aussehen. Am 13. Juli wird G\u00fcnther Jauch 70 Jahre alt.<\/p>\n<p class=\"tspA1jc\">Wie und wo er seinen Geburtstag verbringt, bleibt sein Geheimnis. Jauch will am liebsten nicht gefunden werden. \u201eAlso, es ist zu empfehlen, dass man an dem Tag nicht ans Telefon geht. Da werde ich versuchen, mich dran zu halten. Ich denke, es wird gelingen\u201c, sagte er wenige Wochen vor seinem Geburtstag der Deutschen Presse-Agentur (dpa). \u201eF\u00fcr mich sind genau solche Daten nicht so wichtig und ich neige dann auch nicht dazu, da ein gro\u00dfes Aufhebens zu machen.\u201c<\/p>\n<p><img decoding=\"async\" src=\"https:\/\/www.europesays.com\/de\/wp-content\/uploads\/2026\/07\/show-finale-von-tv-legende-gottschalk.jpeg\"   alt=\"HANDOUT - 06.12.2025, Nordrhein-Westfalen, H\u00fcrth: Dieses von RTL zur Verf\u00fcgung gestellte Foto zeigt die Moderatoren Thomas Gottschalk (r) und G\u00fcnther Jauch w\u00e4hrend der RTL-Show \u00abDenn sie wissen nicht, was passiert\u00bb. Foto: Julia Feldhagen\/RTL\/dpa - ACHTUNG: Nur zur redaktionellen Verwendung im Zusammenhang mit einer Berichterstattung \u00fcber die Sendung und nur mit vollst\u00e4ndiger Nennung des vorstehenden Credits +++ dpa-Bildfunk +++\" aria-labelledby=\"caption-15831768\" width=\"440\" height=\"330\" loading=\"lazy\" class=\"tspA3jg\"\/> G\u00fcnther Jauch gemeinsam mit Kollege Thomas Gottschalk w\u00e4hrend der RTL-Show \u201eDenn sie wissen nicht, was passiert\u201c im vergangenen Jahr. <\/p>\n<p class=\"tspAHgz\"> \u00a9 dpa\/Julia Feldhagen <\/p>\n<p><img decoding=\"async\" src=\"https:\/\/www.europesays.com\/de\/wp-content\/uploads\/2026\/07\/wer-wird-millionar-promi-special.jpeg\"   alt=\"G\u00fcnther Jauch moderiert die Aufzeichnung der Sendung &quot;Wer wird Million\u00e4r? - Promi-Special&quot; in K\u00f6ln (Foto vom 18.05.2010). Die Quizshow wird am Montag (31.05.2010) bei RTL ausgestrahlt. Foto: Rolf Vennenbernd +++(c) dpa - Bildfunk+++\" aria-labelledby=\"caption-15831805\" width=\"440\" height=\"330\" loading=\"lazy\" class=\"tspA3jg\"\/> Publikumsliebling im TV: G\u00fcnther Jauch bei einer Aufzeichnung von \u201eWer wird Million\u00e4r?\u201c im Mai 2010. <\/p>\n<p class=\"tspAHgz\"> \u00a9 dpa\/Rolf Vennenbernd <\/p>\n<p class=\"tspA1jc\">Kein gro\u00dfes Aufhebens: Das k\u00f6nnte auch als Motto \u00fcber dem vielseitigen Wirken von Jauch in Potsdam stehen. Wo \u00fcberall er sich engagierte und mitwirkte, ist vielen vielleicht gar nicht bewusst: Das von ihm finanzierte Fortunaportal am Alten Markt wurde einst zur <a href=\"https:\/\/www.tagesspiegel.de\/potsdam\/brandenburg\/fortuna-ist-wieder-obenauf-936253.html?icid=in-text-link_15824499\" class=\"link link--internal\" data-gtm-class=\"article-text-link\" data-gtm-val=\"internal\" rel=\"nofollow noopener\" target=\"_blank\">Initialz\u00fcndung f\u00fcr den Wiederaufbau des Stadtschlosses<\/a>.<\/p>\n<p><img decoding=\"async\" src=\"https:\/\/www.europesays.com\/de\/wp-content\/uploads\/2026\/07\/fortunajauch.jpeg\"   alt=\"Fortunaportal mit G\u00fcnter Jauch Foto Manfred Thomas\" aria-labelledby=\"caption-15831812\" width=\"440\" height=\"330\" loading=\"lazy\" class=\"tspA3jg\"\/> Das seinerzeit gerade fertiggestellte Fortunaportal mit G\u00fcnther Jauch. <\/p>\n<p class=\"tspAHgz\"> \u00a9 MANFRED THOMAS TSP <\/p>\n<p> Verliebt in Potsdam <\/p>\n<p class=\"tspA1jc\">Der TV-Journalist und Unternehmer unterst\u00fctzte nicht nur die Sanierung des Belvedere auf dem Pfingstberg, wo er 2006 seine langj\u00e4hrige Lebensgef\u00e4hrtin heiratete. Er spendierte der Schl\u00f6sserstiftung auch die Restaurierung der Neptungrotte im Park Sanssouci, gab Geld f\u00fcr <a href=\"https:\/\/www.tagesspiegel.de\/potsdam\/brandenburg\/gunter-jauch-stiftet-fur-das-marmorpalais-853522.html?icid=in-text-link_15824499\" class=\"link link--internal\" data-gtm-class=\"article-text-link\" data-gtm-val=\"internal\" rel=\"nofollow noopener\" target=\"_blank\">Sanierungsvorhaben im Marmorpalais<\/a> und bei der <a href=\"https:\/\/www.tagesspiegel.de\/potsdam\/landeshauptstadt\/auch-gunther-jauch-zahlt-zu-den-spendern-pfarrer-tobias-ziemann-uber-die-restaurierung-der-campanile-der-friedenskirche-12481343.html?icid=in-text-link_15824499\" class=\"link link--internal\" data-gtm-class=\"article-text-link\" data-gtm-val=\"internal\" rel=\"nofollow noopener\" target=\"_blank\">Friedenskirche von Sanssouci<\/a>. Auch vor umstrittenen Vorhaben schreckte er nicht zur\u00fcck: Jauch war einer der Geldgeber f\u00fcr den <a href=\"https:\/\/www.tagesspiegel.de\/potsdam\/landeshauptstadt\/alte-schonheit-mit-grosser-symbolkraft-potsdams-garnisonkirchturm--geschichte-eines-umstrittenen-wiederaufbaus-12203819.html?icid=in-text-link_15824499\" class=\"link link--internal\" data-gtm-class=\"article-text-link\" data-gtm-val=\"internal\" rel=\"nofollow noopener\" target=\"_blank\">Wiederaufbau des Garnisonkirchturms<\/a>.<\/p>\n<p><img decoding=\"async\" src=\"https:\/\/www.europesays.com\/de\/wp-content\/uploads\/2026\/07\/1646061238095-6527944a-041b-4e1f-a778-a49200fd2428-18.jpeg\"   alt=\"Friedenskirche, Park Sanssouci, Am Gr\u00fcnen Gitter, PotsdamSpendenkampagne erm\u00f6glicht die Sanierung des Campanile der Friedenskirche. Spender G\u00fcnther Jauch\" aria-labelledby=\"caption-15831787\" width=\"440\" height=\"330\" loading=\"lazy\" class=\"tspA3jg\"\/> G\u00fcnther Jauch im Jahr 2023 vor dem Campanile der Friedenskirche, dessen Sanierung er unterst\u00fctzt hat. <\/p>\n<p class=\"tspAHgz\"> \u00a9 Andreas Klaer <\/p>\n<p><img decoding=\"async\" src=\"https:\/\/www.europesays.com\/de\/wp-content\/uploads\/2026\/07\/1539179243480-8c561345-295a-4ae1-a42c-09b08e2d8699-23.jpeg\"   alt=\"Fertigstellung Neptungrotte Park Sanssouci (Klaer)Feierlichkeiten zur Fertigstellung des Projektes Neptungrotte. Moderator G\u00fcnther Jauch\" aria-labelledby=\"caption-15831800\" width=\"440\" height=\"330\" loading=\"lazy\" class=\"tspA3jg\"\/> Jauch vor der Neptungrotte im Park Sanssouci, deren Wiederherstellung er finanzierte. <\/p>\n<p class=\"tspAHgz\"> \u00a9 Andreas Klaer <\/p>\n<p class=\"tspA1jc\">Sein Verh\u00e4ltnis zu Potsdam darf man sich als Liebe auf den ersten Blick vorstellen: Geboren in M\u00fcnster und aufgewachsen in Berlin, erkundete Jauch die Havelstadt auf der anderen Seite der deutsch-deutschen Grenze am Heiligabend des Umbruchsjahres 1989 bei einem Ausflug mit seiner sp\u00e4teren Frau \u2013 und war hin und weg, <a href=\"https:\/\/www.tagesspiegel.de\/potsdam\/landeshauptstadt\/potsdam-hat-schon-1989-einen-zauber-ausgestrahlt-7951189.html?icid=in-text-link_15824499\" class=\"link link--internal\" data-gtm-class=\"article-text-link\" data-gtm-val=\"internal\" rel=\"nofollow noopener\" target=\"_blank\">wie er selbst schildert<\/a>. \u201eWir wollten uns Sanssouci anschauen und waren dann auch im Holl\u00e4ndischen Viertel, das damals noch w\u00fcst aussah\u201c, erz\u00e4hlte er einmal <a href=\"https:\/\/www.tagesspiegel.de\/potsdam\/landeshauptstadt\/potsdam-hat-schon-1989-einen-zauber-ausgestrahlt-7951189.html?icid=in-text-link_15824499\" class=\"link link--internal\" data-gtm-class=\"article-text-link\" data-gtm-val=\"internal\" rel=\"nofollow noopener\" target=\"_blank\">im Gespr\u00e4ch mit den Potsdamer Neuesten Nachrichten<\/a>: \u201eTrotzdem hat die Stadt schon damals einen ungeheuren Zauber auf uns ausgestrahlt, und wir haben uns gesagt: Hier wollen wir einmal leben.\u201c So sollte es einige Jahre sp\u00e4ter kommen.<\/p>\n<p class=\"tspA1jc\">Wobei die Zuneigung auch auf die Probe gestellt wird. Als <a href=\"https:\/\/www.tagesspiegel.de\/potsdam\/landeshauptstadt\/potsdam-hat-schon-1989-einen-zauber-ausgestrahlt-7951189.html?icid=in-text-link_15824499\" class=\"link link--internal\" data-gtm-class=\"article-text-link\" data-gtm-val=\"internal\" rel=\"nofollow noopener\" target=\"_blank\">bekennender Fan des Livestreams der Potsdamer Stadtverordnetenversammlung<\/a> ist Jauch mit den mitunter so l\u00e4nglichen wie erbittert gef\u00fchrten Debatten bestens vertraut. Seiner Ungeduld oder dem Unmut \u00fcber manche Entwicklung macht er aber nur \u00e4u\u00dferst wohldosiert Luft.<\/p>\n<p> Brandrede gegen Willk\u00fcr in der Denkmalbeh\u00f6rde hatte Folgen <\/p>\n<p class=\"tspA1jc\">Wenn er sich \u00f6ffentlich zu Wort meldet, sorgt das mitunter f\u00fcr Wirbel im Rathaus: So etwa 2007, als seine Brandrede gegen eine <a href=\"https:\/\/www.tagesspiegel.de\/potsdam\/landeshauptstadt\/durchkommen-mit-rambo-mentalitat-7795966.html?icid=in-text-link_15824499\" class=\"link link--internal\" data-gtm-class=\"article-text-link\" data-gtm-val=\"internal\" rel=\"nofollow noopener\" target=\"_blank\">willk\u00fcrliche Genehmigungspraxis in der Potsdamer Denkmalbeh\u00f6rde<\/a> Wellen schlug \u2013 und schlie\u00dflich <a href=\"https:\/\/www.tagesspiegel.de\/potsdam\/landeshauptstadt\/battis-bericht-bauamt-soll-besser-werden-7522261.html?icid=in-text-link_15824499\" class=\"link link--internal\" data-gtm-class=\"article-text-link\" data-gtm-val=\"internal\" rel=\"nofollow noopener\" target=\"_blank\">eine Umstrukturierung bewirkte<\/a>. Mit der Beh\u00f6rde hatte er als Bauherr mehrerer Sanierungsvorhaben intensiv zu tun.<\/p>\n<p>Mehr \u00fcber G\u00fcnther Jauch lesen Sie hier<a href=\"https:\/\/www.tagesspiegel.de\/potsdam\/landeshauptstadt\/gunther-jauch-geehrt-woidke-verleiht-potsdam-mazen-den-landesverdienstorden-15710111.html?icid=topic-list_15824499___\" data-gtm-class=\"article-mzt-link\" data-hydrate-fingerprint=\"09740a54944caac75fd2c0c63fd5c5df\" data-hydrate-props=\"{&amp;escapedquot;element&amp;escapedquot;:{&amp;escapedquot;type&amp;escapedquot;:&amp;escapedquot;relatedContent&amp;escapedquot;,&amp;escapedquot;fieldMap&amp;escapedquot;:{},&amp;escapedquot;relation&amp;escapedquot;:{&amp;escapedquot;fields&amp;escapedquot;:{&amp;escapedquot;isPaid&amp;escapedquot;:null},&amp;escapedquot;href&amp;escapedquot;:&amp;escapedquot;\/potsdam\/landeshauptstadt\/gunther-jauch-geehrt-woidke-verleiht-potsdam-mazen-den-landesverdienstorden-15710111.html&amp;escapedquot;,&amp;escapedquot;teaserTitle&amp;escapedquot;:{&amp;escapedquot;kicker&amp;escapedquot;:&amp;escapedquot;G\u00fcnther Jauch geehrt&amp;escapedquot;,&amp;escapedquot;headline&amp;escapedquot;:&amp;escapedquot;Woidke verleiht Potsdam-M\u00e4zen den Landesverdienstorden&amp;escapedquot;},&amp;escapedquot;id&amp;escapedquot;:&amp;escapedquot;15710111&amp;escapedquot;,&amp;escapedquot;type&amp;escapedquot;:&amp;escapedquot;story&amp;escapedquot;},&amp;escapedquot;isPartOfList&amp;escapedquot;:true,&amp;escapedquot;topicListType&amp;escapedquot;:&amp;escapedquot;topic-list&amp;escapedquot;},&amp;escapedquot;showArrow&amp;escapedquot;:true}\" data-hydrate-slots=\"{&#039;default&#039;:[]}\" class=\"tspDBrt tspDEr6\" rel=\"nofollow noopener\" target=\"_blank\">G\u00fcnther Jauch geehrt Woidke verleiht Potsdam-M\u00e4zen den Landesverdienstorden <\/a><a href=\"https:\/\/www.tagesspiegel.de\/potsdam\/landeshauptstadt\/lange-wartelisten-fur-seelisch-kranke-kinder-potsdamer-moderator-gunther-jauch-prangert-missstande-an-13663480.html?icid=topic-list_15824499___\" data-gtm-class=\"article-mzt-link\" data-hydrate-fingerprint=\"09740a54944caac75fd2c0c63fd5c5df\" data-hydrate-props=\"{&amp;escapedquot;element&amp;escapedquot;:{&amp;escapedquot;type&amp;escapedquot;:&amp;escapedquot;relatedContent&amp;escapedquot;,&amp;escapedquot;fieldMap&amp;escapedquot;:{},&amp;escapedquot;relation&amp;escapedquot;:{&amp;escapedquot;fields&amp;escapedquot;:{&amp;escapedquot;isPaid&amp;escapedquot;:true},&amp;escapedquot;href&amp;escapedquot;:&amp;escapedquot;\/potsdam\/landeshauptstadt\/lange-wartelisten-fur-seelisch-kranke-kinder-potsdamer-moderator-gunther-jauch-prangert-missstande-an-13663480.html&amp;escapedquot;,&amp;escapedquot;teaserTitle&amp;escapedquot;:{&amp;escapedquot;kicker&amp;escapedquot;:&amp;escapedquot;Lange Wartelisten f\u00fcr seelisch kranke Kinder&amp;escapedquot;,&amp;escapedquot;headline&amp;escapedquot;:&amp;escapedquot;Potsdamer Moderator G\u00fcnther Jauch prangert Missst\u00e4nde an&amp;escapedquot;},&amp;escapedquot;id&amp;escapedquot;:&amp;escapedquot;13663480&amp;escapedquot;,&amp;escapedquot;type&amp;escapedquot;:&amp;escapedquot;story&amp;escapedquot;},&amp;escapedquot;isPartOfList&amp;escapedquot;:true,&amp;escapedquot;topicListType&amp;escapedquot;:&amp;escapedquot;topic-list&amp;escapedquot;},&amp;escapedquot;showArrow&amp;escapedquot;:true}\" data-hydrate-slots=\"{&#039;default&#039;:[]}\" class=\"tspDBrt tspDEr6\" rel=\"nofollow noopener\" target=\"_blank\">Lange Wartelisten f\u00fcr seelisch kranke Kinder Potsdamer Moderator G\u00fcnther Jauch prangert Missst\u00e4nde an <\/a><a href=\"https:\/\/www.tagesspiegel.de\/potsdam\/landeshauptstadt\/potsdam-hat-schon-1989-einen-zauber-ausgestrahlt-7951189.html?icid=topic-list_15824499___\" data-gtm-class=\"article-mzt-link\" data-hydrate-fingerprint=\"09740a54944caac75fd2c0c63fd5c5df\" data-hydrate-props=\"{&amp;escapedquot;element&amp;escapedquot;:{&amp;escapedquot;type&amp;escapedquot;:&amp;escapedquot;relatedContent&amp;escapedquot;,&amp;escapedquot;fieldMap&amp;escapedquot;:{},&amp;escapedquot;relation&amp;escapedquot;:{&amp;escapedquot;fields&amp;escapedquot;:{&amp;escapedquot;isPaid&amp;escapedquot;:null},&amp;escapedquot;href&amp;escapedquot;:&amp;escapedquot;\/potsdam\/landeshauptstadt\/potsdam-hat-schon-1989-einen-zauber-ausgestrahlt-7951189.html&amp;escapedquot;,&amp;escapedquot;teaserTitle&amp;escapedquot;:{&amp;escapedquot;kicker&amp;escapedquot;:&amp;escapedquot;Interview | G\u00fcnther Jauch&amp;escapedquot;,&amp;escapedquot;headline&amp;escapedquot;:&amp;escapedquot;\\&amp;escapedquot;Potsdam hat schon 1989 einen Zauber ausgestrahlt\\&amp;escapedquot;&amp;escapedquot;},&amp;escapedquot;id&amp;escapedquot;:&amp;escapedquot;7951189&amp;escapedquot;,&amp;escapedquot;type&amp;escapedquot;:&amp;escapedquot;story&amp;escapedquot;},&amp;escapedquot;isPartOfList&amp;escapedquot;:true,&amp;escapedquot;topicListType&amp;escapedquot;:&amp;escapedquot;topic-list&amp;escapedquot;},&amp;escapedquot;showArrow&amp;escapedquot;:true}\" data-hydrate-slots=\"{&#039;default&#039;:[]}\" class=\"tspDBrt tspDEr6\" rel=\"nofollow noopener\" target=\"_blank\">Interview | G\u00fcnther Jauch &#8222;Potsdam hat schon 1989 einen Zauber ausgestrahlt&#8220; <\/a><\/p>\n<p class=\"tspA1jc\">F\u00fcr seinen Beitrag zum Erhalt der historischen Bausubstanz wurde er erst im Juni von Ministerpr\u00e4sident Dietmar Woidke (SPD) <a href=\"https:\/\/www.tagesspiegel.de\/potsdam\/landeshauptstadt\/gunther-jauch-geehrt-woidke-verleiht-potsdam-mazen-den-landesverdienstorden-15710111.html?icid=in-text-link_15824499\" class=\"link link--internal\" data-gtm-class=\"article-text-link\" data-gtm-val=\"internal\" rel=\"nofollow noopener\" target=\"_blank\">mit dem Landesverdienstorden geehrt<\/a>. Woidke lobt ihn nun auch in einer Gl\u00fcckwunschadresse zum 70. Geburtstag: \u201eSie tragen dazu bei, das Stadtbild Potsdams wieder zum Strahlen zu bringen\u201c, so der Ministerpr\u00e4sident: \u201eDieses Engagement ist Ausdruck von Verantwortung f\u00fcr unsere Gesellschaft und f\u00fcr kommende Generationen.\u201c<\/p>\n<p><img decoding=\"async\" src=\"https:\/\/www.europesays.com\/de\/wp-content\/uploads\/2026\/07\/1567774247451-19e823e5-4f25-483a-a257-2fda12a27473-31.jpeg\"   alt=\"Journalist und Moderator G\u00fcnther Jauch besucht Jubil\u00e4umsfest des Potsdamer Kinderprojekthauses &quot;Arche&quot;.\" aria-labelledby=\"caption-15831795\" width=\"440\" height=\"330\" loading=\"lazy\" class=\"tspA3jg\"\/> Der M\u00e4zen Jauch bei einem Jubil\u00e4umsfest des Potsdamer Kinderprojekthauses \u201eArche\u201c im Jahr 2020. <\/p>\n<p class=\"tspAHgz\"> \u00a9 Andreas Klaer <\/p>\n<p class=\"tspA1jc\">Jauch investiert nicht nur in Denkm\u00e4ler, auch die F\u00f6rderung benachteiligter Kinder ist ihm ein Anliegen: Er finanziert seit Jahren den Betrieb des christlichen Jugendwerks Die Arche im Plattenbaukiez Drewitz, <a href=\"https:\/\/www.tagesspiegel.de\/potsdam\/landeshauptstadt\/zehnter-geburtstag-mit-gunther-jauch-7894330.html?icid=in-text-link_15824499\" class=\"link link--internal\" data-gtm-class=\"article-text-link\" data-gtm-val=\"internal\" rel=\"nofollow noopener\" target=\"_blank\">dessen Gr\u00fcndung er angeregt hatte<\/a>. Dort werden t\u00e4glich bis zu 80 Kinder und Jugendliche aus dem Wohngebiet mit F\u00fcrsorge, Mahlzeiten und Betreuung versorgt.<\/p>\n<p><img decoding=\"async\" src=\"https:\/\/www.europesays.com\/de\/wp-content\/uploads\/2026\/07\/gunther-jauch-auf-seinem-weingut.jpeg\"   alt=\"ARCHIV - 30.05.2025, Rheinland-Pfalz, Kanzem: Fernsehmoderator und Weingutbesitzer G\u00fcnther Jauch steht in einem Weinberg. (zu dpa: \u00abJauch wird 70 - und meidet Rummel um sich\u00bb) Foto: Harald Tittel\/dpa +++ dpa-Bildfunk +++\" aria-labelledby=\"caption-15831761\" width=\"440\" height=\"330\" loading=\"lazy\" class=\"tspA3jg\"\/> Fernsehmoderator und Weingutbesitzer G\u00fcnther Jauch steht in einem seiner Weinberge. <\/p>\n<p class=\"tspAHgz\"> \u00a9 dpa\/Harald Tittel <\/p>\n<p class=\"tspA1jc\">2010 ist er auch unter die Winzer gegangen: Als Nachfahre der Gr\u00fcnder \u00fcbernahm er das renommierte Weingut von Othegraven im rheinland-pf\u00e4lzischen Kanzem an der Saar. Als Winzer sehe er sich aber nach all den Jahren nicht, sagte er der dpa: \u201eIm Grunde bin ich ein ewiger Winzer-Azubi.\u201c Und auch wenn Jauch die Region als idyllisch und romantisch beschreibt und auch wenn er der Arbeit wegen oft in K\u00f6ln ist: Sein erstes Zuhause bleibt weiterhin Potsdam.<\/p>\n<p><img decoding=\"async\" src=\"https:\/\/www.europesays.com\/de\/wp-content\/uploads\/2026\/07\/villa-kellermann.jpeg\"   alt=\"Villa Kellermann am Heiligen See in Potsdam\" aria-labelledby=\"caption-15831826\" width=\"440\" height=\"330\" loading=\"lazy\" class=\"tspA3jg\"\/> Die Villa Kellermann am Heiligen See in Potsdam. <\/p>\n<p class=\"tspAHgz\"> \u00a9 Andreas Klaer <\/p>\n<p><img decoding=\"async\" src=\"https:\/\/www.europesays.com\/de\/wp-content\/uploads\/2026\/07\/1568554095452-02af3274-874b-4bd9-8651-417026baf837-43.jpeg\"   alt=\"Pressedinner in der Villa Kellermann, dem neuen Restaurant in Potsdam von Sternekoch Tim Raue. Die Villa geh\u00f6rt TV-Moderator G\u00fcnther Jauch (Foto).\" aria-labelledby=\"caption-15831793\" width=\"440\" height=\"330\" loading=\"lazy\" class=\"tspA3jg\"\/> Jauch bei einem Pressedinner in der Villa Kellermann im Jahr 2020. Damals begann Sternekoch Tim Raue als Betreiber. <\/p>\n<p class=\"tspAHgz\"> \u00a9 Andreas Klaer <\/p>\n<p class=\"tspA1jc\">Hier kann Jauchs Wein auch im Restaurant getrunken werden: Er hat vor einigen Jahren die<a href=\"https:\/\/www.tagesspiegel.de\/potsdam\/landeshauptstadt\/villa-kellermann-von-gunther-jauch-tomasa-inhaber-eroffnen-neues-restaurant-am-heiligen-see-12720086.html?icid=in-text-link_15824499\" class=\"link link--internal\" data-gtm-class=\"article-text-link\" data-gtm-val=\"internal\" rel=\"nofollow noopener\" target=\"_blank\"> <\/a><a href=\"https:\/\/www.tagesspiegel.de\/gesellschaft\/villa-kellermann-in-potsdam-dieser-besuch-macht-glucklich-5079433.html?icid=in-text-link_15824499\" class=\"link link--internal\" data-gtm-class=\"article-text-link\" data-gtm-val=\"internal\" rel=\"nofollow noopener\" target=\"_blank\">Villa Kellermann erworben<\/a>. Das Haus mit bewegter Geschichte liegt direkt am Heiligen See und ist somit der einzige \u00f6ffentlich zug\u00e4ngliche Ort an diesem Seeufer, an dem Potsdams Prominenz lebt. Die Villa hat Jauch <a href=\"https:\/\/www.tagesspiegel.de\/potsdam\/landeshauptstadt\/die-speisekarte-gefallt-mir-ausgesprochen-gut-gunther-jauch-uber-das-neue-restaurant-in-seiner-potsdamer-villa-kellermann-12754700.html?icid=in-text-link_15824499\" class=\"link link--internal\" data-gtm-class=\"article-text-link\" data-gtm-val=\"internal\" rel=\"nofollow noopener\" target=\"_blank\">als Restaurant verpachtet<\/a> und es k\u00f6nnen dort Apartments gemietet werden. (mit dpa)<\/p>\n","protected":false},"excerpt":{"rendered":"Das Fernsehpublikum liebt ihn als Entertainer, Moderator und nat\u00fcrlich Quizmaster von \u201eWer wird Million\u00e4r?\u201c. Seiner Wahlheimat Potsdam ist&hellip;\n","protected":false},"author":2,"featured_media":1162119,"comment_status":"","ping_status":"","sticky":false,"template":"","format":"standard","meta":{"footnotes":"","_share_on_mastodon":"0"},"categories":[1776],"tags":[1801,29,214,30,10512,1635,110564,1802,94200,215,10511],"class_list":["post-1162118","post","type-post","status-publish","format-standard","has-post-thumbnail","category-prominente","tag-celebrities","tag-deutschland","tag-entertainment","tag-germany","tag-guenther-jauch","tag-jugend","tag-potsdam-brandenburger-vorstadt","tag-prominente","tag-schloss-sanssouci","tag-unterhaltung","tag-wer-wird-millionaer"],"share_on_mastodon":{"url":"https:\/\/pubeurope.com\/@de\/116909126470265263","error":""},"_links":{"self":[{"href":"https:\/\/www.europesays.com\/de\/wp-json\/wp\/v2\/posts\/1162118","targetHints":{"allow":["GET"]}}],"collection":[{"href":"https:\/\/www.europesays.com\/de\/wp-json\/wp\/v2\/posts"}],"about":[{"href":"https:\/\/www.europesays.com\/de\/wp-json\/wp\/v2\/types\/post"}],"author":[{"embeddable":true,"href":"https:\/\/www.europesays.com\/de\/wp-json\/wp\/v2\/users\/2"}],"replies":[{"embeddable":true,"href":"https:\/\/www.europesays.com\/de\/wp-json\/wp\/v2\/comments?post=1162118"}],"version-history":[{"count":0,"href":"https:\/\/www.europesays.com\/de\/wp-json\/wp\/v2\/posts\/1162118\/revisions"}],"wp:featuredmedia":[{"embeddable":true,"href":"https:\/\/www.europesays.com\/de\/wp-json\/wp\/v2\/media\/1162119"}],"wp:attachment":[{"href":"https:\/\/www.europesays.com\/de\/wp-json\/wp\/v2\/media?parent=1162118"}],"wp:term":[{"taxonomy":"category","embeddable":true,"href":"https:\/\/www.europesays.com\/de\/wp-json\/wp\/v2\/categories?post=1162118"},{"taxonomy":"post_tag","embeddable":true,"href":"https:\/\/www.europesays.com\/de\/wp-json\/wp\/v2\/tags?post=1162118"}],"curies":[{"name":"wp","href":"https:\/\/api.w.org\/{rel}","templated":true}]}}