{"id":1162232,"date":"2026-07-12T22:44:18","date_gmt":"2026-07-12T22:44:18","guid":{"rendered":"https:\/\/www.europesays.com\/de\/1162232\/"},"modified":"2026-07-12T22:44:18","modified_gmt":"2026-07-12T22:44:18","slug":"es-fehlen-wohl-noch-einige-millionen-angebot-des-vfb-stuttgart-fuer-sturmkandidat-offenbar-abgelehnt","status":"publish","type":"post","link":"https:\/\/www.europesays.com\/de\/1162232\/","title":{"rendered":"Es fehlen wohl noch einige Millionen! Angebot des VfB Stuttgart f\u00fcr Sturmkandidat offenbar abgelehnt"},"content":{"rendered":"<p>Neben Stuttgart hat Pejcinovic wohl einige weitere namhafte Optionen f\u00fcr seine Zukunft. <a href=\"https:\/\/www.spox.com\/fussball\/listen\/25-millionen-euro-abloese-dfb-juwel-draengt-offenbar-auf-wechsel-zum-vfb-stuttgart\/blt2dd08286c9825515\" rel=\"nofollow noopener\" target=\"_blank\" data-affiliate-type=\"NONE\">Auch Benfica Lissabon<\/a>, Bayer Leverkusen, Eintracht Frankfurt und der SC Freiburg sollen um den deutschen U21-Nationalspieler buhlen. Laut Bild hat Pejcinovic alle bisherigen Offerten allerdings abgelehnt, weil der VfB eben sein favorisiertes Ziel sei.<\/p>\n<p>Die Stuttgarter Verantwortlichen bleiben derweil offenbar entspannt, da sie auch keinen zwingenden Handlungsbedarf im Angriff haben. Schlie\u00dflich verf\u00fcgt man mit Deniz Undav und Ermedin Demirovic \u00fcber zwei erstklassige Neuner, die jeweils eine starke Saison hinter sich haben. Bei Demirovic soll der VfB aber zumindest gespr\u00e4chsbereit sein, falls ein attraktives Angebot f\u00fcr den bosnischen Nationalspieler eintrudelt. Sp\u00e4testens dann k\u00f6nnte auch wieder neue Bewegung in den Pejcinovic-Poker kommen.<\/p>\n<p>Der geb\u00fcrtige M\u00fcnchener war vergangenen Sommer nach einer Leihe zu Fortuna D\u00fcsseldorf nach Wolfsburg zur\u00fcckgekehrt und war in der bitteren abgelaufenen Saison, die mit dem Abstieg in der Relegation gegen Paderborn endete, einer der wenigen Lichtblicke beim VfL. In wettbewerbs\u00fcbergreifend 34 Eins\u00e4tzen waren Pejcinovic zw\u00f6lf Tore gelungen.<\/p>\n","protected":false},"excerpt":{"rendered":"Neben Stuttgart hat Pejcinovic wohl einige weitere namhafte Optionen f\u00fcr seine Zukunft. Auch Benfica Lissabon, Bayer Leverkusen, Eintracht&hellip;\n","protected":false},"author":2,"featured_media":1162233,"comment_status":"","ping_status":"","sticky":false,"template":"","format":"standard","meta":{"footnotes":"","_share_on_mastodon":"0"},"categories":[1830],"tags":[621,1634,299,243727,3364,29,8468,30,1441,1288,2915,931,605],"class_list":["post-1162232","post","type-post","status-publish","format-standard","has-post-thumbnail","category-stuttgart","tag-2-bundesliga","tag-baden-wuerttemberg","tag-bundesliga","tag-d-pejcinovic","tag-de","tag-deutschland","tag-deutschland-2-bundesliga","tag-germany","tag-stuttgart","tag-transfers","tag-vfb-stuttgart","tag-vfl-wolfsburg","tag-wolfsburg"],"share_on_mastodon":{"url":"https:\/\/pubeurope.com\/@de\/116909432167904945","error":""},"_links":{"self":[{"href":"https:\/\/www.europesays.com\/de\/wp-json\/wp\/v2\/posts\/1162232","targetHints":{"allow":["GET"]}}],"collection":[{"href":"https:\/\/www.europesays.com\/de\/wp-json\/wp\/v2\/posts"}],"about":[{"href":"https:\/\/www.europesays.com\/de\/wp-json\/wp\/v2\/types\/post"}],"author":[{"embeddable":true,"href":"https:\/\/www.europesays.com\/de\/wp-json\/wp\/v2\/users\/2"}],"replies":[{"embeddable":true,"href":"https:\/\/www.europesays.com\/de\/wp-json\/wp\/v2\/comments?post=1162232"}],"version-history":[{"count":0,"href":"https:\/\/www.europesays.com\/de\/wp-json\/wp\/v2\/posts\/1162232\/revisions"}],"wp:featuredmedia":[{"embeddable":true,"href":"https:\/\/www.europesays.com\/de\/wp-json\/wp\/v2\/media\/1162233"}],"wp:attachment":[{"href":"https:\/\/www.europesays.com\/de\/wp-json\/wp\/v2\/media?parent=1162232"}],"wp:term":[{"taxonomy":"category","embeddable":true,"href":"https:\/\/www.europesays.com\/de\/wp-json\/wp\/v2\/categories?post=1162232"},{"taxonomy":"post_tag","embeddable":true,"href":"https:\/\/www.europesays.com\/de\/wp-json\/wp\/v2\/tags?post=1162232"}],"curies":[{"name":"wp","href":"https:\/\/api.w.org\/{rel}","templated":true}]}}