{"id":1162301,"date":"2026-07-12T23:26:26","date_gmt":"2026-07-12T23:26:26","guid":{"rendered":"https:\/\/www.europesays.com\/de\/1162301\/"},"modified":"2026-07-12T23:26:26","modified_gmt":"2026-07-12T23:26:26","slug":"ludwigshafen-zeugenaufruf-suche-nach-unfalloertlichkeit-und-beschaedigten-fahrzeugen","status":"publish","type":"post","link":"https:\/\/www.europesays.com\/de\/1162301\/","title":{"rendered":"Ludwigshafen &#8211; Zeugenaufruf &#8211; Suche nach Unfall\u00f6rtlichkeit und besch\u00e4digten Fahrzeugen"},"content":{"rendered":"<p><img fetchpriority=\"high\" decoding=\"async\" src=\"https:\/\/www.europesays.com\/de\/wp-content\/uploads\/2026\/07\/Unfall-polizei-1.jpg\" alt=\"Unfall Hettenleidelheim\" width=\"1200\" height=\"788\" class=\"size-full wp-image-645216\"  \/>Unfall Hettenleidelheim<br \/>Ludwigshafen\/Metropolregion Rhein-Neckar \u2013 Am 12.07.2026 wurde gegen 05:00 Uhr im Bereich Altstadtplatz in Oggersheim ein 37-j\u00e4hriger Mann in seinem PKW festgestellt. Der PKW, ein schwarzer VW, wies frische Sch\u00e4den auf, welche auf ein Verkehrsunfallgeschehen schlie\u00dfen lie\u00dfen. <\/p>\n<p>Der vermeintliche Fahrzeugf\u00fchrer war augenscheinlich alkoholisiert und t\u00e4tigte keine Angaben zu einem Unfall. Es werden Zeugen gesucht, welche in den fr\u00fchen Morgenstunden des 12.07.2026 im Bereich Altstadtplatz Wahrnehmungen zu einem Verkehrsunfall gemacht haben. Zudem werden Gesch\u00e4digte des Verkehrsunfalls gesucht und gebeten, sich bei der Polizeiinspektion Ludwigshafen 2 entweder per Mail piludwigshafen2@polizei.rlp.de oder unter der 0621 963 24250 zu melden.<\/p>\n<p>Quelle: Polizeidirektion Ludwigshafen <\/p>\n<p class=\"post-modified-info\">Zuletzt aktualisiert am 12. Juli 2026, 21:21<\/p>\n","protected":false},"excerpt":{"rendered":"Unfall HettenleidelheimLudwigshafen\/Metropolregion Rhein-Neckar \u2013 Am 12.07.2026 wurde gegen 05:00 Uhr im Bereich Altstadtplatz in Oggersheim ein 37-j\u00e4hriger Mann&hellip;\n","protected":false},"author":2,"featured_media":609818,"comment_status":"","ping_status":"","sticky":false,"template":"","format":"standard","meta":{"footnotes":"","_share_on_mastodon":"0"},"categories":[1845],"tags":[14589,1634,18412,3364,29,548,663,3934,30,52624,13,89966,25476,2096,25488,25489,14,14480,15,27789,1892,121,227059,97159,5206,28951,12,11730,1284,3260,603,4996,2542,4578],"class_list":["post-1162301","post","type-post","status-publish","format-standard","has-post-thumbnail","category-mannheim","tag-14589","tag-baden-wuerttemberg","tag-bereich","tag-de","tag-deutschland","tag-eu","tag-europa","tag-europe","tag-germany","tag-gesucht","tag-headlines","tag-hettenleidelheim","tag-ludwigshafen","tag-mannheim","tag-metropolregion","tag-metropolregion-rhein-neckar","tag-nachrichten","tag-neckar","tag-news","tag-oggersheim","tag-pkw","tag-polizei","tag-polizeidirektion-ludwigshafen","tag-polizeiinspektion-ludwigshafen-2","tag-rhein","tag-rhein-neckar","tag-schlagzeilen","tag-suche","tag-unfall","tag-verkehrsunfall","tag-vw","tag-zeugen","tag-zeugen-gesucht","tag-zeugenaufruf"],"share_on_mastodon":{"url":"","error":"Validation failed: Text character limit of 500 exceeded"},"_links":{"self":[{"href":"https:\/\/www.europesays.com\/de\/wp-json\/wp\/v2\/posts\/1162301","targetHints":{"allow":["GET"]}}],"collection":[{"href":"https:\/\/www.europesays.com\/de\/wp-json\/wp\/v2\/posts"}],"about":[{"href":"https:\/\/www.europesays.com\/de\/wp-json\/wp\/v2\/types\/post"}],"author":[{"embeddable":true,"href":"https:\/\/www.europesays.com\/de\/wp-json\/wp\/v2\/users\/2"}],"replies":[{"embeddable":true,"href":"https:\/\/www.europesays.com\/de\/wp-json\/wp\/v2\/comments?post=1162301"}],"version-history":[{"count":0,"href":"https:\/\/www.europesays.com\/de\/wp-json\/wp\/v2\/posts\/1162301\/revisions"}],"wp:featuredmedia":[{"embeddable":true,"href":"https:\/\/www.europesays.com\/de\/wp-json\/wp\/v2\/media\/609818"}],"wp:attachment":[{"href":"https:\/\/www.europesays.com\/de\/wp-json\/wp\/v2\/media?parent=1162301"}],"wp:term":[{"taxonomy":"category","embeddable":true,"href":"https:\/\/www.europesays.com\/de\/wp-json\/wp\/v2\/categories?post=1162301"},{"taxonomy":"post_tag","embeddable":true,"href":"https:\/\/www.europesays.com\/de\/wp-json\/wp\/v2\/tags?post=1162301"}],"curies":[{"name":"wp","href":"https:\/\/api.w.org\/{rel}","templated":true}]}}