{"id":1162341,"date":"2026-07-12T23:50:20","date_gmt":"2026-07-12T23:50:20","guid":{"rendered":"https:\/\/www.europesays.com\/de\/1162341\/"},"modified":"2026-07-12T23:50:20","modified_gmt":"2026-07-12T23:50:20","slug":"bundespraesident-hauch-von-bonner-republik-zdf-sommerinterview-am-rheinufer-politik","status":"publish","type":"post","link":"https:\/\/www.europesays.com\/de\/1162341\/","title":{"rendered":"Bundespr\u00e4sident &#8211; Hauch von Bonner Republik &#8211; ZDF-Sommerinterview am Rheinufer &#8211; Politik"},"content":{"rendered":"<p data-manual=\"paragraph\" data-schema-org-speakable=\"true\" class=\"css-1eosz7k\">Berlin\/Bonn (dpa) &#8211; Sehr oft wird sie nicht mehr genutzt, am Sonntag war sie aber B\u00fchne f\u00fcr das erste Sommerinterview von ZDF-\u201eBerlin direkt\u201c &#8211; die Villa Hammerschmidt in Bonn. Der erste Amtssitz des Bundespr\u00e4sidenten in Berlin, das Schloss Bellevue, wird renoviert, am zweiten Amtssitz in der fr\u00fcheren Bundeshauptstadt lud Moderatorin Diana Zimmermann daher zum Gespr\u00e4ch mit Frank-Walter Steinmeier. Ein Hauch von Bonner Republik weht durch das Interview. Seit 1950 haben die Bundespr\u00e4sidenten in dem klassizistischen Bau am Rheinufer ihren Amtssitz.\u00a0<\/p>\n<p data-manual=\"paragraph\" data-schema-org-speakable=\"true\" class=\"css-1eosz7k\">Die Villa Hammerschmidt sei heute das, was das Schloss Bellevue in den Jahren der deutschen Teilung gewesen sei, n\u00e4mlich der zweite Amtssitz des Staatsoberhauptes, sagte Steinmeier. \u201eEs war eben die steinerne Erinnerung, dass wir die Hoffnung auf Wiedervereinigung\u00a0nicht aufgeben\u201c, betonte Steinmeier mit Blick auf den Berliner Amtssitz. Nach dem Vollzug der Vereinigung wurde das Schloss zum ersten Amtssitz des Staatsoberhauptes.\u00a0<\/p>\n<p data-manual=\"paragraph\" data-schema-org-speakable=\"true\" class=\"css-1eosz7k\">Dem Schloss Bellevue stehen nun umfangreiche Bauarbeiten bevor. Steinmeier hat daher ein Ausweichquartier in Berlin-Moabit bezogen. Die Arbeiten sollen bis zu acht Jahre dauern. Daf\u00fcr sind 601 Millionen Euro veranschlagt. Eingeplant sind aber auch schon weitere 259 Millionen Euro f\u00fcr noch nicht kalkulierbare Risiken sowie m\u00f6gliche Baukostensteigerungen. Diese m\u00fcssen allerdings nicht zwingend eintreten.<\/p>\n<p data-manual=\"paragraph\" data-schema-org-speakable=\"true\" class=\"css-1eosz7k\">\u00a9 dpa-infocom, dpa:260712-930-373906\/1<\/p>\n","protected":false},"excerpt":{"rendered":"Berlin\/Bonn (dpa) &#8211; Sehr oft wird sie nicht mehr genutzt, am Sonntag war sie aber B\u00fchne f\u00fcr das&hellip;\n","protected":false},"author":2,"featured_media":1162342,"comment_status":"","ping_status":"","sticky":false,"template":"","format":"standard","meta":{"footnotes":"","_share_on_mastodon":"0"},"categories":[1842],"tags":[1741,14489,3364,29,30,1209,16,149],"class_list":["post-1162341","post","type-post","status-publish","format-standard","has-post-thumbnail","category-bonn","tag-bonn","tag-bundespraesident","tag-de","tag-deutschland","tag-germany","tag-nordrhein-westfalen","tag-politik","tag-sueddeutsche-zeitung"],"share_on_mastodon":{"url":"","error":""},"_links":{"self":[{"href":"https:\/\/www.europesays.com\/de\/wp-json\/wp\/v2\/posts\/1162341","targetHints":{"allow":["GET"]}}],"collection":[{"href":"https:\/\/www.europesays.com\/de\/wp-json\/wp\/v2\/posts"}],"about":[{"href":"https:\/\/www.europesays.com\/de\/wp-json\/wp\/v2\/types\/post"}],"author":[{"embeddable":true,"href":"https:\/\/www.europesays.com\/de\/wp-json\/wp\/v2\/users\/2"}],"replies":[{"embeddable":true,"href":"https:\/\/www.europesays.com\/de\/wp-json\/wp\/v2\/comments?post=1162341"}],"version-history":[{"count":0,"href":"https:\/\/www.europesays.com\/de\/wp-json\/wp\/v2\/posts\/1162341\/revisions"}],"wp:featuredmedia":[{"embeddable":true,"href":"https:\/\/www.europesays.com\/de\/wp-json\/wp\/v2\/media\/1162342"}],"wp:attachment":[{"href":"https:\/\/www.europesays.com\/de\/wp-json\/wp\/v2\/media?parent=1162341"}],"wp:term":[{"taxonomy":"category","embeddable":true,"href":"https:\/\/www.europesays.com\/de\/wp-json\/wp\/v2\/categories?post=1162341"},{"taxonomy":"post_tag","embeddable":true,"href":"https:\/\/www.europesays.com\/de\/wp-json\/wp\/v2\/tags?post=1162341"}],"curies":[{"name":"wp","href":"https:\/\/api.w.org\/{rel}","templated":true}]}}