{"id":1162400,"date":"2026-07-13T00:30:19","date_gmt":"2026-07-13T00:30:19","guid":{"rendered":"https:\/\/www.europesays.com\/de\/1162400\/"},"modified":"2026-07-13T00:30:19","modified_gmt":"2026-07-13T00:30:19","slug":"ifa-berlin-ceo-im-interview-in-wirtschaftlich-angespannten-zeiten-wird-die-ifa-wichtiger","status":"publish","type":"post","link":"https:\/\/www.europesays.com\/de\/1162400\/","title":{"rendered":"IFA Berlin-CEO im Interview: \u201eIn wirtschaftlich angespannten Zeiten wird die IFA wichtiger\u201c"},"content":{"rendered":"<p>            <img loading=\"lazy\" decoding=\"async\" width=\"696\" height=\"400\" class=\"entry-thumb\" src=\"https:\/\/www.europesays.com\/de\/wp-content\/uploads\/2026\/07\/Leif-Lindner-IFA-696x400.jpg\" alt=\"\" title=\"Leif-Lindner-IFA\"\/><\/p>\n<p><strong>Ein leichtes Zuschauerplus gab es im letzten Jahr, aber auch Diskussionen. Waren es 2025 gen\u00fcgend technische Innovationen, die zu sehen waren? Welche Relevanz hat die IFA im Vergleich zur <a href=\"https:\/\/www.digitalfernsehen.de\/thema\/ces\/\" class=\"av-highlight\" title=\"Mehr Aritkel zum Thema CES\" rel=\"nofollow noopener\" target=\"_blank\">CES<\/a> und Veranstaltungen in Asien? Themen, die auch 2026 bewegen. Mit dem IFA Kick off wurde der Countdown zur IFA 2026 er\u00f6ffnet. Leif Lindner, der IFA-CEO, stand uns kurz Rede und Antwort. <\/strong><\/p>\n<p><strong>Herr Lindner, die IFA steht in diesem Jahr unter dem Motto \u201eThe future is now\u201c. Was d\u00fcrfen die Besucherinnen und Besucher Anfang September erwarten?<\/strong><\/p>\n<p><strong>Leif Lindner<\/strong>: \u201eUnser diesj\u00e4hriger Claim \u201eThe future is now\u201c beschreibt sehr gut, was die Besucherinnen und Besucher auf der IFA erleben werden: Technologie, die nicht mehr abstrakt oder weit weg ist, sondern heute schon unseren Alltag ver\u00e4ndert. Es geht nicht nur um Produktneuheiten, sondern um konkrete Anwendungen. Wie hilft KI im Haushalt? Wie ver\u00e4ndert Smart Living unser Zuhause? Welche Rolle spielen Robotik, Mobilit\u00e4t, Entertainment, Retail und vernetzte \u00d6kosysteme in unserem Leben?<\/p>\n<p>Ein besonderer thematischer Fokus liegt in diesem Jahr auf Zukunftstechnologien wie KI, Robotik und Smart Living. Die IFA zeigt Technologie zum Anfassen \u2013 gerade bei Themen wie Robotik ist das Live-Erlebnis entscheidend, weil man erst vor Ort versteht, wie weit die Entwicklung ist. Besucherinnen und Besucher erleben etwa, wie humanoide Roboter sich bewegen, interagieren und welche Rolle KI und Sensorik dabei spielen.<\/p>\n<p>Gleichzeitig bleibt die IFA ein Erlebnis f\u00fcr ein breites Publikum. Der IFA Sommergarten bringt mit BUNT., Luciano, Ikkimel &amp; Friends sowie Live-Podcasts wieder Musik, Entertainment und Popkultur auf das Messegel\u00e4nde. Das zeigt: Technologie ist heute Teil von Kultur, Alltag und Lifestyle \u2013 und genau das macht die IFA sichtbar.\u201c<\/p>\n<p><strong>Klassische Unterhaltungselektronik \u2013 also Radio- und TV-Ger\u00e4te \u2013 geh\u00f6rt seit Beginn der IFA vor mehr als 100 Jahren fest zur Messe. Welchen Stellenwert nimmt dieses Segment auf der IFA 2026 ein?<\/strong><\/p>\n<p><strong>Leif Lindner<\/strong>: \u201eUnterhaltungselektronik geh\u00f6rt zur DNA der IFA. Die IFA ist historisch aus diesem Segment heraus gewachsen \u2013 und auch 2026 bleibt Home Entertainment ein zentraler Bestandteil der Messe. Aber nat\u00fcrlich hat sich die Kategorie stark ver\u00e4ndert. Heute sprechen wir nicht mehr nur \u00fcber Radio- oder TV-Ger\u00e4te im klassischen Sinne, sondern \u00fcber vernetzte Entertainment-\u00d6kosysteme: Displays, Sound, Streaming, Gaming, Smart-TV-Plattformen, personalisierte Inhalte und KI-gest\u00fctzte Nutzererlebnisse.<\/p>\n<p>Der Fernseher ist heute nicht mehr nur ein Empfangsger\u00e4t, sondern oft das zentrale Interface im Wohnzimmer. KI verbessert Bild und Ton in Echtzeit, Inhalte werden st\u00e4rker personalisiert, und Ger\u00e4te werden intuitiver in der Bedienung. KI ist l\u00e4ngst nicht mehr auf einzelne Produktkategorien beschr\u00e4nkt, sondern durchdringt zunehmend alle Bereiche des vernetzten Zuhauses, so auch Home Entertainment.<\/p>\n<p>Wir bewahren also unsere Wurzeln der klassischen Unterhaltungselektronik, zeigen aber gleichzeitig ihre n\u00e4chste Entwicklungsstufe. Es geht um die Frage, wie Entertainment k\u00fcnftig individueller, vernetzter und immersiver erlebbar wird.\u201c<\/p>\n<p><strong>KI war 2025 ein durchaus kontrovers diskutiertes Thema auf der IFA. Im aktuellen KI-Zeitalter geht der Trend vermehrt zu Streaming-L\u00f6sungen und Server-Anwendungen. Wie will es die IFA schaffen, diese aktuellen Trends aufzugreifen und dennoch den Fokus auf die physischen Produkte zu legen?<\/strong><\/p>\n<p><strong>Leif Lindner<\/strong>: \u201eDas ist genau der Punkt, an dem die IFA ihre besondere St\u00e4rke ausspielt. Nat\u00fcrlich entstehen viele Innovationen heute in der Cloud, in Software, in Streaming-Plattformen oder durch KI-Modelle im Hintergrund. Aber f\u00fcr die Menschen wird Technologie erst relevant, wenn sie in einem konkreten Produkt oder Erlebnis ankommt.<\/p>\n<p>KI bleibt abstrakt, solange sie nur als Schlagwort existiert. Sie wird greifbar, wenn ein Fernseher Bild und Ton automatisch optimiert, wenn ein Haushaltsger\u00e4t Energie spart, wenn ein Kochassistent durch ein Rezept f\u00fchrt oder wenn ein Roboter tats\u00e4chlich mit Menschen interagiert. Genau diese \u00dcbersetzung von digitaler Intelligenz in physische Anwendung zeigen wir auf der IFA. Es geht also darum, wie Zukunftstrends zu konkreten Alltagshelfern werden.<\/p>\n<p>Ein aktuelles Beispiel vom IFA Kick-Off ist Miele: Dort wurden konkrete Anwendungen gezeigt \u2013 etwa der Duoflex HX2, ein Ger\u00e4t, das Saugen, Wischen und Selbstreinigung kombiniert, sowie ein KI-gest\u00fctzter CulinaryCoach, der beim Kochen begleitet. Das zeigt sehr gut, dass KI nicht als abstrakte Technologie im Mittelpunkt steht, sondern der konkrete Nutzen im Alltag.<\/p>\n<p>Der Fortschritt in Consumer Electronics misst sich heute nicht mehr nur in technischen Daten wie Megapixeln, Zollgr\u00f6\u00dfen oder Gigabyte. Entscheidend ist, wie viel Aufwand Technologie den Menschen abnimmt. Die wirkungsvollste Technologie f\u00e4llt oft gar nicht mehr auf, sie l\u00e4uft im Hintergrund, lernt mit und macht den Alltag einfacher. Deshalb bleibt das physische Produkt so wichtig. Es ist die Schnittstelle zwischen Mensch und Technologie. Auf der IFA kann man sehen, ob ein Produktversprechen wirklich funktioniert.\u201c<\/p>\n<p><img fetchpriority=\"high\" decoding=\"async\" width=\"1500\" height=\"862\" src=\"https:\/\/www.europesays.com\/de\/wp-content\/uploads\/2026\/07\/IFA-Bild-1.jpg\" alt=\"\" class=\"wp-image-1184866\"\/><\/p>\n<p><strong>Warum lohnt sich ein Besuch der IFA 2026 f\u00fcr Hersteller, H\u00e4ndler und Endverbraucher gerade in wirtschaftlich angespannten Zeiten?<\/strong><\/p>\n<p><strong>Leif Lindner<\/strong>: \u201eGerade in wirtschaftlich angespannten Zeiten wird eine Messe wie die IFA wichtiger. Denn wenn M\u00e4rkte anspruchsvoller werden, wenn Budgets genauer gepr\u00fcft werden und Kaufentscheidungen bewusster getroffen werden, braucht es Vertrauen, Orientierung und echte Begegnung.<\/p>\n<p>F\u00fcr Hersteller ist die IFA eine einzigartige Plattform, um neue Produkte einem breiten Publikum, internationalen Medien und dem europ\u00e4ischen Handel gleichzeitig zu pr\u00e4sentieren. Sie bekommen direktes Feedback \u2013 nicht gefiltert durch Algorithmen \u2013 sondern unmittelbar vor Ort. Kein Algorithmus ersetzt pers\u00f6nlichen Marktzugang, Sichtbarkeit, Glaubw\u00fcrdigkeit und belastbare Kontakte. Vertrauen entsteht im Gespr\u00e4ch, nicht im Feed. Genau daf\u00fcr steht die IFA.<\/p>\n<p>F\u00fcr den Fachhandel ist die IFA 2026 besonders relevant, weil wir unser Angebot gezielt ausgebaut haben. Mit Formaten wie der neuen Retail Innovation Zone, dem Retail Leaders Summit und dem Smart Living Forum schaffen wir konkrete Mehrwerte: Austausch, Weiterbildung, neue Gesch\u00e4ftsmodelle, Omnichannel-Strategien und praxisnahe Einblicke in die Zukunft des Handels.<\/p>\n<p>Und f\u00fcr Verbraucher:innen lohnt sich der Besuch, weil sie Orientierung in einem immer komplexeren Technologiemarkt bekommen. Wer ein neues Ger\u00e4t kauft, will verstehen, welchen Mehrwert es wirklich bietet. Auf der IFA kann man Produkte vergleichen, ausprobieren und erleben.<\/p>\n<p>Deshalb ist die IFA 2026 in wirtschaftlich angespannten Zeiten nicht nur eine Produktschau. Sie ist ein Ort, an dem Orientierung entsteht, Partnerschaften aufgebaut werden und Menschen wieder ein Gef\u00fchl daf\u00fcr bekommen, welche Innovationen wirklich relevant sind.\u201c<\/p>\n<p><strong>Herzlichen Dank f\u00fcr das Gespr\u00e4ch.<\/strong><\/p>\n","protected":false},"excerpt":{"rendered":"Ein leichtes Zuschauerplus gab es im letzten Jahr, aber auch Diskussionen. Waren es 2025 gen\u00fcgend technische Innovationen, die&hellip;\n","protected":false},"author":2,"featured_media":1162401,"comment_status":"","ping_status":"","sticky":false,"template":"","format":"standard","meta":{"footnotes":"","_share_on_mastodon":"0"},"categories":[1825],"tags":[296,29,30,11052,243783],"class_list":["post-1162400","post","type-post","status-publish","format-standard","has-post-thumbnail","category-berlin","tag-berlin","tag-deutschland","tag-germany","tag-ifa","tag-ifa-2026"],"share_on_mastodon":{"url":"https:\/\/pubeurope.com\/@de\/116909849296407014","error":""},"_links":{"self":[{"href":"https:\/\/www.europesays.com\/de\/wp-json\/wp\/v2\/posts\/1162400","targetHints":{"allow":["GET"]}}],"collection":[{"href":"https:\/\/www.europesays.com\/de\/wp-json\/wp\/v2\/posts"}],"about":[{"href":"https:\/\/www.europesays.com\/de\/wp-json\/wp\/v2\/types\/post"}],"author":[{"embeddable":true,"href":"https:\/\/www.europesays.com\/de\/wp-json\/wp\/v2\/users\/2"}],"replies":[{"embeddable":true,"href":"https:\/\/www.europesays.com\/de\/wp-json\/wp\/v2\/comments?post=1162400"}],"version-history":[{"count":0,"href":"https:\/\/www.europesays.com\/de\/wp-json\/wp\/v2\/posts\/1162400\/revisions"}],"wp:featuredmedia":[{"embeddable":true,"href":"https:\/\/www.europesays.com\/de\/wp-json\/wp\/v2\/media\/1162401"}],"wp:attachment":[{"href":"https:\/\/www.europesays.com\/de\/wp-json\/wp\/v2\/media?parent=1162400"}],"wp:term":[{"taxonomy":"category","embeddable":true,"href":"https:\/\/www.europesays.com\/de\/wp-json\/wp\/v2\/categories?post=1162400"},{"taxonomy":"post_tag","embeddable":true,"href":"https:\/\/www.europesays.com\/de\/wp-json\/wp\/v2\/tags?post=1162400"}],"curies":[{"name":"wp","href":"https:\/\/api.w.org\/{rel}","templated":true}]}}