{"id":1162510,"date":"2026-07-13T01:48:26","date_gmt":"2026-07-13T01:48:26","guid":{"rendered":"https:\/\/www.europesays.com\/de\/1162510\/"},"modified":"2026-07-13T01:48:26","modified_gmt":"2026-07-13T01:48:26","slug":"duesseldorf-kita-mitarbeiterinnen-bedroht-vater-fehlt-vor-gericht-wird-aber-bestraft","status":"publish","type":"post","link":"https:\/\/www.europesays.com\/de\/1162510\/","title":{"rendered":"D\u00fcsseldorf: Kita-Mitarbeiterinnen bedroht \u2013 Vater fehlt vor Gericht, wird aber bestraft"},"content":{"rendered":"<p class=\"text_ohne_einzug richtext text-em-55 !leading-serif mx-6 desktop:mx-0\">  Einen Tag vor den <a href=\"https:\/\/rp-online.de\/thema\/sommerferien\/\" rel=\"nofollow noopener\" target=\"_blank\">Sommerferien<\/a> 2025 soll ein Vater die Erzieherinnen einer st\u00e4dtischen <a href=\"https:\/\/rp-online.de\/thema\/kita\/\" rel=\"nofollow noopener\" target=\"_blank\">Kita<\/a> massiv bedroht haben, unter anderem mit den Worten: \u201eIch steche euch die Augen aus. Allah wird euch richten.\u201c Nun h\u00e4tte sich der 40-J\u00e4hrige eigentlich in einer m\u00fcndlichen Verhandlung vor dem Amtsgericht D\u00fcsseldorf verantworten sollen. Der Angeklagte erschien aber nicht und war auch f\u00fcr seine Verteidigerin telefonisch unerreichbar. Ein Urteil gibt es dennoch.<\/p>\n<p class=\"richtext text-em-55 !leading-serif mx-6 desktop:mx-0\">Das Amtsgericht erlie\u00df einen Strafbefehl, also ein schriftliches Urteil. Die Strafe: ein Jahr Gef\u00e4ngnis auf Bew\u00e4hrung. Zudem muss der 40-J\u00e4hrige ein Anti-Aggressions-Training absolvieren und 90 Sozialstunden leisten. Gegen den Strafbefehl kann der Mann noch Einspruch einlegen. Nach Gerichtsangaben ist der 40-J\u00e4hrige mehrfach vorbestraft, unter anderem wegen gef\u00e4hrlicher K\u00f6rperverletzung, Bedrohung und Sozialbetrug.<\/p>\n<p class=\"richtext text-em-55 !leading-serif mx-6 desktop:mx-0\">Laut Anklage soll der Familienvater mit einer der Erzieherinnen einen Streit angefangen haben. Der Grund: ein Kratzer im Gesicht seines Sohnes. Er soll gedroht haben, ihr die Augen auszustechen, wenn sein Sohn ein Auge verliere. Eine Drohung, die er lautstark gegen\u00fcber zwei weiteren Kita-Mitarbeiterinnen wiederholt haben soll. Schlie\u00dflich sei er schreiend aus der Kita gerannt, hei\u00dft es. Die Mutter des Jungen hatte sich laut Stadt damals f\u00fcr den Vorfall entschuldigt.<\/p>\n<p class=\"richtext text-em-55 !leading-serif mx-6 desktop:mx-0\">Familien und Mitarbeiter der Kita hatten mit Angst und Unverst\u00e4ndnis reagiert. So war der Anlass f\u00fcr den \u00fcbergriffigen Auftritt nach deren Einsch\u00e4tzung nichtig. Ein vermeintlicher oder tats\u00e4chlicher Streit zwischen dem Sohn des 40-J\u00e4hrigen und einem anderen Kita-Kind soll der Grund f\u00fcr die Drohungen gewesen sein. Sein Sohn sei dabei sogar verletzt worden, behauptete der Mann. \u201eDem war aber nicht so\u201c, hie\u00df es damals aus dem Umfeld der Kita.<\/p>\n<p class=\"richtext text-em-55 !leading-serif mx-6 desktop:mx-0\">Die Stadt hatte dem Vater nach eigenen Angaben noch am selben Tag ein Hausverbot erteilt. Seither darf er die Kita seines Sohnes nicht mehr betreten. Zudem wurden die Sicherheitsvorkehrungen versch\u00e4rft. So bleiben die T\u00fcren der Einrichtung zu den Bring- und Abholzeiten geschlossen und werden nur vom Personal ge\u00f6ffnet. Dar\u00fcber hinaus habe der Bezirkskitadienst eine Gef\u00e4hrdungsbeurteilung durch den Landschaftsverband Rheinland veranlasst. Der habe nach gr\u00fcndlicher Pr\u00fcfung alle getroffenen Schutzma\u00dfnahmen als angemessen bewertet.<\/p>\n","protected":false},"excerpt":{"rendered":"Einen Tag vor den Sommerferien 2025 soll ein Vater die Erzieherinnen einer st\u00e4dtischen Kita massiv bedroht haben, unter&hellip;\n","protected":false},"author":2,"featured_media":1162511,"comment_status":"","ping_status":"","sticky":false,"template":"","format":"standard","meta":{"footnotes":"","_share_on_mastodon":"0"},"categories":[1831],"tags":[56421,71183,243808,71454,13377,243807,3364,29,3405,5431,32282,30,3491,6400,61987,1209,243806,2127,4191,81480,39881],"class_list":["post-1162510","post","type-post","status-publish","format-standard","has-post-thumbnail","category-duesseldorf","tag-erzieherinnen","tag-auge","tag-auszustechen","tag-bedroht","tag-bewaehrung","tag-bezirkskitadienst","tag-de","tag-deutschland","tag-duesseldorf","tag-familien","tag-familienvater","tag-germany","tag-kita","tag-mitarbeiter","tag-mitarbeiterinnen","tag-nordrhein-westfalen","tag-steche","tag-streit","tag-vater","tag-verantworten","tag-worten"],"share_on_mastodon":{"url":"https:\/\/pubeurope.com\/@de\/116910155769742256","error":""},"_links":{"self":[{"href":"https:\/\/www.europesays.com\/de\/wp-json\/wp\/v2\/posts\/1162510","targetHints":{"allow":["GET"]}}],"collection":[{"href":"https:\/\/www.europesays.com\/de\/wp-json\/wp\/v2\/posts"}],"about":[{"href":"https:\/\/www.europesays.com\/de\/wp-json\/wp\/v2\/types\/post"}],"author":[{"embeddable":true,"href":"https:\/\/www.europesays.com\/de\/wp-json\/wp\/v2\/users\/2"}],"replies":[{"embeddable":true,"href":"https:\/\/www.europesays.com\/de\/wp-json\/wp\/v2\/comments?post=1162510"}],"version-history":[{"count":0,"href":"https:\/\/www.europesays.com\/de\/wp-json\/wp\/v2\/posts\/1162510\/revisions"}],"wp:featuredmedia":[{"embeddable":true,"href":"https:\/\/www.europesays.com\/de\/wp-json\/wp\/v2\/media\/1162511"}],"wp:attachment":[{"href":"https:\/\/www.europesays.com\/de\/wp-json\/wp\/v2\/media?parent=1162510"}],"wp:term":[{"taxonomy":"category","embeddable":true,"href":"https:\/\/www.europesays.com\/de\/wp-json\/wp\/v2\/categories?post=1162510"},{"taxonomy":"post_tag","embeddable":true,"href":"https:\/\/www.europesays.com\/de\/wp-json\/wp\/v2\/tags?post=1162510"}],"curies":[{"name":"wp","href":"https:\/\/api.w.org\/{rel}","templated":true}]}}