{"id":1162594,"date":"2026-07-13T02:50:19","date_gmt":"2026-07-13T02:50:19","guid":{"rendered":"https:\/\/www.europesays.com\/de\/1162594\/"},"modified":"2026-07-13T02:50:19","modified_gmt":"2026-07-13T02:50:19","slug":"neue-schaeden-beeintraechtigen-zugverkehr-rund-um-wuppertal","status":"publish","type":"post","link":"https:\/\/www.europesays.com\/de\/1162594\/","title":{"rendered":"Neue Sch\u00e4den beeintr\u00e4chtigen Zugverkehr rund um Wuppertal"},"content":{"rendered":"<p class=\"text_ohne_einzug richtext text-em-55 !leading-serif mx-6 desktop:mx-0\">Seit Freitagabend f\u00e4hrt nach offiziellem Abschluss der Korridorsanierung der Bahn wie geplant wieder der Fern-, Regional- und G\u00fcterverkehr auf der Strecke Hagen \u2013 Wuppertal \u2013 K\u00f6ln. Bis zum 7. August fallen daf\u00fcr die S-Bahnen aus, da an dieser Strecke noch gearbeitet wird, vornehmlich an den Bahnh\u00f6fen. Diese Arbeiten fallen allerdings nicht unter die Korridorsanierung.<\/p>\n","protected":false},"excerpt":{"rendered":"Seit Freitagabend f\u00e4hrt nach offiziellem Abschluss der Korridorsanierung der Bahn wie geplant wieder der Fern-, Regional- und G\u00fcterverkehr&hellip;\n","protected":false},"author":2,"featured_media":1162595,"comment_status":"","ping_status":"","sticky":false,"template":"","format":"standard","meta":{"footnotes":"","_share_on_mastodon":"0"},"categories":[1840],"tags":[83547,101949,1739,69493,2037,3271,178941,600,35920,3364,29,33499,4151,30,3601,1420,220630,1209,4936,6191,4418,2869],"class_list":["post-1162594","post","type-post","status-publish","format-standard","has-post-thumbnail","category-wuppertal","tag-ausfaellen","tag-ausgefallen","tag-bahn","tag-bahnfahrt","tag-bahnhof","tag-bahnhoefen","tag-bahnsprecherin","tag-bruecke","tag-brueckenschaden","tag-de","tag-deutschland","tag-einschraenkungen","tag-faellen","tag-germany","tag-hauptbahnhof","tag-koeln","tag-korridorsanierung","tag-nordrhein-westfalen","tag-schaden","tag-strecke","tag-wuppertal","tag-zugverkehr"],"share_on_mastodon":{"url":"https:\/\/pubeurope.com\/@de\/116910399670679139","error":""},"_links":{"self":[{"href":"https:\/\/www.europesays.com\/de\/wp-json\/wp\/v2\/posts\/1162594","targetHints":{"allow":["GET"]}}],"collection":[{"href":"https:\/\/www.europesays.com\/de\/wp-json\/wp\/v2\/posts"}],"about":[{"href":"https:\/\/www.europesays.com\/de\/wp-json\/wp\/v2\/types\/post"}],"author":[{"embeddable":true,"href":"https:\/\/www.europesays.com\/de\/wp-json\/wp\/v2\/users\/2"}],"replies":[{"embeddable":true,"href":"https:\/\/www.europesays.com\/de\/wp-json\/wp\/v2\/comments?post=1162594"}],"version-history":[{"count":0,"href":"https:\/\/www.europesays.com\/de\/wp-json\/wp\/v2\/posts\/1162594\/revisions"}],"wp:featuredmedia":[{"embeddable":true,"href":"https:\/\/www.europesays.com\/de\/wp-json\/wp\/v2\/media\/1162595"}],"wp:attachment":[{"href":"https:\/\/www.europesays.com\/de\/wp-json\/wp\/v2\/media?parent=1162594"}],"wp:term":[{"taxonomy":"category","embeddable":true,"href":"https:\/\/www.europesays.com\/de\/wp-json\/wp\/v2\/categories?post=1162594"},{"taxonomy":"post_tag","embeddable":true,"href":"https:\/\/www.europesays.com\/de\/wp-json\/wp\/v2\/tags?post=1162594"}],"curies":[{"name":"wp","href":"https:\/\/api.w.org\/{rel}","templated":true}]}}