{"id":1162626,"date":"2026-07-13T03:18:23","date_gmt":"2026-07-13T03:18:23","guid":{"rendered":"https:\/\/www.europesays.com\/de\/1162626\/"},"modified":"2026-07-13T03:18:23","modified_gmt":"2026-07-13T03:18:23","slug":"oktagon-97-hannover-oktagon","status":"publish","type":"post","link":"https:\/\/www.europesays.com\/de\/1162626\/","title":{"rendered":"OKTAGON 97: Hannover | OKTAGON"},"content":{"rendered":"<p><strong>OKTAGON kehrt nach Hannover zur\u00fcck! Am 7. November erwartet dich in der ZAG Arena die gr\u00f6\u00dfte MMA-Show Europas: ein Abend voller Weltklasse-K\u00e4mpfe, echter Emotionen und einer elektrisierenden Atmosph\u00e4re.<\/strong><\/p>\n<p>Der amtierende Champion <strong>Severino <\/strong>wird seinen Titel im Bantamgewicht gegen den gef\u00e4hrlichen Herausforderer <strong>Holzer <\/strong>verteidigen. Der Lokalmatador Holzer hat zudem die einmalige Chance, den Titel vor heimischem Publikum zu gewinnen!<\/p>\n<p>Hannover erlebt einen weiteren unvergesslichen Abend, den kein MMA-Fan verpassen sollte. Freue dich auf Adrenalin pur, auf Momente, in denen die Zeit stillzustehen scheint, und auf eine grandiose audiovisuelle Show, die jedes OKTAGON-Event zu etwas Besonderem macht.<\/p>\n<p><strong>Warte nicht zu lange und sichere dir noch heute die besten Pl\u00e4tze!<\/strong><\/p>\n<p><strong>Tickets sind ab sofort erh\u00e4ltlich.<\/strong><\/p>\n","protected":false},"excerpt":{"rendered":"OKTAGON kehrt nach Hannover zur\u00fcck! Am 7. November erwartet dich in der ZAG Arena die gr\u00f6\u00dfte MMA-Show Europas:&hellip;\n","protected":false},"author":2,"featured_media":1162627,"comment_status":"","ping_status":"","sticky":false,"template":"","format":"standard","meta":{"footnotes":"","_share_on_mastodon":"0"},"categories":[1836],"tags":[3364,29,30,46,1411,79220,118891],"class_list":["post-1162626","post","type-post","status-publish","format-standard","has-post-thumbnail","category-hannover","tag-de","tag-deutschland","tag-germany","tag-hannover","tag-niedersachsen","tag-oktagon","tag-oktagon-tv"],"share_on_mastodon":{"url":"https:\/\/pubeurope.com\/@de\/116910509627521116","error":""},"_links":{"self":[{"href":"https:\/\/www.europesays.com\/de\/wp-json\/wp\/v2\/posts\/1162626","targetHints":{"allow":["GET"]}}],"collection":[{"href":"https:\/\/www.europesays.com\/de\/wp-json\/wp\/v2\/posts"}],"about":[{"href":"https:\/\/www.europesays.com\/de\/wp-json\/wp\/v2\/types\/post"}],"author":[{"embeddable":true,"href":"https:\/\/www.europesays.com\/de\/wp-json\/wp\/v2\/users\/2"}],"replies":[{"embeddable":true,"href":"https:\/\/www.europesays.com\/de\/wp-json\/wp\/v2\/comments?post=1162626"}],"version-history":[{"count":0,"href":"https:\/\/www.europesays.com\/de\/wp-json\/wp\/v2\/posts\/1162626\/revisions"}],"wp:featuredmedia":[{"embeddable":true,"href":"https:\/\/www.europesays.com\/de\/wp-json\/wp\/v2\/media\/1162627"}],"wp:attachment":[{"href":"https:\/\/www.europesays.com\/de\/wp-json\/wp\/v2\/media?parent=1162626"}],"wp:term":[{"taxonomy":"category","embeddable":true,"href":"https:\/\/www.europesays.com\/de\/wp-json\/wp\/v2\/categories?post=1162626"},{"taxonomy":"post_tag","embeddable":true,"href":"https:\/\/www.europesays.com\/de\/wp-json\/wp\/v2\/tags?post=1162626"}],"curies":[{"name":"wp","href":"https:\/\/api.w.org\/{rel}","templated":true}]}}