{"id":1162654,"date":"2026-07-13T03:38:15","date_gmt":"2026-07-13T03:38:15","guid":{"rendered":"https:\/\/www.europesays.com\/de\/1162654\/"},"modified":"2026-07-13T03:38:15","modified_gmt":"2026-07-13T03:38:15","slug":"flughafen-frankfurt-neue-abflugroute-veraergerte-anwohner-betreiber-legen-fluglaerm-messwerte-vor-3","status":"publish","type":"post","link":"https:\/\/www.europesays.com\/de\/1162654\/","title":{"rendered":"Flughafen Frankfurt: Neue Abflugroute ver\u00e4rgerte Anwohner \u2013 Betreiber legen Flugl\u00e4rm-Messwerte vor"},"content":{"rendered":"<p class=\"mb-6 text-xs-varying md:text-m lg:text-l font-serif group-[.font-sans]:font-sans \">\n    Weniger Flugl\u00e4rm f\u00fcr die einen, mehr L\u00e4rm f\u00fcr andere Kommunen: Anfang Juli 2025 startete die Umsetzung der neuen Abflugroute Cindy S am <a href=\"https:\/\/www.mainpost.de\/panorama\/flughafen-frankfurt-hier-werden-anschlussfluege-oft-verpasst-warum-das-risiko-besonders-gross-ist-5-114362156\" target=\"_self\" class=\"underline \" rel=\"nofollow noopener\">Frankfurter Flughafen<\/a>. Die ge\u00e4nderte Route geht \u00fcber Gebiete, die weniger besiedelt sind. Insbesondere um den Darmst\u00e4dter Norden mit Darmstadt-Arheilgen und -Kranichstein machen die Flugzeuge einen Bogen. Die neue Route geh\u00f6rt zum \u201eMa\u00dfnahmenprogramm Aktiver Schallschutz\u201c des Forums Flughafen und Region (FFR) aus dem Jahr 2018 und soll dazu beitragen, die Flugl\u00e4rmbelastung im Rhein-Main-Gebiet zu verringern, informiert das <a href=\"https:\/\/www.umwelthaus.org\/presse\/neue-abflugroute-cindy-sulus-ehemals-amtix-kurz-am-frankfurter-flughafen-startet\/\" rel=\"nofollow noopener\" target=\"_blank\" class=\"underline \">Umwelt- und Nachbarschaftshaus<\/a> (UNH) des Landes Hessen.\n  <\/p>\n<p class=\"mb-6 text-xs-varying md:text-m lg:text-l font-serif group-[.font-sans]:font-sans \">\n    Ein Blick zur\u00fcck: Warum war eine \u00c4nderung der Route \u00fcberhaupt n\u00f6tig? Die Flugroute Cindy S\/Cindy F ist laut UNH eine der meistgenutzten Strecken am <a href=\"https:\/\/www.mainpost.de\/panorama\/flughafen-frankfurt-probleme-bei-neuer-skyline-bahn-diese-aenderungen-sollten-passagiere-kennen-5-114482952\" target=\"_self\" class=\"underline \" rel=\"nofollow noopener\">Flughafen in Frankfurt am Main<\/a>. Von der Startbahn West verl\u00e4uft sie in s\u00fcd\u00f6stliche Richtung und \u00fcberflog den dicht besiedelten Raum Darmstadt-Arheilgen und Kranichstein. Wohingegen die Abflugstrecke Sulus S\/Sulus F vom Parallelbahnsystem aus geht und erst sp\u00e4ter denselben Verlauf wie Cindy S\/Cindy F nimmt. Um in diesen Gebieten die L\u00e4rmbelastung durch Flugzeuge zu verringern, hat das FFR drei verschiedene Routen analysiert, die s\u00fcd\u00f6stlich \u00fcber Gebiete zwischen Darmstadt-Wixhausen und Erzhausen gehen, die weniger stark besiedelt sind, aber n\u00e4her am Flughafen liegen. Auch an Messel r\u00fcckt Cindy S n\u00e4her heran.\n  <\/p>\n<p class=\"mb-6 text-xs-varying md:text-m lg:text-l font-serif group-[.font-sans]:font-sans \">\n    Wie lautet die Kritik \u00fcber die neue Flugroute? Und welche Orte sehen sich einer st\u00e4rkeren L\u00e4rmbelastung ausgesetzt? Was die Messwerte nun zeigen und wie es mit der neuen Flugroute weitergeht, erfahren Sie in diesem Artikel.\n  <\/p>\n<p>            Warum sorgt die neue Flugroute f\u00fcr \u00c4rger bei Anwohnern?<\/p>\n<p class=\"mb-6 text-xs-varying md:text-m lg:text-l font-serif group-[.font-sans]:font-sans \">\n    Zu den Menschen, die inzwischen mehr Flugl\u00e4rm abbekommen, geh\u00f6ren auch Anwohnerinnen und Anwohner in Egelsbach, das s\u00fcd\u00f6stlich des Flughafens liegt. So berichtet ein Einwohner gegen\u00fcber der <a href=\"https:\/\/www.hessenschau.de\/tv-sendung\/neue-flugroute-cindy-s-sorgt-fuer-aerger--hessenschau-vom-06092025,video-214978.html\" rel=\"nofollow noopener\" target=\"_blank\" class=\"underline \">Hessenschau<\/a>, er k\u00f6nne zwar <a href=\"https:\/\/www.intersana.de\/schlagworte\/schlaf\" target=\"_self\" class=\"underline \" rel=\"nofollow noopener\">schlafen<\/a>, aber erst nach 11 Uhr abends. Zudem herrscht \u00c4rger \u00fcber die Planung: Eine Flugl\u00e4rmkommission habe sich f\u00fcr Beratungen unter anderem mit Darmstadt an einen Tisch gesetzt. Messel und Egelsbach seien jedoch bei der Neuplanung der Route durch die Flugl\u00e4rmkommission (FLK) nicht beteiligt gewesen, lautet ein Vorwurf von Tobias Wilbrand, B\u00fcrgermeister von Egelsbach, gegen\u00fcber der Hessenschau.\n  <\/p>\n<p class=\"mb-6 text-xs-varying md:text-m lg:text-l font-serif group-[.font-sans]:font-sans \">\n    Daher ist der Frust \u00fcber die Flugroute bei vielen Anwohnerinnen und Anwohnern, die s\u00fcd\u00f6stlich vom Flughafen leben, gro\u00df. So gro\u00df, dass die Ortsgruppen f\u00fcr Erzhausen, Messel, Wixhausen, Egelbach, Langen und Gro\u00df-Zimmern sogar einen Verein mit dem Namen <a href=\"https:\/\/stopp-cindy-s.de\/\" rel=\"nofollow noopener\" target=\"_blank\" class=\"underline \">\u201eStopp Cindy S\u201c<\/a> gegr\u00fcndet haben.\n  <\/p>\n<p class=\"mb-6 text-xs-varying md:text-m lg:text-l font-serif group-[.font-sans]:font-sans \">\n    Rein rechnerisch sei Cindy S laut <a href=\"https:\/\/www.fr.de\/rhein-main\/darmstadt\/fluglaerm-neue-abflugroute-cindy-sorgt-fuer-proteste-93998512.html\" rel=\"nofollow noopener\" target=\"_blank\" class=\"underline \">Frankfurter Rundschau<\/a> (FR) aber eindeutig: Nimmt man die Verkehrswerte und Flugzeugtypen des Jahres 2023, entlaste die neue Route summiert etwa 20.000 Menschen am Tag um mindestens zwei Dezibel (dB) vom Flugzeugl\u00e4rm, davon allein rund 17.000 Personen um mindestens f\u00fcnf dB. Rund 9000 B\u00fcrgerinnen und B\u00fcrger w\u00fcrden dagegen mit mindestens zwei dB mehr belastet, berichtet die FR. Schaue man auf das Gesamtbild, \u00fcberwiege die Zahl der entlasteten B\u00fcrgerinnen und B\u00fcrger durch die Route, sagt Regine Barth, Leiterin Stabsstelle Flugl\u00e4rmschutz, der Hessenschau.\n  <\/p>\n<p class=\"mb-6 text-xs-varying md:text-m lg:text-l font-serif group-[.font-sans]:font-sans \">\n    \u00dcbrigens: Wer mit dem Auto am <a href=\"https:\/\/www.mainpost.de\/orte\/flughafen-frankfurt\" target=\"_self\" class=\"underline \" rel=\"nofollow noopener\">Flughafen Frankfurt<\/a> parken will, kann mit <a href=\"https:\/\/www.mainpost.de\/panorama\/mit-dem-auto-zum-flughafen-frankfurt-wie-kann-man-beim-parken-sparen-10-114265699\" target=\"_self\" class=\"underline \" rel=\"nofollow noopener\">bestimmten Tipps Geld sparen<\/a>.\n  <\/p>\n<p>            Was zeigen die Messungen des Flugl\u00e4rms rund um Frankfurt?<\/p>\n<p class=\"mb-6 text-xs-varying md:text-m lg:text-l font-serif group-[.font-sans]:font-sans \">\n    F\u00fcr ein Jahr wird die Umsetzung der neuen Flugroute analysierend begleitet, um zu \u00fcberpr\u00fcfen, ob die Ma\u00dfnahme zur Flugl\u00e4rmreduzierung greift, informiert das UNH. Nun gibt es erste Daten zur neuen Abflugroute, die das <a href=\"https:\/\/www.forum-flughafen-region.de\/presse\/ergebnisse-der-laermmessungen-zur-neuen-abflugroute-cindy-s-veroeffentlicht\/\" rel=\"nofollow noopener\" target=\"_blank\" class=\"underline \">Forum Flughafen und Region<\/a> (FFR) am 18. Juni im Rahmen einer Konvent-Sitzung ver\u00f6ffentlichte. Sie best\u00e4tigen die Erwartungen, die letztlich auch zur Routen\u00e4nderung f\u00fchrten. F\u00fcr die bisherige Datenauswertung nutzten die Experten f\u00fcnf Messpunkte.\n  <\/p>\n<p>    Was ist das Forum Flughafen und Region?<\/p>\n<p class=\"mb-6 text-xs-varying md:text-m lg:text-l font-serif group-[.font-sans]:font-sans \">\n    Das Forum Flughafen und Region (FFR) versteht sich als ein Ort f\u00fcr den Dialog zwischen der Region Rhein-Main und der Luftverkehrswirtschaft. Es gliedert sich in mehrere Gremien: Koordinierungsrat, Konvent Flughafen und Region, Expertengremium Aktiver Schallschutz, Umwelthaus\/Nachbarschaftshaus und B\u00fcrgerb\u00fcro. Dem dreik\u00f6pfigen Vorstand des FFR unterliegt die Leitung des Forums und seiner Gremien. Ebenso haben die drei Vorst\u00e4nde den Vorsitz im Koordinierungsrat und im Konvent. Der Vorstand wird gebildet aus einem neutralen Mitglied, einem Repr\u00e4sentanten der Luftverkehrswirtschaft und einem Repr\u00e4sentanten der Kommunen in der Region, informiert die <a href=\"https:\/\/www.forum-flughafen-region.de\/gremien\/vorstand-und-struktur-des-ffr\/\" rel=\"nofollow noopener\" target=\"_blank\" class=\"underline \">Gesch\u00e4ftsordnung<\/a>.\n  <\/p>\n<p class=\"mb-6 text-xs-varying md:text-m lg:text-l font-serif group-[.font-sans]:font-sans \">\n    In Weiterstadt-Gr\u00e4fenhausen, das s\u00fcdlich liegt, ist der Flugl\u00e4rm im mittleren Maximalpegel um mehr als zwei dB gesunken. Auch in Darmstadt-Arheilgen sorgt die neue Flugroute f\u00fcr Entlastungen. Je nach Flugzeugtyp sank dort der mittlere Maximalpegels um bis zu sechs dB. Zudem ging der L\u00e4rmpegel tags\u00fcber um mehr als neun dB und in der Nacht um mehr als sieben dB zur\u00fcck, erkl\u00e4rte das FFR.\n  <\/p>\n<p class=\"mb-6 text-xs-varying md:text-m lg:text-l font-serif group-[.font-sans]:font-sans \">\n    Wie erwartet, ist es daf\u00fcr in anderen Orten, prim\u00e4r im S\u00fcdosten, lauter geworden:\n  <\/p>\n<ul rel=\"\" class=\"[&amp;&gt;li]:relative list-none  [&amp;&gt;li]:pl-[1.2em] [&amp;&gt;li]:marker:text-[0] [&amp;&gt;li]:relative [&amp;&gt;li]:before:absolute [&amp;&gt;li]:before:w-3 [&amp;&gt;li]:before:h-3 [&amp;&gt;li]:before:bg-brand [&amp;&gt;li]:before:left-0 [&amp;&gt;li]:before:rounded-full [&amp;&gt;li]:before:top-[8px] md:[&amp;&gt;li]:before:top-[9px] lg:[&amp;&gt;li]:before:top-[11px]  my-5\">\n<li class=\" mb-3 text-xs-varying md:text-m lg:text-l\">In Erzhausen stieg der durchschnittliche Pegel \u2013 je nach Flugzeugtyp \u2013 um bis zu sechs dB. Gleichzeitig nahm der L\u00e4rmpegel am Tag und in der Nacht jeweils um mehr als f\u00fcnf dB zu.<\/li>\n<li class=\" mb-3 text-xs-varying md:text-m lg:text-l\">In Egelsbach trifft der Flugl\u00e4rm prim\u00e4r den Stadtteil Bayerseich. Auch dort liegen die Nachher-Pegel im erwarteten Bereich.<\/li>\n<li class=\" mb-3 text-xs-varying md:text-m lg:text-l\">Im Norden von Darmstadt-Wixhausen nahmen die mittleren Pegel durch die N\u00e4he der Flugroute meist im Bereich um zwei dB zu.<\/li>\n<\/ul>\n<p class=\"mb-6 text-xs-varying md:text-m lg:text-l font-serif group-[.font-sans]:font-sans \">\n    Zudem \u00e4u\u00dferten Kommunen den Wunsch, Messungen an Orten vorzunehmen, an denen vor der Routen\u00e4nderung nicht gemessen wurde. F\u00fcr Messel gibt es nun eine erste Vorab-Auswertung. Seit der neuen Flugroute hat dort der L\u00e4rm zugenommen. Doch die gemessenen Pegel von 44,7 dB am Tag und 35,8 dB in der Nacht seien laut FFR in der erwarteten Gr\u00f6\u00dfenordnung.\n  <\/p>\n<p>            L\u00e4rmbelastung am Flughafen Frankfurt: Wie geht es jetzt weiter?<\/p>\n<p class=\"mb-6 text-xs-varying md:text-m lg:text-l font-serif group-[.font-sans]:font-sans \">\n    \u201eDie uns aktuell vorliegende umfassende Datenbasis mit mehr als 20.000 Flugspuren sowie vorl\u00e4ufigen und endg\u00fcltigen Messergebnissen von sechs Messstationen deutet darauf hin, dass die durch die Routenverlegung erwarteten L\u00e4rmeffekte eingetreten sind und alle relevanten Aspekte ber\u00fccksichtigt wurden\u201c, sagt Johann-Dietrich W\u00f6rner, FFR-Vorstand in den Ergebnissen der L\u00e4rmmessungen. Und weiter: \u201eSelbstverst\u00e4ndlich werden wir auch in den kommenden Monaten die Nutzung der neuen Route genau beobachten, um potenzielle Auff\u00e4lligkeiten und Abweichungen von unseren Prognosen fr\u00fchzeitig zu erkennen und zu analysieren.\u201c\n  <\/p>\n<p class=\"mb-6 text-xs-varying md:text-m lg:text-l font-serif group-[.font-sans]:font-sans \">\n    In den kommenden Monaten werden die Messungen daher weiter ausgewertet. Auch eine Analyse \u00fcber Auff\u00e4lligkeiten der Flugspuren der ersten zw\u00f6lf Monate soll erfolgen. Die n\u00e4chsten Auswertungen stellen die Experten vermutlich im September 2026 vor, informiert das FFR. F\u00fcr den 2. Dezember 2026 ist auch eine Sitzung der FLK geplant, in der es auch um die Zukunft der Flugroute gehen soll, informiert die Stadt Darmstadt in einer <a href=\"https:\/\/www.darmstadt.de\/presseportal\/pressemitteilungen\/einzelansicht\/neue-ergebnisse-zum-monitoringverfahren-cindy-s-veroeffentlicht\" rel=\"nofollow noopener\" target=\"_blank\" class=\"underline \">Pressemitteilung<\/a>.\n  <\/p>\n<p class=\"mb-6 text-xs-varying md:text-m lg:text-l font-serif group-[.font-sans]:font-sans \">\n    \u00dcbrigens: Wer am Frankfurter Flughafen unterwegs ist, sollte die <a href=\"https:\/\/www.mainpost.de\/panorama\/flughafen-frankfurt-probleme-bei-neuer-skyline-bahn-diese-aenderungen-sollten-passagiere-kennen-5-114482952\" target=\"_self\" class=\"underline \" rel=\"nofollow noopener\">Probleme bei der neuen Skyline-Bahn<\/a> ber\u00fccksichtigen.\n  <\/p>\n","protected":false},"excerpt":{"rendered":"Weniger Flugl\u00e4rm f\u00fcr die einen, mehr L\u00e4rm f\u00fcr andere Kommunen: Anfang Juli 2025 startete die Umsetzung der neuen&hellip;\n","protected":false},"author":2,"featured_media":1141464,"comment_status":"","ping_status":"","sticky":false,"template":"","format":"standard","meta":{"footnotes":"","_share_on_mastodon":"0"},"categories":[1829],"tags":[148181,16785,240109,29,132811,148182,3089,7561,54570,2050,2051,30,2052,75251,240108],"class_list":["post-1162654","post","type-post","status-publish","format-standard","has-post-thumbnail","category-frankfurt-am-main","tag-abflugroute","tag-darmstadt","tag-darmstadt-arheilgen","tag-deutschland","tag-egelsbach","tag-erzhausen","tag-flughafen-frankfurt","tag-fluglaerm","tag-flugroute","tag-frankfurt","tag-frankfurt-am-main","tag-germany","tag-hessen","tag-laermbelastung","tag-messel"],"share_on_mastodon":{"url":"","error":""},"_links":{"self":[{"href":"https:\/\/www.europesays.com\/de\/wp-json\/wp\/v2\/posts\/1162654","targetHints":{"allow":["GET"]}}],"collection":[{"href":"https:\/\/www.europesays.com\/de\/wp-json\/wp\/v2\/posts"}],"about":[{"href":"https:\/\/www.europesays.com\/de\/wp-json\/wp\/v2\/types\/post"}],"author":[{"embeddable":true,"href":"https:\/\/www.europesays.com\/de\/wp-json\/wp\/v2\/users\/2"}],"replies":[{"embeddable":true,"href":"https:\/\/www.europesays.com\/de\/wp-json\/wp\/v2\/comments?post=1162654"}],"version-history":[{"count":0,"href":"https:\/\/www.europesays.com\/de\/wp-json\/wp\/v2\/posts\/1162654\/revisions"}],"wp:featuredmedia":[{"embeddable":true,"href":"https:\/\/www.europesays.com\/de\/wp-json\/wp\/v2\/media\/1141464"}],"wp:attachment":[{"href":"https:\/\/www.europesays.com\/de\/wp-json\/wp\/v2\/media?parent=1162654"}],"wp:term":[{"taxonomy":"category","embeddable":true,"href":"https:\/\/www.europesays.com\/de\/wp-json\/wp\/v2\/categories?post=1162654"},{"taxonomy":"post_tag","embeddable":true,"href":"https:\/\/www.europesays.com\/de\/wp-json\/wp\/v2\/tags?post=1162654"}],"curies":[{"name":"wp","href":"https:\/\/api.w.org\/{rel}","templated":true}]}}