{"id":1162690,"date":"2026-07-13T03:59:18","date_gmt":"2026-07-13T03:59:18","guid":{"rendered":"https:\/\/www.europesays.com\/de\/1162690\/"},"modified":"2026-07-13T03:59:18","modified_gmt":"2026-07-13T03:59:18","slug":"thomas-gottschalk-gratuliert-guenther-jauch-zu-deinem-70-breche-ich-unseren-schwur-unterhaltung","status":"publish","type":"post","link":"https:\/\/www.europesays.com\/de\/1162690\/","title":{"rendered":"Thomas Gottschalk gratuliert G\u00fcnther Jauch: \u201eZu Deinem 70. breche ich unseren Schwur\u201c | Unterhaltung"},"content":{"rendered":"<p><a class=\"skip-content skip-content--link\" href=\"#in-content-skip-link-target-v-0-0\">TTS-Player \u00fcberspringen\u21b5<\/a><a id=\"in-content-skip-link-target-v-0-0\" class=\"skip-content--target-link-hidden skip-content skip-content--target-link\" href=\"#in-content-skip-link-target-v-0-0\">Artikel weiterlesen<\/a><\/p>\n<p data-32581ace=\"0-2028\">Gr\u00e4felfing (Bayern) \u2013 <b>Sie geh\u00f6ren zu den gr\u00f6\u00dften TV-Legenden Deutschlands \u2013 und sind seit Jahrzehnten eng befreundet. Am 13. Juli feiert G\u00fcnther Jauch seinen 70. Geburtstag. F\u00fcr Thomas Gottschalk (75) Anlass, seinem langj\u00e4hrigen Freund exklusiv bei BILD mit einer ganz pers\u00f6nlichen Botschaft zu gratulieren.<\/b><\/p>\n<p data-32581ace=\"0-2028\">Schon in den 1980er-Jahren lernten Jauch und Gottschalk sich beim Bayerischen Rundfunk kennen. Sp\u00e4ter wurden sie zu den Gesichtern des deutschen Fernsehens, moderierten zahlreiche gro\u00dfe Shows und standen immer wieder gemeinsam vor der Kamera. Von den legend\u00e4ren RTL-Jahresr\u00fcckblicken, diversen gemeinsamen Samstagabendshows bis zu ihrer Hommage-Show \u201eDenn sie wissen nicht, was passiert\u201c im Trio mit Barbara Sch\u00f6neberger (52) \u2013 Gottschalk und Jauch waren \u00fcber Jahrzehnte eines der beliebtesten TV-Duos <a href=\"https:\/\/www.bild.de\/themen\/orte\/deutschland\/nachrichten-news-fotos-videos-17266634.bild.html\" class=\"text-link\" rel=\"nofollow noopener\" target=\"_blank\">Deutschlands<\/a>.<\/p>\n<p><img decoding=\"async\" width=\"992\" height=\"558\" alt=\"Legend\u00e4re Szene aus ihrer RTL-Show \u201eDenn sie wissen nicht, was passiert\u201c: Jauch (l.) und Gottschalk testen \u201eDie perfekte Kuss-Dauer\u201c\" loading=\"lazy\" src=\"https:\/\/www.europesays.com\/de\/wp-content\/uploads\/2026\/07\/7a00ac85e85e9b7d87a6ac5567a334d8,b84cbb77.jpeg\"   class=\"landscape\"\/><\/p>\n<p class=\"fig__caption__text\">Legend\u00e4re Szene aus ihrer RTL-Show \u201eDenn sie wissen nicht, was passiert\u201c: Jauch (l.) und Gottschalk testen \u201eDie perfekte Kuss-Dauer\u201c<\/p>\n<p>Foto: picture alliance\/Stefan Gregorowius<\/p>\n<p>Zwei TV-Legenden, eine Freundschaft<\/p>\n<p data-32581ace=\"0-2028\">W\u00e4hrend Gottschalk \u00fcber Jahrzehnte mit \u201eWetten, dass\u00a0..?\u201c Fernsehgeschichte schrieb, wurde Jauch mit \u201eWer wird Million\u00e4r?\u201c zum Publikumsliebling. Trotz ihrer unterschiedlichen Karrieren kreuzten sich ihre Wege immer wieder \u2013 und aus Kollegen wurden Freunde f\u00fcrs Leben. Die beiden verbindet weit mehr als ihre Fernseh-Erfolge: Bis heute verbringen Thomas Gottschalk und <a href=\"https:\/\/www.bild.de\/themen\/personen\/guenther-jauch\/tv-nachrichten-news-fotos-videos-15805060.bild.html\" class=\"text-link\" rel=\"nofollow noopener\" target=\"_blank\">G\u00fcnther Jauch<\/a> regelm\u00e4\u00dfig Zeit miteinander. Auch ihre Ehefrauen Karina Gottschalk (64) und Thea Sihler (64) verstehen sich bestens. Die vier treffen sich immer wieder privat \u2013 fernab von Kameras und Fernsehstudios.<\/p>\n<p><img decoding=\"async\" width=\"992\" height=\"558\" alt=\"Die befreundeten TV-Legenden 1988 bei einem ZDF-Dreh\" loading=\"lazy\" src=\"https:\/\/www.europesays.com\/de\/wp-content\/uploads\/2026\/07\/d3857a87695b766675834a99f0ea9c21,d57e5d0.jpeg\"   class=\"landscape\"\/><\/p>\n<p class=\"fig__caption__text\">Auf dem Weg zu TV-Legenden: Die Freunde 1988 bei einem ZDF-Dreh<\/p>\n<p>Foto: Frank Hempel\/United Archives via Getty Images<\/p>\n<p>Mehr zum Thema<\/p>\n<p data-32581ace=\"0-2028\">Zum runden Geburtstag schickt Thomas seinem Freund nun via BILD augenzwinkernde Worte im typisch launigen <a href=\"https:\/\/www.bild.de\/unterhaltung\/leute\/thomas-gottschalk\/thema-thomas-gottschalk-alle-infos-82022690.bild.html\" class=\"text-link\" rel=\"nofollow noopener\" target=\"_blank\">Gottschalk<\/a>-Stil:<\/p>\n<p data-32581ace=\"0-2028\">\u201eG\u00fcnther! Wir hatten uns zwar geschworen, uns erst am offenen Grab des anderen wieder \u00fcbereinander zu \u00e4u\u00dfern. Aber zu Deinem 70. nichts zu sagen, f\u00e4llt mir schwerer, als diesen Schwur zu brechen. So sei es denn: Einholen wirst Du mich altersm\u00e4\u00dfig eh nie. Genauso wei\u00df ich, dass Mick Jagger immer ein paar Jahre \u00e4lter sein wird als ich. Und er hat mehr Falten als wir beide zusammen. So soll es bleiben! Happy 70, lieber G\u00fcnther! Dein Freund Thomas.\u201c<\/p>\n","protected":false},"excerpt":{"rendered":"TTS-Player \u00fcberspringen\u21b5Artikel weiterlesen Gr\u00e4felfing (Bayern) \u2013 Sie geh\u00f6ren zu den gr\u00f6\u00dften TV-Legenden Deutschlands \u2013 und sind seit Jahrzehnten&hellip;\n","protected":false},"author":2,"featured_media":1162691,"comment_status":"","ping_status":"","sticky":false,"template":"","format":"standard","meta":{"footnotes":"","_share_on_mastodon":"0"},"categories":[155],"tags":[29,214,30,16687,24464,1268,640,40130,138370,215,16686],"class_list":["post-1162690","post","type-post","status-publish","format-standard","has-post-thumbnail","category-unterhaltung","tag-deutschland","tag-entertainment","tag-germany","tag-gottschalk-thomas","tag-jauch-guenther","tag-muenchen","tag-rtl","tag-schoeneberger-barbara","tag-team-first","tag-unterhaltung","tag-wetten-dass"],"share_on_mastodon":{"url":"https:\/\/pubeurope.com\/@de\/116910671027399575","error":""},"_links":{"self":[{"href":"https:\/\/www.europesays.com\/de\/wp-json\/wp\/v2\/posts\/1162690","targetHints":{"allow":["GET"]}}],"collection":[{"href":"https:\/\/www.europesays.com\/de\/wp-json\/wp\/v2\/posts"}],"about":[{"href":"https:\/\/www.europesays.com\/de\/wp-json\/wp\/v2\/types\/post"}],"author":[{"embeddable":true,"href":"https:\/\/www.europesays.com\/de\/wp-json\/wp\/v2\/users\/2"}],"replies":[{"embeddable":true,"href":"https:\/\/www.europesays.com\/de\/wp-json\/wp\/v2\/comments?post=1162690"}],"version-history":[{"count":0,"href":"https:\/\/www.europesays.com\/de\/wp-json\/wp\/v2\/posts\/1162690\/revisions"}],"wp:featuredmedia":[{"embeddable":true,"href":"https:\/\/www.europesays.com\/de\/wp-json\/wp\/v2\/media\/1162691"}],"wp:attachment":[{"href":"https:\/\/www.europesays.com\/de\/wp-json\/wp\/v2\/media?parent=1162690"}],"wp:term":[{"taxonomy":"category","embeddable":true,"href":"https:\/\/www.europesays.com\/de\/wp-json\/wp\/v2\/categories?post=1162690"},{"taxonomy":"post_tag","embeddable":true,"href":"https:\/\/www.europesays.com\/de\/wp-json\/wp\/v2\/tags?post=1162690"}],"curies":[{"name":"wp","href":"https:\/\/api.w.org\/{rel}","templated":true}]}}