{"id":1163026,"date":"2026-07-13T07:43:27","date_gmt":"2026-07-13T07:43:27","guid":{"rendered":"https:\/\/www.europesays.com\/de\/1163026\/"},"modified":"2026-07-13T07:43:27","modified_gmt":"2026-07-13T07:43:27","slug":"die-eu-verhandelt-mit-israelischen-siedlungen-im-westjordanland-ueber-handelsmassnahmen","status":"publish","type":"post","link":"https:\/\/www.europesays.com\/de\/1163026\/","title":{"rendered":"Die EU verhandelt mit israelischen Siedlungen im Westjordanland \u00fcber Handelsma\u00dfnahmen."},"content":{"rendered":"<p><img decoding=\"async\" style=\"cursor:pointer\" src=\"https:\/\/www.europesays.com\/de\/wp-content\/uploads\/2026\/07\/1783920871994_2070552531213930171_1415142637555211940_5dbfe55aa383f69a943fc0e21e0ac4e8.jpg\" data-original=\"https:\/\/www.europesays.com\/de\/wp-content\/uploads\/2026\/07\/1783920871994_2070552531213930171_1415142637555211940_5dbfe55aa383f69a943fc0e21e0ac4e8.jpg\" alt=\"1783920871994_2070552531213930171_1415142637555211940_5dbfe55aa383f69a943fc0e21e0ac4e8.jpg\" src-mobile=\"\" data-file-id=\"229210\"\/> Eine israelische Siedlung in der Altstadt von Hebron im israelisch besetzten Westjordanland, fotografiert am 9. Februar 2026. Foto: Mussa Qawasma\/Al Monitor<\/p>\n<p> Nach Angaben von EU- <a class=\"data-link\" data-org-href=\"https:\/\/www.vietnam.vn\/category\/ngoai-giao\" href=\"https:\/\/www.vietnam.vn\/category\/ngoai-giao\" title=\"diplomatisch\" target=\"_blank\" rel=\"nofollow noopener\">Diplomaten<\/a> und -Beamten werden die Gespr\u00e4che auf der Grundlage eines vertraulichen Dokuments der Europ\u00e4ischen Kommission (EK) gef\u00fchrt, in dem drei Optionen skizziert werden: die Einrichtung eines Einfuhrlizenzsystems, die Erhebung von Z\u00f6llen, die ausreichen, um den Handel zu behindern, oder ein vollst\u00e4ndiges Verbot von Einfuhren aus Siedlungen.<\/p>\n<p> Diplomatenkreise weisen jedoch darauf hin, dass es bei diesem Treffen in erster Linie darum ging, die Unterst\u00fctzung der Mitgliedstaaten f\u00fcr die einzelnen Optionen zu ermitteln, anstatt eine formelle Entscheidung zu treffen.<\/p>\n<p> Die EU hat seit vielen Jahren Schwierigkeiten, ihre Haltung zur Nahostpolitik zu vereinheitlichen, da zwischen ihren 27 Mitgliedstaaten tiefgreifende Differenzen bestehen, insbesondere in Bezug auf den israelisch-pal\u00e4stinensischen Konflikt.<\/p>\n<p> Allerdings haben in den letzten Monaten viele europ\u00e4ische Regierungen den Druck auf die EU erh\u00f6ht, h\u00e4rter gegen israelische Siedlungen vorzugehen. Hintergrund sind die zunehmende Gewalt israelischer Siedler und der Unmut \u00fcber den fortgesetzten Siedlungsbau im Westjordanland durch die Regierung von <a class=\"data-link\" data-org-href=\"https:\/\/www.vietnam.vn\/tag\/thu-tuong\" href=\"https:\/\/www.vietnam.vn\/tag\/thu-tuong\" title=\"Premierminister\" target=\"_blank\" rel=\"nofollow noopener\">Premierminister<\/a> Benjamin Netanjahu.<\/p>\n<p> Im vergangenen Mai verh\u00e4ngte die EU Sanktionen gegen vier Organisationen und drei Einzelpersonen wegen ihrer angeblichen Beteiligung an \u201eschweren und systematischen <a class=\"data-link\" data-org-href=\"https:\/\/www.vietnam.vn\/category\/nhan-quyen\" href=\"https:\/\/www.vietnam.vn\/category\/nhan-quyen\" title=\"Menschenrechte\" target=\"_blank\" rel=\"nofollow noopener\">Menschenrechtsverletzungen<\/a> \u201c gegen Pal\u00e4stinenser im Westjordanland.<\/p>\n<p> In einem bereits im Juli 2024 ver\u00f6ffentlichten Gutachten stellte der Internationale Gerichtshof (IGH) fest, dass Israels Besetzung pal\u00e4stinensischer Gebiete und der Bau von Siedlungen im Westjordanland gegen das V\u00f6lkerrecht versto\u00dfen. Der IGH merkte zudem an, dass Staaten Ma\u00dfnahmen ergreifen m\u00fcssen, um Handels- und Investitionst\u00e4tigkeiten zu unterbinden, die zur Aufrechterhaltung dieses Status quo beitragen.<\/p>\n<p> Israel weist diese Ansicht zur\u00fcck. Der israelische Au\u00dfenminister Gideon Saar bezeichnete die Versuche einiger europ\u00e4ischer Regierungen, das Gutachten des IGH umzusetzen, als \u201ebesch\u00e4mend\u201c.<\/p>\n<p> Die Vereinten Nationen und die meisten L\u00e4nder der Welt betrachten die israelischen Siedlungen im Westjordanland als v\u00f6lkerrechtswidrig. Israel widerspricht dieser Position und argumentiert, das Westjordanland sei umstrittenes Gebiet und j\u00fcdische Menschen lebten dort seit Jahrtausenden.<\/p>\n<p> Ein namentlich nicht genannter EU-Diplomat sagte, das Treffen am 13. Juli werde den Mitgliedstaaten ein klareres Bild vom Grad des Konsenses zu jeder vorgeschlagenen Option vermitteln.<\/p>\n<p> Diplomaten halten es jedoch f\u00fcr sehr unwahrscheinlich, dass die EU auf dem Treffen sofort eine konkrete Ma\u00dfnahme beschlie\u00dfen wird, da weiterhin Meinungsverschiedenheiten nicht nur \u00fcber den Inhalt, sondern auch \u00fcber den Abstimmungsmechanismus bestehen.<\/p>\n<p> Laut einigen diplomatischen Quellen k\u00f6nnte ein Handelsverbot f\u00fcr Siedlungen mit einer qualifizierten Mehrheit beschlossen werden, d. h. mit der Zustimmung von mindestens 15 Mitgliedstaaten, die mindestens 65 % der EU-Bev\u00f6lkerung repr\u00e4sentieren. Dokumente der Europ\u00e4ischen Kommission deuten jedoch darauf hin, dass ein vollst\u00e4ndiges Verbot die einstimmige Zustimmung aller 27 Mitgliedstaaten erfordern k\u00f6nnte \u2013 was im aktuellen Kontext als \u00e4u\u00dferst schwierig zu erreichen gilt.<\/p>\n<p> Die Sprecherin der Europ\u00e4ischen Kommission, Paula Pinho, best\u00e4tigte, dass die EU-Kommission das Dokument an die Mitgliedstaaten geschickt habe, lehnte es jedoch ab, sich zu dessen konkretem Inhalt zu \u00e4u\u00dfern.<\/p>\n<p class=\"mb-0\"> Quelle: https:\/\/daibieunhandan.vn\/eu-thao-luan-bien-phap-thuong-mai-voi-cac-khu-dinh-cu-cua-israel-o-bo-tay-10423454.html<\/p>\n","protected":false},"excerpt":{"rendered":"Eine israelische Siedlung in der Altstadt von Hebron im israelisch besetzten Westjordanland, fotografiert am 9. Februar 2026. Foto:&hellip;\n","protected":false},"author":2,"featured_media":1163027,"comment_status":"","ping_status":"","sticky":false,"template":"","format":"standard","meta":{"footnotes":"","_share_on_mastodon":"0"},"categories":[3933],"tags":[331,332,548,663,158,3934,3935,13,411,14,15,12,24010],"class_list":["post-1163026","post","type-post","status-publish","format-standard","has-post-thumbnail","category-eu","tag-aktuelle-nachrichten","tag-aktuelle-news","tag-eu","tag-europa","tag-europaeische-union","tag-europe","tag-european-union","tag-headlines","tag-israel","tag-nachrichten","tag-news","tag-schlagzeilen","tag-siedlung"],"share_on_mastodon":{"url":"https:\/\/pubeurope.com\/@de\/116911553421416134","error":""},"_links":{"self":[{"href":"https:\/\/www.europesays.com\/de\/wp-json\/wp\/v2\/posts\/1163026","targetHints":{"allow":["GET"]}}],"collection":[{"href":"https:\/\/www.europesays.com\/de\/wp-json\/wp\/v2\/posts"}],"about":[{"href":"https:\/\/www.europesays.com\/de\/wp-json\/wp\/v2\/types\/post"}],"author":[{"embeddable":true,"href":"https:\/\/www.europesays.com\/de\/wp-json\/wp\/v2\/users\/2"}],"replies":[{"embeddable":true,"href":"https:\/\/www.europesays.com\/de\/wp-json\/wp\/v2\/comments?post=1163026"}],"version-history":[{"count":0,"href":"https:\/\/www.europesays.com\/de\/wp-json\/wp\/v2\/posts\/1163026\/revisions"}],"wp:featuredmedia":[{"embeddable":true,"href":"https:\/\/www.europesays.com\/de\/wp-json\/wp\/v2\/media\/1163027"}],"wp:attachment":[{"href":"https:\/\/www.europesays.com\/de\/wp-json\/wp\/v2\/media?parent=1163026"}],"wp:term":[{"taxonomy":"category","embeddable":true,"href":"https:\/\/www.europesays.com\/de\/wp-json\/wp\/v2\/categories?post=1163026"},{"taxonomy":"post_tag","embeddable":true,"href":"https:\/\/www.europesays.com\/de\/wp-json\/wp\/v2\/tags?post=1163026"}],"curies":[{"name":"wp","href":"https:\/\/api.w.org\/{rel}","templated":true}]}}