{"id":1163061,"date":"2026-07-13T08:09:15","date_gmt":"2026-07-13T08:09:15","guid":{"rendered":"https:\/\/www.europesays.com\/de\/1163061\/"},"modified":"2026-07-13T08:09:15","modified_gmt":"2026-07-13T08:09:15","slug":"fortuna-duesseldorf-broilers-stellen-neues-f95-ausweichtrikot-vor","status":"publish","type":"post","link":"https:\/\/www.europesays.com\/de\/1163061\/","title":{"rendered":"Fortuna D\u00fcsseldorf: Broilers stellen neues F95-Ausweichtrikot vor"},"content":{"rendered":"<p class=\"text_ohne_einzug richtext text-em-55 !leading-serif mx-6 desktop:mx-0\">Der eine oder andere D\u00fcsseldorfer Musikfan h\u00e4tte in den vergangenen anderthalb Wochen eigentlich auch in der Stockumer Arena campen k\u00f6nnen. Gleich drei Konzert-Highlights gab es aus D\u00fcsseldorfer Sicht \u2013 erst zwei Konzerte der Toten Hosen in der Vorwoche, Kostenpflichtiger Inhalt <a href=\"https:\/\/rp-online.de\/nrw\/staedte\/duesseldorf\/kultur\/heimat-hosen-herzblut-das-bislang-groesste-konzert-der-broilers_aid-151299145\" rel=\"nofollow noopener\" target=\"_blank\">am Samstagabend legten dann die Broilers mit ihrem \u201eUltrabowl\u201c nach<\/a>. Wenn <a href=\"https:\/\/rp-online.de\/thema\/campino\/\" rel=\"nofollow noopener\" target=\"_blank\">Campino<\/a> und seine Bandkollegen in ihrer Heimatstadt auftreten, ist es alles andere als selten, dass ein Fortuna-Trikot zu sehen ist \u2013 bei den Konzerten 2026 pr\u00e4sentieren sie gleich das neue Heimtrikot. Nun zogen die Broilers mit dem neuen Ausweichtrikot nach.<\/p>\n<p class=\"richtext text-em-55 !leading-serif mx-6 desktop:mx-0\">Die Frage, um welches Trikot es sich \u00fcberhaupt handelt, musste allerdings erst einmal beantwortet werden. W\u00e4hrend des Konzerts kamen Bandmitglieder um Frontmann Sammy Amara in einem schwarzen Fortuna-Jersey auf die B\u00fchne. Auf einer Seite sind die drei Adidas-Streifen im Schulterbereich in Rot gehalten, auf der anderen in Wei\u00df. Schlicht gehalten \u2013 und, das d\u00fcrfte einigen Fans gefallen, keine gro\u00dfen farblichen Experimente. F\u00fcr die Beantwortung der Frage, ob es nun das neue Ausw\u00e4rts- oder das Ausweichtrikot ist, sorgte dann Fortuna selbst. Mittlerweile ist das Trikot im Fanshop des Vereins zur Bestellung erh\u00e4ltlich \u2013 und als Ausweichtrikot gekennzeichnet. Laut Website kann das Trikot in allen Gr\u00f6\u00dfen derzeit auch im Fanshop am Burgplatz erworben werden. Offiziell wurde das Trikot dann von Fortuna am Sonntagmorgen um 9 Uhr vorgestellt.<\/p>\n<p class=\"richtext text-em-55 !leading-serif mx-6 desktop:mx-0\">Wie das Ausw\u00e4rtstrikot aussieht, werden die Fans dann erst in den kommenden Tagen oder Wochen erfahren. Dass auch das dritte Jersey bei einem Konzert in der Arena vorgestellt wird, ist dabei eher unwahrscheinlich. Als N\u00e4chstes steht erst der Auftrittsmarathon der <a href=\"https:\/\/rp-online.de\/thema\/backstreet-boys\/\" rel=\"nofollow noopener\" target=\"_blank\">Backstreet Boys<\/a> mit zehn Konzerten in <a href=\"https:\/\/rp-online.de\/thema\/duesseldorf\/\" rel=\"nofollow noopener\" target=\"_blank\">D\u00fcsseldorf<\/a> w\u00e4hrend der L\u00e4nderspielpause Ende September\/Anfang Oktober an. So lange k\u00f6nnen und werden die Vereinsverantwortlichen aber nicht warten.<\/p>\n<p class=\"richtext text-em-55 !leading-serif mx-6 desktop:mx-0\">Die zust\u00e4ndigen Personen im Verein d\u00fcrften auch die ersten Reaktionen der Fans in den sozialen Netzwerken im Blick gehabt haben \u2013 und die fielen am sp\u00e4ten Samstagabend weitgehend positiv aus. Eine begeisterte Anh\u00e4ngerin sprach schon vom \u201ebesten Ausweichtrikot seit Jahren\u201c, ein weiterer Fan betonte \u201eMehr braucht ein drittes Trikot nicht\u201c \u2013 eine weitere Online-Reaktion lautete, dass es sich um ein \u201e9\/10 Ausweichtrikot\u201c handele. Damit wird Fortuna gut leben k\u00f6nnen \u2013 gerade, nachdem der Trikotsatz der Abstiegssaison l\u00e4ngst nicht bei allen Fans so gut angekommen war.<\/p>\n","protected":false},"excerpt":{"rendered":"Der eine oder andere D\u00fcsseldorfer Musikfan h\u00e4tte in den vergangenen anderthalb Wochen eigentlich auch in der Stockumer Arena&hellip;\n","protected":false},"author":2,"featured_media":1163062,"comment_status":"","ping_status":"","sticky":false,"template":"","format":"standard","meta":{"footnotes":"","_share_on_mastodon":"0"},"categories":[1831],"tags":[36062,16701,38313,75479,121506,136829,3364,29,3405,1002,102896,6223,30,38307,1310,72900,1209,14417,42492],"class_list":["post-1163061","post","type-post","status-publish","format-standard","has-post-thumbnail","category-duesseldorf","tag-arena","tag-auswaerts","tag-auswaertstrikot","tag-ausweichtrikot","tag-begeisterte","tag-broilers","tag-de","tag-deutschland","tag-duesseldorf","tag-fans","tag-fanshop","tag-fortuna","tag-germany","tag-heimtrikot","tag-konzert","tag-konzerts","tag-nordrhein-westfalen","tag-trikot","tag-trikotsatz"],"share_on_mastodon":{"url":"https:\/\/pubeurope.com\/@de\/116911653955810362","error":""},"_links":{"self":[{"href":"https:\/\/www.europesays.com\/de\/wp-json\/wp\/v2\/posts\/1163061","targetHints":{"allow":["GET"]}}],"collection":[{"href":"https:\/\/www.europesays.com\/de\/wp-json\/wp\/v2\/posts"}],"about":[{"href":"https:\/\/www.europesays.com\/de\/wp-json\/wp\/v2\/types\/post"}],"author":[{"embeddable":true,"href":"https:\/\/www.europesays.com\/de\/wp-json\/wp\/v2\/users\/2"}],"replies":[{"embeddable":true,"href":"https:\/\/www.europesays.com\/de\/wp-json\/wp\/v2\/comments?post=1163061"}],"version-history":[{"count":0,"href":"https:\/\/www.europesays.com\/de\/wp-json\/wp\/v2\/posts\/1163061\/revisions"}],"wp:featuredmedia":[{"embeddable":true,"href":"https:\/\/www.europesays.com\/de\/wp-json\/wp\/v2\/media\/1163062"}],"wp:attachment":[{"href":"https:\/\/www.europesays.com\/de\/wp-json\/wp\/v2\/media?parent=1163061"}],"wp:term":[{"taxonomy":"category","embeddable":true,"href":"https:\/\/www.europesays.com\/de\/wp-json\/wp\/v2\/categories?post=1163061"},{"taxonomy":"post_tag","embeddable":true,"href":"https:\/\/www.europesays.com\/de\/wp-json\/wp\/v2\/tags?post=1163061"}],"curies":[{"name":"wp","href":"https:\/\/api.w.org\/{rel}","templated":true}]}}