{"id":116314,"date":"2025-05-16T23:18:08","date_gmt":"2025-05-16T23:18:08","guid":{"rendered":"https:\/\/www.europesays.com\/de\/116314\/"},"modified":"2025-05-16T23:18:08","modified_gmt":"2025-05-16T23:18:08","slug":"frankfurt-am-main-brand-in-einrichtung-fuer-betreutes-wohnen-panorama","status":"publish","type":"post","link":"https:\/\/www.europesays.com\/de\/116314\/","title":{"rendered":"Frankfurt am Main &#8211; Brand in Einrichtung f\u00fcr betreutes Wohnen &#8211; Panorama"},"content":{"rendered":"<p data-manual=\"paragraph\" data-schema-org-speakable=\"true\" class=\"css-1ylqqlw\">Frankfurt (dpa\/lhe) &#8211; In einer Einrichtung f\u00fcr\u00a0betreutes Wohnen in Frankfurt am Main ist ein Feuer ausgebrochen. Neun anwesende Bewohner h\u00e4tten sich vor dem Brand im Stadtteil Niederursel selbst retten k\u00f6nnen, teilte ein Sprecher der Feuerwehr mit. Das Feuer war den Angaben zufolge am Freitagabend auf einem Balkon des zweigeschossigen Geb\u00e4udes ausgebrochen und hatte sich auf das Dach ausgebreitet. Die Feuerwehr war demnach mit rund 100 Einsatzkr\u00e4ften und 30 Fahrzeugen vor Ort. Die Brandbek\u00e4mpfung sei weiter im Gange und werde bis in den fr\u00fchen Samstagmorgen andauern. Zur Brandursache ermittelt die Polizei. Die Schadensh\u00f6he ist bislang nicht bekannt.<\/p>\n<p data-manual=\"paragraph\" data-schema-org-speakable=\"true\" class=\"css-1ylqqlw\">\u00a9 dpa-infocom, dpa:250516-930-554603\/1<\/p>\n","protected":false},"excerpt":{"rendered":"Frankfurt (dpa\/lhe) &#8211; In einer Einrichtung f\u00fcr\u00a0betreutes Wohnen in Frankfurt am Main ist ein Feuer ausgebrochen. Neun anwesende&hellip;\n","protected":false},"author":2,"featured_media":116315,"comment_status":"","ping_status":"","sticky":false,"template":"","format":"standard","meta":{"footnotes":""},"categories":[1829],"tags":[986,29,987,2050,2051,44927,30,2052,1974,149],"class_list":{"0":"post-116314","1":"post","2":"type-post","3":"status-publish","4":"format-standard","5":"has-post-thumbnail","7":"category-frankfurt-am-main","8":"tag-braende","9":"tag-deutschland","10":"tag-feuer","11":"tag-frankfurt","12":"tag-frankfurt-am-main","13":"tag-frankfurt-niederursel","14":"tag-germany","15":"tag-hessen","16":"tag-panorama","17":"tag-sueddeutsche-zeitung"},"share_on_mastodon":{"url":"https:\/\/pubeurope.com\/@de\/114520070793944863","error":""},"_links":{"self":[{"href":"https:\/\/www.europesays.com\/de\/wp-json\/wp\/v2\/posts\/116314","targetHints":{"allow":["GET"]}}],"collection":[{"href":"https:\/\/www.europesays.com\/de\/wp-json\/wp\/v2\/posts"}],"about":[{"href":"https:\/\/www.europesays.com\/de\/wp-json\/wp\/v2\/types\/post"}],"author":[{"embeddable":true,"href":"https:\/\/www.europesays.com\/de\/wp-json\/wp\/v2\/users\/2"}],"replies":[{"embeddable":true,"href":"https:\/\/www.europesays.com\/de\/wp-json\/wp\/v2\/comments?post=116314"}],"version-history":[{"count":0,"href":"https:\/\/www.europesays.com\/de\/wp-json\/wp\/v2\/posts\/116314\/revisions"}],"wp:featuredmedia":[{"embeddable":true,"href":"https:\/\/www.europesays.com\/de\/wp-json\/wp\/v2\/media\/116315"}],"wp:attachment":[{"href":"https:\/\/www.europesays.com\/de\/wp-json\/wp\/v2\/media?parent=116314"}],"wp:term":[{"taxonomy":"category","embeddable":true,"href":"https:\/\/www.europesays.com\/de\/wp-json\/wp\/v2\/categories?post=116314"},{"taxonomy":"post_tag","embeddable":true,"href":"https:\/\/www.europesays.com\/de\/wp-json\/wp\/v2\/tags?post=116314"}],"curies":[{"name":"wp","href":"https:\/\/api.w.org\/{rel}","templated":true}]}}