{"id":1163158,"date":"2026-07-13T09:03:16","date_gmt":"2026-07-13T09:03:16","guid":{"rendered":"https:\/\/www.europesays.com\/de\/1163158\/"},"modified":"2026-07-13T09:03:16","modified_gmt":"2026-07-13T09:03:16","slug":"usa-unter-trump-deutschland-und-afd-das-kann-auch-deutschland-bluehen","status":"publish","type":"post","link":"https:\/\/www.europesays.com\/de\/1163158\/","title":{"rendered":"USA unter Trump, Deutschland und AfD: &#8222;Das kann auch Deutschland bl\u00fchen&#8220;"},"content":{"rendered":"<p class=\"text-18 leading-17 user-text-lg:text-22 user-text-xl:text-24\"><strong class=\"font-bold\">Dort l\u00f6st Hegseth auch immer wieder Unruhe und Besorgnis aus, wenn er verdiente, hohe Offiziere versetzt oder pensioniert.<\/strong><\/p>\n<p class=\"text-18 leading-17 user-text-lg:text-22 user-text-xl:text-24\">Hegseth betreibt die Gleichschaltung des US-Milit\u00e4rs. Ich kann es nicht anders ausdr\u00fccken. Da ist er wieder, der Faschismus.<\/p>\n<p class=\"text-18 leading-17 user-text-lg:text-22 user-text-xl:text-24\"><strong class=\"font-bold\">Die Verwendung des Begriffs Faschismus in Bezug auf die Trump-Administration ist umstritten. <\/strong><\/p>\n<p class=\"text-18 leading-17 user-text-lg:text-22 user-text-xl:text-24\">Diese Diskussion ist etwas erm\u00fcdend. Im Faschismus gibt es die Nation, das Volk, das anhand von Blut oder Religion definiert wird, ebenso die Menschen, die nicht dazugeh\u00f6ren sollen. Man sch\u00fcrt Angst vor diesen Leuten, in diesem Fall Immigranten, die verteufelt werden. Dazu kommen Trumps Missachtung der Gewaltenteilung, sein Autoritarismus, die Korruption. Man stellt die eigene Nation als unschuldig dar, was st\u00f6rt, wird entfernt, die Geschichte gef\u00e4lscht. Es passt alles zusammen. Ich halte es auch f\u00fcr wichtiger, den Faschismus zu bek\u00e4mpfen, als st\u00e4ndig die Frage zu stellen, ob wir es \u00fcberhaupt mit ihm zu tun haben.<\/p>\n<p class=\"text-18 leading-17 user-text-lg:text-22 user-text-xl:text-24\"><strong class=\"font-bold\">Der Widerstand in den USA gegen Trumps Politik f\u00e4llt bislang gering aus. Woran liegt das?<\/strong><\/p>\n<p class=\"text-18 leading-17 user-text-lg:text-22 user-text-xl:text-24\">Angst. Es herrscht pure Angst. Alle haben Familien, Verwandte, Freunde und Jobs. Ein Gericht in <a href=\"https:\/\/www.t-online.de\/themen\/texas\/\" class=\"transition-colors cursor-pointer no-underline md:hover:text-magenta md:focus:text-magenta border-b border-solid border-current text-salemsfur md:hover:border-magenta\" data-tracking=\"{&quot;action&quot;:&quot;click&quot;,&quot;category&quot;:&quot;intextLink&quot;,&quot;label&quot;:&quot;\/themen\/texas\/&quot;}\" data-sctrack=\"BodyAnchor\" rel=\"nofollow noopener\" target=\"_blank\">Texas<\/a> hat k\u00fcrzlich acht Aktivisten gegen ICE zu 450 Jahren Gef\u00e4ngnis verurteilt. Das ist doch Wahnsinn. Aber es gibt auch eine andere Facette: Trumps Gift wirkt.<\/p>\n<p class=\"text-18 leading-17 user-text-lg:text-22 user-text-xl:text-24\"><strong class=\"font-bold\">Seine Popularit\u00e4t schwindet aber doch?<\/strong><\/p>\n<p class=\"text-18 leading-17 user-text-lg:text-22 user-text-xl:text-24\">Dieses Gift wirkt lang und schleichend. In George Orwells Dystopie &#8222;1984&#8220; musste sein Protagonist Winston noch gefoltert werden, bis er zugab, dass zwei plus zwei f\u00fcnf ergibt. In Trumps Amerika ist das viel einfacher. Man gibt den &#8222;Fremden&#8220; die Schuld f\u00fcr die Probleme, viel zu viele Leute glauben es.<\/p>\n<p class=\"text-18 leading-17 user-text-lg:text-22 user-text-xl:text-24\"><strong class=\"font-bold\">Im November stehen die Zwischenwahlen in den USA an. Droht Trump eine Niederlage?<\/strong><\/p>\n<p class=\"text-18 leading-17 user-text-lg:text-22 user-text-xl:text-24\">Ich f\u00fcrchte, Trump hat einen Plan, um an der Macht zu bleiben. So h\u00f6re ich es zumindest von Abgeordneten der Republikaner. Der Faschismus bringt immer wieder bizarre Entwicklungen hervor.<\/p>\n<p class=\"text-18 leading-17 user-text-lg:text-22 user-text-xl:text-24\">Die AfD ist eine Trump-Partei, sie ist eine Putin-Partei. Putin hat seine Sympathie f\u00fcr die AfD doch bekundet. Das ist doch Verrat an Deutschland. Aber die F\u00e4lschung der Geschichte macht diese Dinge m\u00f6glich.<\/p>\n<p class=\"text-18 leading-17 user-text-lg:text-22 user-text-xl:text-24\"><strong class=\"font-bold\">Wie kann der autorit\u00e4ren Rechten am besten Widerstand geleistet werden?<\/strong><\/p>\n<p class=\"text-18 leading-17 user-text-lg:text-22 user-text-xl:text-24\">Minneapolis hat nach den Sch\u00fcssen von ICE-Beamten auf Unschuldige gezeigt, was m\u00f6glich sein kann. Ganz normale Menschen haben sich organisiert, sie haben demonstriert. Aus dem einfachen Grund, dass sie solche Willk\u00fcr nicht in ihrer Stadt dulden wollen. Die Demokraten dieser Welt m\u00fcssen zeigen, dass sie da sind und dieses Spiel nicht mitspielen. Immigranten, Journalisten und die demokratischen Institutionen m\u00fcssen besch\u00fctzt werden.<\/p>\n<p class=\"text-18 leading-17 user-text-lg:text-22 user-text-xl:text-24\"><strong class=\"font-bold\">Professor Stanley, vielen Dank f\u00fcr das Gespr\u00e4ch.<\/strong><\/p>\n<p><img loading=\"lazy\" src=\"https:\/\/www.t-online.de\/s\/paper\/_next\/static\/media\/affiliate-disclaimer-icon.805ed620.svg\" alt=\"\" title=\"\" class=\"block h-[calc(var(--height)_\/_16_*_1rem)] w-[calc(var(--width)_\/_16_*_1rem)] max-w-none undefined\" style=\"--width:32;--height:32\" decoding=\"async\"\/><\/p>\n<p class=\"w-full font-bold\">Erfahren Sie mehr zu unseren Affiliate-Links<\/p>\n<p><img loading=\"lazy\" src=\"https:\/\/www.t-online.de\/s\/paper\/_next\/static\/media\/chevron-down-bold.ddb61db9.svg\" alt=\"\" title=\"\" class=\"block h-[calc(var(--height)_\/_16_*_1rem)] w-[calc(var(--width)_\/_16_*_1rem)] max-w-none flex w-fit justify-end\" style=\"--width:16;--height:16\" decoding=\"async\"\/><\/p>\n<p class=\"disclaimer-item pt-16 leading-15 text-trout\">Wenn Sie \u00fcber diese Links einkaufen, erhalten wir eine Provision, die unsere redaktionelle Arbeit unterst\u00fctzt. Der Preis f\u00fcr Sie bleibt unver\u00e4ndert. Diese Affiliate-Links sind durch ein<img loading=\"lazy\" src=\"https:\/\/www.t-online.de\/s\/paper\/_next\/static\/media\/affiliate-disclaimer-icon-inline.b49ce9f1.svg\" alt=\"Symbol f\u00fcr den Affiliate-Hinweis\" title=\"Symbol f\u00fcr den Affiliate-Hinweis\" class=\"block h-[calc(var(--height)_\/_16_*_1rem)] w-[calc(var(--width)_\/_16_*_1rem)] max-w-none inline\" style=\"--width:16;--height:16\" decoding=\"async\"\/>gekennzeichnet.<\/p>\n","protected":false},"excerpt":{"rendered":"Dort l\u00f6st Hegseth auch immer wieder Unruhe und Besorgnis aus, wenn er verdiente, hohe Offiziere versetzt oder pensioniert.&hellip;\n","protected":false},"author":2,"featured_media":1163159,"comment_status":"","ping_status":"","sticky":false,"template":"","format":"standard","meta":{"footnotes":"","_share_on_mastodon":"0"},"categories":[3977],"tags":[3028,186,331,332,2860,296,36014,29,106,24704,9894,30,13,11593,2229,137075,243931,14,57,25053,15,1433,117232,12,226,4017,4018,4016,64,1995,4019,4020],"class_list":["post-1163158","post","type-post","status-publish","format-standard","has-post-thumbnail","category-usa","tag-3028","tag-afd","tag-aktuelle-nachrichten","tag-aktuelle-news","tag-amtszeit","tag-berlin","tag-daniel-kehlmann","tag-deutschland","tag-donald-trump","tag-erbe","tag-faschismus","tag-germany","tag-headlines","tag-humboldt-universitaet","tag-ice","tag-jason-stanley","tag-jason-stanley-donald-trump","tag-nachrichten","tag-nationalsozialismus","tag-new-jersey","tag-news","tag-oesterreich","tag-portland","tag-schlagzeilen","tag-t-online","tag-united-states","tag-united-states-of-america","tag-us","tag-usa","tag-verbrechen","tag-vereinigte-staaten","tag-vereinigte-staaten-von-amerika"],"share_on_mastodon":{"url":"","error":"Validation failed: Text character limit of 500 exceeded"},"_links":{"self":[{"href":"https:\/\/www.europesays.com\/de\/wp-json\/wp\/v2\/posts\/1163158","targetHints":{"allow":["GET"]}}],"collection":[{"href":"https:\/\/www.europesays.com\/de\/wp-json\/wp\/v2\/posts"}],"about":[{"href":"https:\/\/www.europesays.com\/de\/wp-json\/wp\/v2\/types\/post"}],"author":[{"embeddable":true,"href":"https:\/\/www.europesays.com\/de\/wp-json\/wp\/v2\/users\/2"}],"replies":[{"embeddable":true,"href":"https:\/\/www.europesays.com\/de\/wp-json\/wp\/v2\/comments?post=1163158"}],"version-history":[{"count":0,"href":"https:\/\/www.europesays.com\/de\/wp-json\/wp\/v2\/posts\/1163158\/revisions"}],"wp:featuredmedia":[{"embeddable":true,"href":"https:\/\/www.europesays.com\/de\/wp-json\/wp\/v2\/media\/1163159"}],"wp:attachment":[{"href":"https:\/\/www.europesays.com\/de\/wp-json\/wp\/v2\/media?parent=1163158"}],"wp:term":[{"taxonomy":"category","embeddable":true,"href":"https:\/\/www.europesays.com\/de\/wp-json\/wp\/v2\/categories?post=1163158"},{"taxonomy":"post_tag","embeddable":true,"href":"https:\/\/www.europesays.com\/de\/wp-json\/wp\/v2\/tags?post=1163158"}],"curies":[{"name":"wp","href":"https:\/\/api.w.org\/{rel}","templated":true}]}}