{"id":1163174,"date":"2026-07-13T09:14:20","date_gmt":"2026-07-13T09:14:20","guid":{"rendered":"https:\/\/www.europesays.com\/de\/1163174\/"},"modified":"2026-07-13T09:14:20","modified_gmt":"2026-07-13T09:14:20","slug":"100-jahre-rot-weiss-moers-42-sieg-gegen-alte-herren-vom-msv-duisburg","status":"publish","type":"post","link":"https:\/\/www.europesays.com\/de\/1163174\/","title":{"rendered":"100 Jahre Rot-Wei\u00df Moers: 4:2-Sieg gegen Alte Herren vom MSV Duisburg"},"content":{"rendered":"<p class=\"text_ohne_einzug richtext text-em-55 !leading-serif mx-6 desktop:mx-0\"> Der FC Rot-Wei\u00df Moers hat Jubil\u00e4um gefeiert. Zu Gast bei der Party zum 100. Geburtstag war auch die Traditionsmannschaft des MSV <a href=\"https:\/\/rp-online.de\/thema\/duisburg\/\" rel=\"nofollow noopener\" target=\"_blank\">Duisburg<\/a>. Weshalb es dennoch schlechte Nachrichten rund um den Moerser Klub gibt.<\/p>\n<p class=\"richtext text-em-55 !leading-serif mx-6 desktop:mx-0\">Es war ein rundum gelungener Fu\u00dfball-Tag auf der Sportanlage am Jostenhof in Moers. Bereits am Morgen begann der Jubil\u00e4umstag f\u00fcr die Rot-Wei\u00dfen, die vor 100 Jahren zun\u00e4chst als H\u00fclsdonker SV unterwegs waren. Neben verschiedenen Freundschaftsspielen der eigenen Jugend gab\u2018s f\u00fcr G\u00e4ste mit einer Tombola oder einer Torwand eine Menge Abwechslung.<\/p>\n<p>Ex-Profi Tim Albutat in Moers am Ball      <\/p>\n<p class=\"richtext text-em-55 !leading-serif mx-6 desktop:mx-0\">Besonders die Organisation Deutsche Knochenmarkspenderdatei (DKMS) wurde vom Verein im Rahmen des runden Geburtstags unterst\u00fctzt. Hier bestand die M\u00f6glichkeit, sich als Spender vor Ort registrieren zu lassen. Highlight des Tages war ein Spiel gegen die Traditionsmannschaft des <a href=\"https:\/\/rp-online.de\/thema\/msv-duisburg\/\" rel=\"nofollow noopener\" target=\"_blank\">MSV Duisburg<\/a>. Die Einnahmen aus den Eintrittsgeldern kommen krebskranken Kindern zu Gute.<\/p>\n<p class=\"richtext text-em-55 !leading-serif mx-6 desktop:mx-0\">F\u00fcr die Moerser stand eine Mannschaft aus ehemaligen und verdienten sowie aktuellen Spielern auf dem Platz. F\u00fcr die Zebras kickte unter anderem der ehemalige Bundesliga-Profi Tim Albutat auf der Asche an der H\u00fclsdonker <a href=\"https:\/\/rp-online.de\/thema\/feuerwehr\/\" rel=\"nofollow noopener\" target=\"_blank\">Feuerwehr<\/a>. Das Spiel konnten die Gastgeber vor knapp 500 Zuschauern mit 4:2 (1:0) f\u00fcr sich entscheiden. Nach dem Schlusspfiff wurde auf dem Gel\u00e4nde der benachbarten Feuerwehr weiter gefeiert. Unter anderem trat die Moerser Tanzgruppe \u201eMagic Unity\u201c auf. Auch die Moerser B\u00fcrgermeisterin Julia Zupancic schaute vorbei, um dem Verein zu seinem hundertj\u00e4hrigen Bestehen zu gratulieren.<\/p>\n<p class=\"richtext text-em-55 !leading-serif mx-6 desktop:mx-0\">W\u00e4hrend er Feierlichkeiten wurde deutlich: Die Fu\u00dfballer von RW Moers blicken einer schwierigen Zukunft entgegen. Der Gro\u00dfteil der ersten Mannschaft aus der Vorsaison verl\u00e4sst den Klub. Philipp Zerr und Sascha Schlebusch, die das Jubil\u00e4umsfest organisierten, werden sich dem FC Meerfeld anschlie\u00dfen. St\u00fcrmer Ben Blischke wechselt ebenfalls zum FCM. Auch Trainer Samir Jabri geht. Dar\u00fcber hinaus beendeten die Identifikationsfiguren Marius Mummereit und Daniel Vutz, die gemeinsam auf knapp 1000 Spiele f\u00fcr die Rot-Wei\u00dfen kommen, ihre Laufbahn.<\/p>\n<p class=\"richtext text-em-55 !leading-serif mx-6 desktop:mx-0\">Stefan Schlebusch, der in dem Moerser Verein als Trainer-Legende gilt, \u00e4u\u00dferte sich zum personellen Aderlass: \u201eEs wird wohl im n\u00e4chsten Jahr keine zwei Senioren-Mannschaften geben. Wir hatten eine Idee f\u00fcr die n\u00e4chste Saison, allerdings ist diese nicht beim Vorstand auf Anklang gesto\u00dfen. Leider verlassen nun viele Spieler den Verein. Wahrscheinlich wird die Zweite die einzige Senioren-Mannschaft sein.\u201c<\/p>\n<p class=\"richtext text-em-55 !leading-serif mx-6 desktop:mx-0\">Schlebusch, der jahrelang auch im Vorstand bei RW Moers t\u00e4tig gewesen war, gab im Gespr\u00e4ch mit der Redaktion seinen Austritt aus dem Verein bekannt. Ob die erste Mannschaft, die im Jahre 2022 aus der Kreisliga A abstieg und den Wiederaufstieg erst in der Relegation verpasste, in der Kreisliga B oder Kreisliga C antreten wird, ist noch ungewiss.<\/p>\n<p class=\"richtext text-em-55 !leading-serif mx-6 desktop:mx-0\">Gewiss scheint nur, dass der Verein sich auf eine schwierige Zukunft vorbereiten muss, da selbst Spieler und Funktion\u00e4re, die in den letzten Jahren den Ligaverbleib in der B-Liga sicherten, sich nun aus verschiedenen Gr\u00fcnden gegen ein weiteres Fu\u00dfball-Jahr am Jostenhof entschieden haben.<\/p>\n<p class=\"richtext text-em-55 !leading-serif mx-6 desktop:mx-0\">Der Vorstand der Rot-Wei\u00dfen hat trotz der personellen Probleme zwei Mannschaften f\u00fcr die B- und C-Liga dem Kreis gemeldet, wie Peter Hanisch vom Fu\u00dfballausschuss am Montag auf Nachfrage mitteilte. \u201eWir w\u00fcrden gerne eine erste und eine zweite Mannschaft aufbieten, m\u00fcssen aber auch der Realit\u00e4t ins Auge blicken\u201c, \u00e4u\u00dferte sich der RWM-Chef Paul Stucki gegen\u00fcber der NRZ.<\/p>\n<p class=\"richtext text-em-55 !leading-serif mx-6 desktop:mx-0\">Aktuell z\u00e4hlt der Moerser Klub rund 500 Mitglieder, die sich auf die Abteilungen Fu\u00dfball, Turnen, <a href=\"https:\/\/rp-online.de\/thema\/tischtennis\/\" rel=\"nofollow noopener\" target=\"_blank\">Tischtennis<\/a> und <a href=\"https:\/\/rp-online.de\/thema\/volleyball\/\" rel=\"nofollow noopener\" target=\"_blank\">Volleyball<\/a> verteilen.<\/p>\n","protected":false},"excerpt":{"rendered":"Der FC Rot-Wei\u00df Moers hat Jubil\u00e4um gefeiert. Zu Gast bei der Party zum 100. Geburtstag war auch die&hellip;\n","protected":false},"author":2,"featured_media":1163175,"comment_status":"","ping_status":"","sticky":false,"template":"","format":"standard","meta":{"footnotes":"","_share_on_mastodon":"0"},"categories":[1838],"tags":[3807,3364,29,3715,30,102799,101020,9392,16852,25500,9435,1209,23319,55947,10434],"class_list":["post-1163174","post","type-post","status-publish","format-standard","has-post-thumbnail","category-duisburg","tag-moers","tag-de","tag-deutschland","tag-duisburg","tag-germany","tag-huelsdonker","tag-jostenhof","tag-klub","tag-mannschaft","tag-moerser","tag-msv","tag-nordrhein-westfalen","tag-rot","tag-traditionsmannschaft","tag-verein"],"share_on_mastodon":{"url":"https:\/\/pubeurope.com\/@de\/116911909548308082","error":""},"_links":{"self":[{"href":"https:\/\/www.europesays.com\/de\/wp-json\/wp\/v2\/posts\/1163174","targetHints":{"allow":["GET"]}}],"collection":[{"href":"https:\/\/www.europesays.com\/de\/wp-json\/wp\/v2\/posts"}],"about":[{"href":"https:\/\/www.europesays.com\/de\/wp-json\/wp\/v2\/types\/post"}],"author":[{"embeddable":true,"href":"https:\/\/www.europesays.com\/de\/wp-json\/wp\/v2\/users\/2"}],"replies":[{"embeddable":true,"href":"https:\/\/www.europesays.com\/de\/wp-json\/wp\/v2\/comments?post=1163174"}],"version-history":[{"count":0,"href":"https:\/\/www.europesays.com\/de\/wp-json\/wp\/v2\/posts\/1163174\/revisions"}],"wp:featuredmedia":[{"embeddable":true,"href":"https:\/\/www.europesays.com\/de\/wp-json\/wp\/v2\/media\/1163175"}],"wp:attachment":[{"href":"https:\/\/www.europesays.com\/de\/wp-json\/wp\/v2\/media?parent=1163174"}],"wp:term":[{"taxonomy":"category","embeddable":true,"href":"https:\/\/www.europesays.com\/de\/wp-json\/wp\/v2\/categories?post=1163174"},{"taxonomy":"post_tag","embeddable":true,"href":"https:\/\/www.europesays.com\/de\/wp-json\/wp\/v2\/tags?post=1163174"}],"curies":[{"name":"wp","href":"https:\/\/api.w.org\/{rel}","templated":true}]}}