{"id":1163178,"date":"2026-07-13T09:16:24","date_gmt":"2026-07-13T09:16:24","guid":{"rendered":"https:\/\/www.europesays.com\/de\/1163178\/"},"modified":"2026-07-13T09:16:24","modified_gmt":"2026-07-13T09:16:24","slug":"mitten-am-tag-in-nuernberg-neunjaehriger-ueberrascht-einbrecher","status":"publish","type":"post","link":"https:\/\/www.europesays.com\/de\/1163178\/","title":{"rendered":"Mitten am Tag in N\u00fcrnberg: Neunj\u00e4hriger \u00fcberrascht Einbrecher"},"content":{"rendered":"<p>Mann gesucht <\/p>\n<p>Neunj\u00e4hriger \u00fcberrascht Einbrecher \u2013 T\u00e4ter fl\u00fcchtet ohne Beute<\/p>\n<p>13.07.2026 &#8211; 10:27 UhrLesedauer: 1 Min.<\/p>\n<p><a href=\"#focus-0\" class=\"transition-colors block text-current relative\" data-sctrack=\"FocusGalleryImage.Reference\"><img fetchpriority=\"high\" data-testid=\"Opener.Image\"   loading=\"eager\" src=\"https:\/\/www.europesays.com\/de\/wp-content\/uploads\/2026\/07\/mehrere-streifen-rueckten-am-mittwoch-zu-dem-gymnasium-aus-symbolbild.jpg\" alt=\"Gr\u00f6\u00dferer Polizeieinsatz an Gymnasium in Oberbayern\" title=\"Gr\u00f6\u00dferer Polizeieinsatz an Gymnasium in Oberbayern\" width=\"2048\" height=\"1152\" class=\"bg-[url:var(--lqipURL)] bg-cover bg-center flex h-full w-full max-w-full\" style=\"--lqipURL:url('https:\/\/images.t-online.de\/2026\/07\/LRWwLSdj3ykv\/0x107:2048x1152\/fit-in\/150x0\/filters:blur(25)\/mehrere-streifen-rueckten-am-mittwoch-zu-dem-gymnasium-aus-symbolbild.jpg')\" decoding=\"async\"\/><img loading=\"lazy\" src=\"https:\/\/nuernberg.t-online.de\/s\/paper\/_next\/static\/media\/zoom-in.f7dae02f.svg\" alt=\"Vergr\u00f6\u00dfern des Bildes\" title=\"Vergr\u00f6\u00dfern des Bildes\" class=\"block h-[calc(var(--height)_\/_16_*_1rem)] w-[calc(var(--width)_\/_16_*_1rem)] max-w-none absolute right-8 bottom-8 rounded-4 bg-snow p-8\" style=\"--width:32;--height:32\" decoding=\"async\"\/><\/a><\/p>\n<p>Polizeieinsatz (Symbolbild): In N\u00fcrnberg trieb ein Einbrecher mitten am Tag sein Unwesen. (Quelle: Daniel Karmann\/dpa\/dpa-bilder)<\/p>\n<p class=\"font-bold text-18 leading-17 user-text-lg:text-22 user-text-xl:text-24\">Ein Junge trifft im Elternhaus auf einen Unbekannten. Die Polizei fahndet nun nach dem Mann und bittet um Hinweise.<\/p>\n<p class=\"text-18 leading-17 user-text-lg:text-22 user-text-xl:text-24\">In N\u00fcrnberger Stadtteil Wetzendorf hat ein neunj\u00e4hriger Junge am Samstagnachmittag einen Einbrecher im Elternhaus \u00fcberrascht. Das teilte das Polizeipr\u00e4sidium Mittelfranken mit.<\/p>\n<p class=\"text-18 leading-17 user-text-lg:text-22 user-text-xl:text-24\">Gegen 13.30 Uhr habe sich der Junge im Erdgeschoss aufgehalten. Als er ein Handy im Obergeschoss klingeln h\u00f6rte, sei er nachsehen gegangen. Im Schlafzimmer seiner Eltern habe er einen unbekannten Mann angetroffen. Dieser habe bereits Schmuck zum Abtransport bereitgelegt.<\/p>\n<p class=\"text-18 leading-17 user-text-lg:text-22 user-text-xl:text-24\">Der Neunj\u00e4hrige sei sofort aus dem Haus gerannt und habe sich einer Nachbarin anvertraut. Diese verst\u00e4ndigte gemeinsam mit dem Vater die Polizei. Der Unbekannte fl\u00fcchtete offenbar ohne Beute.<\/p>\n<p class=\"text-18 leading-17 user-text-lg:text-22 user-text-xl:text-24\">Trotz sofort eingeleiteter Fahndung konnten Streifenbesatzungen den Mann nicht antreffen. Die Polizei beschreibt ihn so: etwa 30 Jahre alt, 1,85 bis 1,95 Meter gro\u00df, schlank. Er habe eine schwarze M\u00fctze, eine verspiegelte Sonnenbrille und einen schwarzen Hoodie mit wei\u00dfer Puma-Aufschrift getragen.<\/p>\n<p class=\"text-18 leading-17 user-text-lg:text-22 user-text-xl:text-24\">Die Kriminalpolizei N\u00fcrnberg ermittelt. Zeugen werden gebeten, sich unter 0911 2112-3333 zu melden.<\/p>\n","protected":false},"excerpt":{"rendered":"Mann gesucht Neunj\u00e4hriger \u00fcberrascht Einbrecher \u2013 T\u00e4ter fl\u00fcchtet ohne Beute 13.07.2026 &#8211; 10:27 UhrLesedauer: 1 Min. Polizeieinsatz (Symbolbild):&hellip;\n","protected":false},"author":2,"featured_media":1163179,"comment_status":"","ping_status":"","sticky":false,"template":"","format":"standard","meta":{"footnotes":"","_share_on_mastodon":"0"},"categories":[1837],"tags":[722,17161,772,3364,29,60393,30,4156,3783,121,4908,243602],"class_list":["post-1163178","post","type-post","status-publish","format-standard","has-post-thumbnail","category-nuernberg","tag-722","tag-17161","tag-bayern","tag-de","tag-deutschland","tag-elternhaus","tag-germany","tag-mittelfranken","tag-nuernberg","tag-polizei","tag-polizeieinsatz","tag-wetzendorf"],"share_on_mastodon":{"url":"https:\/\/pubeurope.com\/@de\/116911917324687162","error":""},"_links":{"self":[{"href":"https:\/\/www.europesays.com\/de\/wp-json\/wp\/v2\/posts\/1163178","targetHints":{"allow":["GET"]}}],"collection":[{"href":"https:\/\/www.europesays.com\/de\/wp-json\/wp\/v2\/posts"}],"about":[{"href":"https:\/\/www.europesays.com\/de\/wp-json\/wp\/v2\/types\/post"}],"author":[{"embeddable":true,"href":"https:\/\/www.europesays.com\/de\/wp-json\/wp\/v2\/users\/2"}],"replies":[{"embeddable":true,"href":"https:\/\/www.europesays.com\/de\/wp-json\/wp\/v2\/comments?post=1163178"}],"version-history":[{"count":0,"href":"https:\/\/www.europesays.com\/de\/wp-json\/wp\/v2\/posts\/1163178\/revisions"}],"wp:featuredmedia":[{"embeddable":true,"href":"https:\/\/www.europesays.com\/de\/wp-json\/wp\/v2\/media\/1163179"}],"wp:attachment":[{"href":"https:\/\/www.europesays.com\/de\/wp-json\/wp\/v2\/media?parent=1163178"}],"wp:term":[{"taxonomy":"category","embeddable":true,"href":"https:\/\/www.europesays.com\/de\/wp-json\/wp\/v2\/categories?post=1163178"},{"taxonomy":"post_tag","embeddable":true,"href":"https:\/\/www.europesays.com\/de\/wp-json\/wp\/v2\/tags?post=1163178"}],"curies":[{"name":"wp","href":"https:\/\/api.w.org\/{rel}","templated":true}]}}