{"id":1163209,"date":"2026-07-13T09:34:25","date_gmt":"2026-07-13T09:34:25","guid":{"rendered":"https:\/\/www.europesays.com\/de\/1163209\/"},"modified":"2026-07-13T09:34:25","modified_gmt":"2026-07-13T09:34:25","slug":"fraport-zieht-bilanz-wo-der-frankfurter-flughafen-trotzdem-waechst","status":"publish","type":"post","link":"https:\/\/www.europesays.com\/de\/1163209\/","title":{"rendered":"Fraport zieht Bilanz: Wo der Frankfurter Flughafen trotzdem w\u00e4chst"},"content":{"rendered":"<p>Wo es noch Wachstum gibt <\/p>\n<p>Krieg im Iran trifft Frankfurt: Flughafen zieht Bilanz<\/p>\n<p>13.07.2026 &#8211; 10:11 UhrLesedauer: 2 Min.<\/p>\n<p><a href=\"#focus-0\" class=\"transition-colors block text-current relative\" data-sctrack=\"FocusGalleryImage.Reference\"><img fetchpriority=\"high\" data-testid=\"Opener.Image\"   loading=\"eager\" src=\"https:\/\/www.europesays.com\/de\/wp-content\/uploads\/2026\/07\/im-sommer-hochbetrieb-sorgt-das-neue-eu-grenzverfahren-fuer-zusaetzliche-wartezeiten-am-flughafen-sy.jpeg\" alt=\"Andrang am Flughafen Frankfurt\" title=\"Andrang am Flughafen Frankfurt\" width=\"2048\" height=\"1152\" class=\"bg-[url:var(--lqipURL)] bg-cover bg-center flex h-full w-full max-w-full\" style=\"--lqipURL:url('https:\/\/images.t-online.de\/2026\/07\/7lL9lTlqA8Oe\/0x252:2048x1152\/fit-in\/150x0\/filters:blur(25)\/im-sommer-hochbetrieb-sorgt-das-neue-eu-grenzverfahren-fuer-zusaetzliche-wartezeiten-am-flughafen-symbolbild.jpg')\" decoding=\"async\"\/><img loading=\"lazy\" src=\"https:\/\/frankfurt.t-online.de\/s\/paper\/_next\/static\/media\/zoom-in.f7dae02f.svg\" alt=\"Vergr\u00f6\u00dfern des Bildes\" title=\"Vergr\u00f6\u00dfern des Bildes\" class=\"block h-[calc(var(--height)_\/_16_*_1rem)] w-[calc(var(--width)_\/_16_*_1rem)] max-w-none absolute right-8 bottom-8 rounded-4 bg-snow p-8\" style=\"--width:32;--height:32\" decoding=\"async\"\/><\/a><\/p>\n<p>Hochbetrieb am Flughafen Frankfurt (Archivbild): Trotz Einr\u00fcche der Passagierzahlen durch den Krieg im Nahen Osten zieht der Betreiberkonzern Fraport ein positives Fazit. (Quelle: Andreas Arnold\/dpa\/dpa-bilder)<\/p>\n<p><img loading=\"lazy\" src=\"https:\/\/frankfurt.t-online.de\/s\/paper\/_next\/static\/media\/audio-volume.6689034c.svg\" alt=\"\" title=\"\" class=\"block h-[calc(var(--height)_\/_16_*_1rem)] w-[calc(var(--width)_\/_16_*_1rem)] max-w-none group-hover:brightness-0 group-hover:invert\" style=\"--width:16;--height:16\" decoding=\"async\"\/>Vorlesen<\/p>\n<p>Aktuelle Zeit:0:00Gesamtdauer:0:00<\/p>\n<p>1x<\/p>\n<p class=\"text-center\">Jetzt neu bei t-online:<\/p>\n<p class=\"text-center\">Schriftgr\u00f6\u00dfe anpassen!<\/p>\n<p><img loading=\"lazy\" src=\"https:\/\/frankfurt.t-online.de\/s\/paper\/_next\/static\/media\/font-sizes.32942e33.svg\" alt=\"\" title=\"\" class=\"block h-[calc(var(--height)_\/_16_*_1rem)] w-[calc(var(--width)_\/_16_*_1rem)] max-w-none group-hover:hidden group-aria-expanded:hidden\" style=\"--width:16;--height:16\" decoding=\"async\"\/><img loading=\"lazy\" src=\"https:\/\/frankfurt.t-online.de\/s\/paper\/_next\/static\/media\/font-sizes-dark-mode.e382645c.svg\" alt=\"\" title=\"\" class=\"block h-[calc(var(--height)_\/_16_*_1rem)] w-[calc(var(--width)_\/_16_*_1rem)] max-w-none hidden group-hover:block group-aria-expanded:block\" style=\"--width:16;--height:16\" decoding=\"async\"\/><img loading=\"lazy\" src=\"https:\/\/frankfurt.t-online.de\/s\/paper\/_next\/static\/media\/sharing-menu-icon.1eb71368.svg\" alt=\"\" title=\"\" class=\"block h-[calc(var(--height)_\/_16_*_1rem)] w-[calc(var(--width)_\/_16_*_1rem)] max-w-none group-hover:brightness-0 group-hover:invert\" style=\"--width:16;--height:16\" decoding=\"async\"\/>Artikel teilen<\/p>\n<p class=\"font-bold text-18 leading-17 user-text-lg:text-22 user-text-xl:text-24\">Streiks und der Krieg im Iran haben den Flughafen Frankfurt im ersten Halbjahr 2026 belastet. Dennoch sieht Fraport seine Jahresziele noch in Reichweite.<\/p>\n<p class=\"text-18 leading-17 user-text-lg:text-22 user-text-xl:text-24\">Die Betreibergesellschaft des Frankfurter Flughafens Fraport hat trotz eines R\u00fcckgangs bei den Passagieren ein leichtes Wachstum verzeichnet. Im Finanzausblick f\u00fcr 2026 nannte das Unternehmen einen Passagierr\u00fcckgang von 0,8 Prozent auf rund 28,9 Millionen Flugg\u00e4ste. <a href=\"https:\/\/frankfurt.t-online.de\/region\/frankfurt-am-main\/id_101215160\/lufthansa-streik-in-frankfurt-so-viele-fluege-fallen-aus.html\" class=\"transition-colors cursor-pointer no-underline md:hover:text-magenta md:focus:text-magenta border-b border-solid border-current text-salemsfur md:hover:border-magenta\" data-tracking=\"{&quot;action&quot;:&quot;click&quot;,&quot;category&quot;:&quot;intextLink&quot;,&quot;label&quot;:&quot;\/region\/frankfurt-am-main\/id_101215160\/lufthansa-streik-in-frankfurt-so-viele-fluege-fallen-aus.html&quot;}\" data-sctrack=\"BodyAnchor\" rel=\"nofollow noopener\" target=\"_blank\">Streiks bei der Lufthansa<\/a> und der <a href=\"https:\/\/frankfurt.t-online.de\/region\/frankfurt-am-main\/id_101273504\/frankfurt-flughafen-kerosin-versorgung-trotz-iran-krieg-gesichert.html\" class=\"transition-colors cursor-pointer no-underline md:hover:text-magenta md:focus:text-magenta border-b border-solid border-current text-salemsfur md:hover:border-magenta\" data-tracking=\"{&quot;action&quot;:&quot;click&quot;,&quot;category&quot;:&quot;intextLink&quot;,&quot;label&quot;:&quot;\/region\/frankfurt-am-main\/id_101273504\/frankfurt-flughafen-kerosin-versorgung-trotz-iran-krieg-gesichert.html&quot;}\" data-sctrack=\"BodyAnchor\" rel=\"nofollow noopener\" target=\"_blank\">Krieg im Iran<\/a> belasteten das Aufkommen. Das geht aus einer Mitteilung des Konzerns am Montag (13. Juli) hervor.<\/p>\n<p class=\"text-18 leading-17 user-text-lg:text-22 user-text-xl:text-24\">So flogen im Monat Juni rund 5,7 Millionen Passagiere \u00fcber Frankfurt, 1,7 Prozent weniger als im Juni 2025. Besonders stark traf es den Nahost-Verkehr: Im ersten Halbjahr reisten lediglich rund 880.000 Flugg\u00e4ste in diese Region, ein R\u00fcckgang von 35 Prozent gegen\u00fcber dem Vorjahreszeitraum.<\/p>\n<p class=\"text-18 leading-17 user-text-lg:text-22 user-text-xl:text-24\">Laut Fraport-CEO Stefan Schulte gab es gleich mehrere Belastungsfaktoren, etwa die Lufthansa-Streiks, aber vor allem die &#8222;gro\u00dfen Flugeinschr\u00e4nkungen&#8220; durch den Krieg im Iran. Man beobachte eine &#8222;sp\u00fcrbare Buchungszur\u00fcckhaltung&#8220;, weil Airlines eine Mangellage beim Kerosin bef\u00fcrchten und deshalb ihr Angebot reduzieren w\u00fcrden.<\/p>\n<p><a href=\"#focus-1\" class=\"transition-colors block text-current relative\" data-sctrack=\"FocusGalleryImage.Reference\"><img   loading=\"lazy\" src=\"https:\/\/www.europesays.com\/de\/wp-content\/uploads\/2026\/07\/uss-nimitz-now-operating-in-the-persian-gulf-photo-dated-september-18-2020-of-the-aircraft-carrier-u.jpeg\" alt=\"imago images 0260468855\" title=\"imago images 0260468855\" width=\"4000\" height=\"2250\" class=\"h-full w-full max-w-full rounded-8\" decoding=\"async\"\/><img loading=\"lazy\" src=\"https:\/\/frankfurt.t-online.de\/s\/paper\/_next\/static\/media\/zoom-in.f7dae02f.svg\" alt=\"Vergr\u00f6\u00dfern des Bildes\" title=\"Vergr\u00f6\u00dfern des Bildes\" class=\"block h-[calc(var(--height)_\/_16_*_1rem)] w-[calc(var(--width)_\/_16_*_1rem)] max-w-none absolute right-8 bottom-8 rounded-4 bg-snow p-8\" style=\"--width:32;--height:32\" decoding=\"async\"\/>US-Kriegsschiff in der Stra\u00dfe von Hormuz (Archivbild). Durch den Krieg mit dem Iran ist auch beim Frankfurter Flughafen das Gesch\u00e4ft zur\u00fcckgegangen. (Quelle: IMAGO\/ABACA\/imago)<\/a><\/p>\n<p>Weniger Nahost-Reisen \u2013 daf\u00fcr wuchs eine Region besonders stark<\/p>\n<p class=\"text-18 leading-17 user-text-lg:text-22 user-text-xl:text-24\">Einen Zuwachs auf knapp 1,6 Millionen Passagiere gab es hingegen auf Routen nach Afrika und in die Fernost-Region, wo knapp 3,3 Millionen Flugg\u00e4ste reisten.<\/p>\n<p class=\"text-18 leading-17 user-text-lg:text-22 user-text-xl:text-24\">F\u00fcr das Gesamtjahr rechnet Schulte in Frankfurt am Main insgesamt mit einem Passagieraufkommen auf Vorjahresniveau und einem leichten D\u00e4mpfer f\u00fcr das Gesamtergebnis. Die finanziellen Ziele sieht der Konzern jedoch nicht in Gefahr.<\/p>\n<p>Positive Bilanz bei Frachtgesch\u00e4ft und internationalen Flugh\u00e4fen<\/p>\n<p class=\"text-18 leading-17 user-text-lg:text-22 user-text-xl:text-24\">Besser entwickelte sich das Frachtgesch\u00e4ft: Das Cargo-Volumen stieg im Juni um 2,0 Prozent auf 177.676 Tonnen. Im ersten Halbjahr belief es sich auf rund eine Million Tonnen \u2013 ein Plus von 1,0 Prozent. Die Zahl der Flugbewegungen in Frankfurt sank hingegen im Juni auf 39.390 Starts und Landungen, ein R\u00fcckgang von 4,9 Prozent.<\/p>\n<p class=\"text-18 leading-17 user-text-lg:text-22 user-text-xl:text-24\">An den internationalen Konzernflugh\u00e4fen verlief die Entwicklung \u00fcberwiegend besser. Im ersten Halbjahr wuchs das Gesamtaufkommen aller von Fraport gemanagten Flugh\u00e4fen auf 77,7 Millionen Flugg\u00e4ste. St\u00e4rkster Zuwachs: der Flughafen Ljubljana, mit einem Plus von 12,7 Prozent auf 184.211 Flugg\u00e4ste.<\/p>\n<p class=\"text-18 leading-17 user-text-lg:text-22 user-text-xl:text-24\">Auch die Fraport-Flugh\u00e4fen in Griechenland, Bulgarien, Brasilien und im peruanischen Lima konnten sich \u00fcber wachsende Passagierzahlen freuen. R\u00fcckl\u00e4ufig war dagegen der t\u00fcrkische Flughafen Antalya: Dort sank das Aufkommen um 9,6 Prozent auf 4,5 Millionen Flugg\u00e4ste. Ein Grund daf\u00fcr k\u00f6nnten steigende Preise in der Region sein sowie mehr Zur\u00fcckhaltung bei Pauschalreisen infolge der geopolitischen Lage im Nahen Osten.<\/p>\n<p class=\"text-18 leading-17 user-text-lg:text-22 user-text-xl:text-24\">Insgesamt, so der Flughafenbetreiber, seien 2026 bislang 77,7 Millionen Passagiere zum oder \u00fcber den <a href=\"https:\/\/www.t-online.de\/themen\/flughafen-frankfurt\/\" class=\"transition-colors cursor-pointer no-underline md:hover:text-magenta md:focus:text-magenta border-b border-solid border-current text-salemsfur md:hover:border-magenta\" data-tracking=\"{&quot;action&quot;:&quot;click&quot;,&quot;category&quot;:&quot;intextLink&quot;,&quot;label&quot;:&quot;https:\/\/www.t-online.de\/themen\/flughafen-frankfurt\/&quot;}\" data-sctrack=\"BodyAnchor\" rel=\"nofollow noopener\" target=\"_blank\">Frankfurter Flughafen<\/a> gereist.<\/p>\n","protected":false},"excerpt":{"rendered":"Wo es noch Wachstum gibt Krieg im Iran trifft Frankfurt: Flughafen zieht Bilanz 13.07.2026 &#8211; 10:11 UhrLesedauer: 2&hellip;\n","protected":false},"author":2,"featured_media":1163210,"comment_status":"","ping_status":"","sticky":false,"template":"","format":"standard","meta":{"footnotes":"","_share_on_mastodon":"0"},"categories":[1829],"tags":[722,17161,243938,29,243937,2109,3089,2050,2051,8351,30,2052,28389,345,186871,243936,2108,21754,49215,1238],"class_list":["post-1163209","post","type-post","status-publish","format-standard","has-post-thumbnail","category-frankfurt-am-main","tag-722","tag-17161","tag-betreiberkonzern","tag-deutschland","tag-einruch","tag-flughafen","tag-flughafen-frankfurt","tag-frankfurt","tag-frankfurt-am-main","tag-fraport","tag-germany","tag-hessen","tag-hochbetrieb","tag-iran","tag-iran-krieg","tag-jahresziel","tag-lufthansa","tag-passagierzahl","tag-stefan-schulte","tag-streik"],"share_on_mastodon":{"url":"","error":""},"_links":{"self":[{"href":"https:\/\/www.europesays.com\/de\/wp-json\/wp\/v2\/posts\/1163209","targetHints":{"allow":["GET"]}}],"collection":[{"href":"https:\/\/www.europesays.com\/de\/wp-json\/wp\/v2\/posts"}],"about":[{"href":"https:\/\/www.europesays.com\/de\/wp-json\/wp\/v2\/types\/post"}],"author":[{"embeddable":true,"href":"https:\/\/www.europesays.com\/de\/wp-json\/wp\/v2\/users\/2"}],"replies":[{"embeddable":true,"href":"https:\/\/www.europesays.com\/de\/wp-json\/wp\/v2\/comments?post=1163209"}],"version-history":[{"count":0,"href":"https:\/\/www.europesays.com\/de\/wp-json\/wp\/v2\/posts\/1163209\/revisions"}],"wp:featuredmedia":[{"embeddable":true,"href":"https:\/\/www.europesays.com\/de\/wp-json\/wp\/v2\/media\/1163210"}],"wp:attachment":[{"href":"https:\/\/www.europesays.com\/de\/wp-json\/wp\/v2\/media?parent=1163209"}],"wp:term":[{"taxonomy":"category","embeddable":true,"href":"https:\/\/www.europesays.com\/de\/wp-json\/wp\/v2\/categories?post=1163209"},{"taxonomy":"post_tag","embeddable":true,"href":"https:\/\/www.europesays.com\/de\/wp-json\/wp\/v2\/tags?post=1163209"}],"curies":[{"name":"wp","href":"https:\/\/api.w.org\/{rel}","templated":true}]}}