{"id":1163254,"date":"2026-07-13T10:00:19","date_gmt":"2026-07-13T10:00:19","guid":{"rendered":"https:\/\/www.europesays.com\/de\/1163254\/"},"modified":"2026-07-13T10:00:19","modified_gmt":"2026-07-13T10:00:19","slug":"volkswagen-chef-droht-intern-mit-abbau-von-50-000-jobs-und-aeussert-sich-zu-vier-deutschen-werken","status":"publish","type":"post","link":"https:\/\/www.europesays.com\/de\/1163254\/","title":{"rendered":"Volkswagen-Chef droht intern mit Abbau von 50.000 Jobs \u2013 und \u00e4u\u00dfert sich zu vier deutschen Werken"},"content":{"rendered":"<p>Der Stellenabbau bei VW k\u00f6nnte deutlich gr\u00f6\u00dfer ausfallen als bisher geplant: In Summe stehen 100.000 Stellen auf der Kippe. Intern \u00e4u\u00dfert sich der VW-Chef auch zu den Werken in Zwickau, Emden, Hannover und Neckarsulm.<\/p>\n<p class=\"is-first-paragraph\" data-external=\"Article.FirstParagraph\">In einem internen Interview im VW-Intranet nennt Volkswagen-Konzernchef Oliver Blume erstmals eine Gr\u00f6\u00dfenordnung f\u00fcr den zus\u00e4tzlichen Stellenabbau beim gr\u00f6\u00dften europ\u00e4ischen Autokonzern: Rund 50.000 Stellen weltweit k\u00f6nnte Volkswagen bis 2030 abbauen, zus\u00e4tzlich zu bereits vereinbarten 50.000 Stellen. Das berichten der \u201eSpiegel\u201c und die Nachrichtenagentur Reuters.<\/p>\n<p>Die Zahl leitet Blume aus einem Kostenziel ab: <a class=\"is-link c-block-items__link c-link--rich-text-renderer\" href=\"https:\/\/www.welt.de\/themen\/volkswagen-neuheiten-fahrberichte-tests\/\" data-internal-tracking-enabled=\"true\" data-internal-tracking=\"{&quot;action&quot;:&quot;click&quot;,&quot;label&quot;:&quot;link&quot;,&quot;name&quot;:&quot;Inline Element&quot;,&quot;data&quot;:{&quot;source&quot;:&quot;&quot;,&quot;target&quot;:&quot;https:\/\/www.welt.de\/themen\/volkswagen-neuheiten-fahrberichte-tests\/&quot;,&quot;trackingName&quot;:&quot;&quot;,&quot;trackingLabel&quot;:&quot;&quot;}}\" rel=\"nofollow noopener\" target=\"_blank\">Volkswagen<\/a> m\u00fcsse seine Gemeinkosten auf ein \u201ewettbewerbsf\u00e4higes Niveau\u201c bringen. Diese Kosten l\u00e4gen bei VW im Schnitt vergleichbarer Unternehmen noch um rund 20 Prozent h\u00f6her. \u201eDa die H\u00e4lfte der Gemeinkosten aus den Personalkosten resultiert, w\u00fcrde eine theoretische Ableitung ohne Ver\u00e4nderung der Arbeitskosten rund 50.000 Stellen weltweit ergeben\u201c, sagte er.<\/p>\n<p>Nach Blumes Darstellung wird derzeit konzernweit gepr\u00fcft, welche Anpassungen in den einzelnen Marken, Gesellschaften und Regionen tats\u00e4chlich \u201en\u00f6tig und m\u00f6glich\u201c sind. Zugleich deutet er an, dass die Gr\u00f6\u00dfenordnung sinken k\u00f6nnte, wenn die Arbeitskosten pro Besch\u00e4ftigten auf anderem Weg reduziert w\u00fcrden.<\/p>\n<p>In dem Intranet-Interview \u00e4u\u00dfert sich Blume auch erstmals konkret zu <a class=\"is-link c-block-items__link c-link--rich-text-renderer\" href=\"https:\/\/www.welt.de\/wirtschaft\/article6a52be9cbf1e9b647262e3fb\/vw-es-gibt-intelligentere-loesungen-als-werke-zu-schliessen-sagt-oliver-blume.html\" data-internal-tracking-enabled=\"true\" data-internal-tracking=\"{&quot;action&quot;:&quot;click&quot;,&quot;label&quot;:&quot;link&quot;,&quot;name&quot;:&quot;Inline Element&quot;,&quot;data&quot;:{&quot;source&quot;:&quot;&quot;,&quot;target&quot;:&quot;https:\/\/www.welt.de\/wirtschaft\/article6a52be9cbf1e9b647262e3fb\/vw-es-gibt-intelligentere-loesungen-als-werke-zu-schliessen-sagt-oliver-blume.html&quot;,&quot;trackingName&quot;:&quot;&quot;,&quot;trackingLabel&quot;:&quot;&quot;}}\" rel=\"nofollow noopener\" target=\"_blank\">vier bedrohten Autowerken in Deutschland<\/a>: den VW-Standorten Zwickau, Emden und Hannover sowie dem Audi-Werk Neckarsulm. Blume verweist auf teure \u00dcberkapazit\u00e4ten in Europa: Man k\u00f6nne dort 500.000 Autos mehr bauen als n\u00f6tig.<\/p>\n<p>\u201eDie Wahrheit ist auch, dass wir heute f\u00fcr die Werke Emden, Hannover, Zwickau und Neckarsulm noch keine wettbewerbsgerechte Belegung best\u00e4tigen\u201c, schreibt Blume. Zwischen 2031 und 2034 soll in den Werken die Autoproduktion auslaufen. Gleichzeitig betont Blume laut Interview, \u201eintelligente L\u00f6sungen\u201c seien besser, als schlicht ein Werk zu schlie\u00dfen \u2013 genannt werden alternative Nutzungskonzepte und Gespr\u00e4che \u00fcber Partner.<\/p>\n<p>Blume hatte seinen Zukunftsplan am <a class=\"is-link c-block-items__link c-link--rich-text-renderer\" href=\"https:\/\/www.welt.de\/wirtschaft\/article6a4fa660a6db83ce8f1244cf\/volkswagen-das-werden-wir-nicht-akzeptieren-100-000-jobs-und-vier-werke-vor-dem-aus.html\" data-internal-tracking-enabled=\"true\" data-internal-tracking=\"{&quot;action&quot;:&quot;click&quot;,&quot;label&quot;:&quot;link&quot;,&quot;name&quot;:&quot;Inline Element&quot;,&quot;data&quot;:{&quot;source&quot;:&quot;&quot;,&quot;target&quot;:&quot;https:\/\/www.welt.de\/wirtschaft\/article6a4fa660a6db83ce8f1244cf\/volkswagen-das-werden-wir-nicht-akzeptieren-100-000-jobs-und-vier-werke-vor-dem-aus.html&quot;,&quot;trackingName&quot;:&quot;&quot;,&quot;trackingLabel&quot;:&quot;&quot;}}\" rel=\"nofollow noopener\" target=\"_blank\">vergangenen Donnerstag im Aufsichtsrat<\/a> zur Abstimmung gestellt und war am Widerstand der Arbeitnehmer und dem Land Niedersachsen gescheitert. \u00dcber den Sommer werden Verhandlungen zwischen den Parteien erwartet.<\/p>\n<p>sebe<\/p>\n","protected":false},"excerpt":{"rendered":"Der Stellenabbau bei VW k\u00f6nnte deutlich gr\u00f6\u00dfer ausfallen als bisher geplant: In Summe stehen 100.000 Stellen auf der&hellip;\n","protected":false},"author":2,"featured_media":1163255,"comment_status":"","ping_status":"","sticky":false,"template":"","format":"standard","meta":{"footnotes":"","_share_on_mastodon":"0"},"categories":[5],"tags":[371,144075,22370,13,14,15,110,6443,12,45,10,8,9,11,373,603,605],"class_list":["post-1163254","post","type-post","status-publish","format-standard","has-post-thumbnail","category-nachrichten","tag-autoindustrie","tag-automobilkonzerne-ks","tag-blume","tag-headlines","tag-nachrichten","tag-news","tag-newsteam","tag-oliver","tag-schlagzeilen","tag-texttospeech","tag-top-news","tag-top-meldungen","tag-topmeldungen","tag-topnews","tag-volkswagen","tag-vw","tag-wolfsburg"],"share_on_mastodon":{"url":"https:\/\/pubeurope.com\/@de\/116912090437838014","error":""},"_links":{"self":[{"href":"https:\/\/www.europesays.com\/de\/wp-json\/wp\/v2\/posts\/1163254","targetHints":{"allow":["GET"]}}],"collection":[{"href":"https:\/\/www.europesays.com\/de\/wp-json\/wp\/v2\/posts"}],"about":[{"href":"https:\/\/www.europesays.com\/de\/wp-json\/wp\/v2\/types\/post"}],"author":[{"embeddable":true,"href":"https:\/\/www.europesays.com\/de\/wp-json\/wp\/v2\/users\/2"}],"replies":[{"embeddable":true,"href":"https:\/\/www.europesays.com\/de\/wp-json\/wp\/v2\/comments?post=1163254"}],"version-history":[{"count":0,"href":"https:\/\/www.europesays.com\/de\/wp-json\/wp\/v2\/posts\/1163254\/revisions"}],"wp:featuredmedia":[{"embeddable":true,"href":"https:\/\/www.europesays.com\/de\/wp-json\/wp\/v2\/media\/1163255"}],"wp:attachment":[{"href":"https:\/\/www.europesays.com\/de\/wp-json\/wp\/v2\/media?parent=1163254"}],"wp:term":[{"taxonomy":"category","embeddable":true,"href":"https:\/\/www.europesays.com\/de\/wp-json\/wp\/v2\/categories?post=1163254"},{"taxonomy":"post_tag","embeddable":true,"href":"https:\/\/www.europesays.com\/de\/wp-json\/wp\/v2\/tags?post=1163254"}],"curies":[{"name":"wp","href":"https:\/\/api.w.org\/{rel}","templated":true}]}}