{"id":1163447,"date":"2026-07-13T11:50:23","date_gmt":"2026-07-13T11:50:23","guid":{"rendered":"https:\/\/www.europesays.com\/de\/1163447\/"},"modified":"2026-07-13T11:50:23","modified_gmt":"2026-07-13T11:50:23","slug":"afd-legt-100-tage-programm-vor-experte-zweifelt-an-zentralen-vorhaben","status":"publish","type":"post","link":"https:\/\/www.europesays.com\/de\/1163447\/","title":{"rendered":"AfD legt 100-Tage-Programm vor \u2013 Experte zweifelt an zentralen Vorhaben"},"content":{"rendered":"<p class=\"topline\">Landtagswahl 2026<\/p>\n<p>\n                Stand: 13.07.2026 11:55 Uhr<\/p>\n<p class=\"preface\">Die AfD in Sachsen-Anhalt hat auf einem Parteitag in Magdeburg ihr 100-Tage-Programm f\u00fcr den Fall einer Regierungs\u00fcbernahme vorgestellt. Die Pl\u00e4ne umfassen zehn zentrale Punkte. Ein Politikwissenschaftler h\u00e4lt einige f\u00fcr schwer umsetzbar.<\/p>\n<p class=\"textauthor\">von MDR SACHSEN-ANHALT<\/p>\n<p class=\"\">Mehr Abschiebehaftpl\u00e4tze, fl\u00e4chendeckende Arbeitspflicht f\u00fcr Asylbewerber, F\u00f6rderung von F\u00fchrerscheinen \u2013 der sachsen-anhaltische AfD-Spitzenkandidat Ulrich Siegmund hat in Magdeburg ein 100-Tage-Programm vorgestellt. Zehn zentrale Punkte m\u00f6chte die AfD <a href=\"https:\/\/www.mdr.de\/nachrichten\/sachsen-anhalt\/landtagswahl\/news-warnung-innenminister,afd-regierung-szenario-100.html\" title=\"Landtagswahl Sachsen-Anhalt: Welche Folgen eine AfD-Regierung h\u00e4tte\" rel=\"nofollow noopener\" target=\"_blank\">unmittelbar nach der Landtagswahl am 6. September umsetzen<\/a>. &#8222;Die Leute m\u00f6chten den politischen Wandel&#8220;, sagte Siegmund. &#8222;Alle anderen Parteien besch\u00e4ftigen sich nur noch mit uns, haben keine eigenen Positionen.&#8220;<\/p>\n<p>        <img decoding=\"async\" src=\"https:\/\/www.europesays.com\/de\/wp-content\/uploads\/2026\/06\/dimap-umfrage-114.webp\" alt=\"Sven Schulze (r, CDU), Ministerpr\u00e4sident von Sachsen-Anhalt, spricht neben Ulrich Siegmund (AfD) auf der B\u00fchne bei der Veranstaltung \u00abWahlarena - Sachsen-Anhalts Wirtschaft fragt\u00bb. \" title=\"Sven Schulze (r, CDU), Ministerpr\u00e4sident von Sachsen-Anhalt, spricht neben Ulrich Siegmund (AfD) auf der B\u00fchne bei der Veranstaltung \u00abWahlarena - Sachsen-Anhalts Wirtschaft fragt\u00bb.  | picture alliance\/dpa | Klaus-Dietmar Gabbert\" class=\"responsive\" loading=\"lazy\"\/><\/p>\n<p>        <img decoding=\"async\" src=\"https:\/\/www.europesays.com\/de\/wp-content\/uploads\/2026\/07\/symbolbild-wahl-briefwahl-102.webp\" alt=\"Wahlhelfer z\u00e4hlen in einer Stelle des Statistischen Amtes Stimmzettel aus. \" title=\"Wahlhelfer z\u00e4hlen in einer Stelle des Statistischen Amtes Stimmzettel aus.  | picture alliance\/dpa | Katharina Kausche\" class=\"responsive\" loading=\"lazy\"\/><\/p>\n<p>Umfrage, Wahl-O-Mat, Briefwahl<\/p>\n<p class=\"\"><a href=\"https:\/\/www.mdr.de\/nachrichten\/deutschland\/politik\/reichardt-hitlergruss-anschuldigung-statement,reichardt-110.html\" title=\"Einflussreich, gut vernetzt, stramm rechts: AfD-Mann Martin Reichardt\" rel=\"nofollow noopener\" target=\"_blank\">AfD-Landeschef Martin Reichardt<\/a> hatte die CDU zuvor scharf kritisiert und Ministerpr\u00e4sident Sven Schulze (CDU) L\u00fcgen vorgeworfen. Schulze wisse genau, dass er l\u00fcge, wenn er eine <a href=\"https:\/\/www.mdr.de\/nachrichten\/sachsen-anhalt\/landtagswahl\/schulze-zusammenarbeit-afd-linke-linkspartei-wahl-,keine-hilfe-100.html\" title=\"2 Monate vor Wahl in Sachsen-Anhalt: Schulze bekr\u00e4ftigt &quot;Nein&quot; zu AfD und Linke\" rel=\"nofollow noopener\" target=\"_blank\">Zusammenarbeit mit den Linken ausschlie\u00dfe<\/a>, sagte Reichardt. &#8222;Denn ohne die Linken hat Herr Schulze \u00fcberhaupt keine Chance auf irgendwelche Mehrheiten.&#8220;<\/p>\n<p>                    Das steht im 100-Tage-Plan der AfD<\/p>\n<ul>\n<li>Rundfunkstaatsvertr\u00e4ge k\u00fcndigen<\/li>\n<li>Mehr Abschiebungen: geplant sind mehr Abschiebehaftpl\u00e4tze und eine neue Arbeitsgruppe von Land und Kommunen<\/li>\n<li>Fl\u00e4chendeckende Arbeitspflicht f\u00fcr Asylbewerber<\/li>\n<li>Weniger Geld f\u00fcr parteinahe Stiftungen sowie f\u00fcr verschiedene Programme im Bereich Demokratief\u00f6rderung<\/li>\n<li>F\u00fchrerscheinf\u00f6rderung: vor allem Auszubildende sollen profitieren<\/li>\n<li>Sonderklassen f\u00fcr Kinder von Asylbewerbern und Wachschutz an Problemschulen<\/li>\n<li>Schwarz-Rot-Gold an Schulen: Regenbogenflaggen sollen verboten werden, stattdessen soll an jedem Schultag die Bundesflagge wehen<\/li>\n<li>Neue Landeskampagne: Aus &#8222;#moderndenken&#8220; soll &#8222;#deutschdenken&#8220; werden<\/li>\n<li>Weniger Ministerien: AfD will ein bis zwei Ministerien einsparen<\/li>\n<li>Corona-Untersuchungsausschuss im Landtag zur Aufarbeitung der Pandemie<\/li>\n<\/ul>\n<p class=\"\">Nicht alle Vorhaben seien umsetzbar, sagte der <a href=\"https:\/\/www.mdr.de\/video\/mdr-videos\/a\/video-1613134.html\" title=\"Parteitag: AfD stellt 100-Tage-Plan vor\" rel=\"nofollow noopener\" target=\"_blank\">Politikwissenschaftler Oliver Lembcke von der Ruhr-Universit\u00e4t Bochum dem MDR<\/a>. &#8222;Einiges davon ist relativ problemlos machbar. Die gro\u00dfen, dicken Sachen, wie beispielsweise eine Versch\u00e4rfung der Migrationspolitik, sind es aber nicht.&#8220; Lembcke zufolge ist daf\u00fcr ein Zusammenspiel n\u00f6tig, &#8222;gerade mit jenen Kr\u00e4ften, von denen man sich abzusetzen versucht, in allererster Linie mit dem Bund.&#8220;<\/p>\n<p>\n            <strong>Video:<\/strong><br \/>\n            Ist das AfD-Sofortprogramm umsetzbar? (2 Min)\n        <\/p>\n<p class=\"\">Lembcke sieht in dem Programm eine Mischung aus populistischen Forderungen und schnell umsetzbaren Ma\u00dfnahmen. &#8222;Das ist schon auff\u00e4llig, dass da wenig Gesetzgebung drinsteckt, sondern vor allem Ministererlasse und Regierungsentscheidungen&#8220;, so der Politikwissenschaftler. Dadurch k\u00f6nne die AfD nach 100 Tagen erste Ergebnisse vorweisen und bei schwierigeren Vorhaben auf die Zukunft verweisen.<\/p>\n<p class=\"\">In Umfragen hatte die AfD zuletzt <a href=\"https:\/\/www.mdr.de\/nachrichten\/sachsen-anhalt\/landespolitik\/landtagswahl-sonntagsfrage-umfrage-trend-104.html\" title=\"Landtagswahl in Sachsen-Anhalt: AfD bei 41\u202fProzent, CDU verliert weiter\" rel=\"nofollow noopener\" target=\"_blank\">deutlich vor der CDU<\/a> gelegen. Die Koalition aus CDU, SPD und FDP k\u00f6nnte ihre Mehrheit im September verlieren. Die AfD strebt eine Alleinregierung an. Alternativ kommt eine CDU-gef\u00fchrte Minderheitsregierung in Betracht, die gegebenenfalls punktuell mit den Linken zusammenarbeiten m\u00fcsste.<\/p>\n<p>Mehr zur Landtagswahl 2026<\/p>\n<p>        <img decoding=\"async\" src=\"https:\/\/www.europesays.com\/de\/wp-content\/uploads\/2026\/07\/wahlurne-mdr-116.webp\" alt=\"Eine Frau wirft ihren Stimmzettel in eine Wahlurne\" title=\"Eine Frau wirft ihren Stimmzettel in eine Wahlurne | picture alliance\/dpa\/Fabian Strauch\" class=\"responsive\" loading=\"lazy\"\/><\/p>\n<p class=\"\">In Sachsen-Anhalt <a href=\"https:\/\/www.mdr.de\/nachrichten\/sachsen-anhalt\/landespolitik\/afd-parteitag-magdeburg-verfassungsschutz-100.html\" title=\"Parteitag in Magdeburg: AfD will Verfassungsschutz ver\u00e4ndern\" rel=\"nofollow noopener\" target=\"_blank\">wird die AfD vom Verfassungsschutz<\/a> als gesichert rechtsextremistisch eingestuft. Der Landesverband hat rund 3.500 Mitglieder.<\/p>\n<p>Das k\u00f6nnte Sie auch interessieren<\/p>\n<p class=\"\">dpa; MDR (Mario K\u00f6hne)<\/p>\n","protected":false},"excerpt":{"rendered":"Landtagswahl 2026 Stand: 13.07.2026 11:55 Uhr Die AfD in Sachsen-Anhalt hat auf einem Parteitag in Magdeburg ihr 100-Tage-Programm&hellip;\n","protected":false},"author":2,"featured_media":1161181,"comment_status":"","ping_status":"","sticky":false,"template":"","format":"standard","meta":{"footnotes":"","_share_on_mastodon":"0"},"categories":[5],"tags":[186,331,332,31,3364,29,187,30,2013,37216,13,1985,19399,2180,14,15,12,184],"class_list":["post-1163447","post","type-post","status-publish","format-standard","has-post-thumbnail","category-nachrichten","tag-afd","tag-aktuelle-nachrichten","tag-aktuelle-news","tag-cdu","tag-de","tag-deutschland","tag-fdp","tag-germany","tag-gruene","tag-haseloff","tag-headlines","tag-landtag","tag-landtagswahl","tag-linke","tag-nachrichten","tag-news","tag-schlagzeilen","tag-spd"],"share_on_mastodon":{"url":"https:\/\/pubeurope.com\/@de\/116912523416567695","error":""},"_links":{"self":[{"href":"https:\/\/www.europesays.com\/de\/wp-json\/wp\/v2\/posts\/1163447","targetHints":{"allow":["GET"]}}],"collection":[{"href":"https:\/\/www.europesays.com\/de\/wp-json\/wp\/v2\/posts"}],"about":[{"href":"https:\/\/www.europesays.com\/de\/wp-json\/wp\/v2\/types\/post"}],"author":[{"embeddable":true,"href":"https:\/\/www.europesays.com\/de\/wp-json\/wp\/v2\/users\/2"}],"replies":[{"embeddable":true,"href":"https:\/\/www.europesays.com\/de\/wp-json\/wp\/v2\/comments?post=1163447"}],"version-history":[{"count":0,"href":"https:\/\/www.europesays.com\/de\/wp-json\/wp\/v2\/posts\/1163447\/revisions"}],"wp:featuredmedia":[{"embeddable":true,"href":"https:\/\/www.europesays.com\/de\/wp-json\/wp\/v2\/media\/1161181"}],"wp:attachment":[{"href":"https:\/\/www.europesays.com\/de\/wp-json\/wp\/v2\/media?parent=1163447"}],"wp:term":[{"taxonomy":"category","embeddable":true,"href":"https:\/\/www.europesays.com\/de\/wp-json\/wp\/v2\/categories?post=1163447"},{"taxonomy":"post_tag","embeddable":true,"href":"https:\/\/www.europesays.com\/de\/wp-json\/wp\/v2\/tags?post=1163447"}],"curies":[{"name":"wp","href":"https:\/\/api.w.org\/{rel}","templated":true}]}}