{"id":1163546,"date":"2026-07-13T12:48:19","date_gmt":"2026-07-13T12:48:19","guid":{"rendered":"https:\/\/www.europesays.com\/de\/1163546\/"},"modified":"2026-07-13T12:48:19","modified_gmt":"2026-07-13T12:48:19","slug":"moenchengladbach-rohrbruch-reisst-loch-in-strasse-auto-versinkt","status":"publish","type":"post","link":"https:\/\/www.europesays.com\/de\/1163546\/","title":{"rendered":"M\u00f6nchengladbach: Rohrbruch rei\u00dft Loch in Stra\u00dfe \u2013 Auto versinkt"},"content":{"rendered":"<p class=\"text_ohne_einzug richtext text-em-55 !leading-serif mx-6 desktop:mx-0\">In der Nacht auf Montag, 13. Juli, hat es in <a href=\"https:\/\/rp-online.de\/thema\/moenchengladbach\/\" rel=\"nofollow noopener\" target=\"_blank\">M\u00f6nchengladbach<\/a> einen <a href=\"https:\/\/rp-online.de\/thema\/wasserrohrbruch\/\" rel=\"nofollow noopener\" target=\"_blank\">Wasserrohrbruch<\/a> gegeben. Wie eine Sprecherin der NEW unserer Redaktion best\u00e4tigt, ist um kurz vor 3 Uhr auf der Speicker Stra\u00dfe in H\u00f6he der Hausnummer 13 ein Wasserrohr geplatzt. In Folge dessen war Wasser ausgetreten, es kam zu einer Untersp\u00fclung der Fahrbahn. Die Stra\u00dfe sackte teilweise ein, wodurch ein Auto in das entstandene Loch gezogen wurde. Rund 20 Haushalte mussten vom Wasser abgeschnitten werden.<\/p>\n","protected":false},"excerpt":{"rendered":"In der Nacht auf Montag, 13. Juli, hat es in M\u00f6nchengladbach einen Wasserrohrbruch gegeben. Wie eine Sprecherin der&hellip;\n","protected":false},"author":2,"featured_media":1163547,"comment_status":"","ping_status":"","sticky":false,"template":"","format":"standard","meta":{"footnotes":"","_share_on_mastodon":"0"},"categories":[1849],"tags":[5171,3364,29,548,663,3934,9920,59363,73569,24331,19468,30,1148,13,211105,4455,14,15,1209,11473,12,244001,10959,524,244002,4106,189807],"class_list":["post-1163546","post","type-post","status-publish","format-standard","has-post-thumbnail","category-moenchengladbach","tag-wasserrohrbruch","tag-de","tag-deutschland","tag-eu","tag-europa","tag-europe","tag-fahrbahn","tag-fahrbahndecke","tag-fliethstrasse","tag-folge","tag-freigegeben","tag-germany","tag-haushalte","tag-headlines","tag-hittastrasse","tag-moenchengladbach","tag-nachrichten","tag-news","tag-nordrhein-westfalen","tag-rohrbruch","tag-schlagzeilen","tag-speicker","tag-sprecherin","tag-strasse","tag-vitusstrasse","tag-wasser","tag-wasserrohr"],"share_on_mastodon":{"url":"https:\/\/pubeurope.com\/@de\/116912751061054857","error":""},"_links":{"self":[{"href":"https:\/\/www.europesays.com\/de\/wp-json\/wp\/v2\/posts\/1163546","targetHints":{"allow":["GET"]}}],"collection":[{"href":"https:\/\/www.europesays.com\/de\/wp-json\/wp\/v2\/posts"}],"about":[{"href":"https:\/\/www.europesays.com\/de\/wp-json\/wp\/v2\/types\/post"}],"author":[{"embeddable":true,"href":"https:\/\/www.europesays.com\/de\/wp-json\/wp\/v2\/users\/2"}],"replies":[{"embeddable":true,"href":"https:\/\/www.europesays.com\/de\/wp-json\/wp\/v2\/comments?post=1163546"}],"version-history":[{"count":0,"href":"https:\/\/www.europesays.com\/de\/wp-json\/wp\/v2\/posts\/1163546\/revisions"}],"wp:featuredmedia":[{"embeddable":true,"href":"https:\/\/www.europesays.com\/de\/wp-json\/wp\/v2\/media\/1163547"}],"wp:attachment":[{"href":"https:\/\/www.europesays.com\/de\/wp-json\/wp\/v2\/media?parent=1163546"}],"wp:term":[{"taxonomy":"category","embeddable":true,"href":"https:\/\/www.europesays.com\/de\/wp-json\/wp\/v2\/categories?post=1163546"},{"taxonomy":"post_tag","embeddable":true,"href":"https:\/\/www.europesays.com\/de\/wp-json\/wp\/v2\/tags?post=1163546"}],"curies":[{"name":"wp","href":"https:\/\/api.w.org\/{rel}","templated":true}]}}