{"id":1163556,"date":"2026-07-13T12:53:28","date_gmt":"2026-07-13T12:53:28","guid":{"rendered":"https:\/\/www.europesays.com\/de\/1163556\/"},"modified":"2026-07-13T12:53:28","modified_gmt":"2026-07-13T12:53:28","slug":"sommerausstellung-sesam-oeffne-dich-in-der-badischen-landesbibliothek-karlsruhe","status":"publish","type":"post","link":"https:\/\/www.europesays.com\/de\/1163556\/","title":{"rendered":"Sommerausstellung \u201eSesam, \u00f6ffne dich\u201c in der Badischen Landesbibliothek &#8211; Karlsruhe"},"content":{"rendered":"<p class=\"rhp-dpa-teaser\"><b>Die Landesbibliothek zeigt eine originelle Ausstellung  sonst wenig beachteter Hinterlassenschaften von Literaten: \u201eSesam, \u00f6ffne dich. Kabinett der verborgenen Dinge\u201c.<\/b><\/p>\n<p>Wieder mal Goethe. Nach dem Besuch der damals bedeutenden Bibliothek von G\u00f6ttingen notierte er: \u201eMan f\u00fchlt sich wie in der Gegenwart eines gro\u00dfen Capitals, das ger\u00e4uschlos unberechenbare Zinsen spendet.\u201c Damit k\u00f6nnte er wohl nicht nur die B\u00fccher gemeint haben, die es dort zu sehen gab, sondern auch den \u201eBeifang\u201c der Best\u00e4nde: Gegenst\u00e4nde aus dem Besitz der Dichter, materielle Funde aus dem Nachlass und sonstige Memorabilien.<\/p>\n<p>Keine<\/p>\n<p class=\"rhp-teaser\"><b>Die Landesbibliothek zeigt eine originelle Ausstellung  sonst wenig beachteter Hinterlassenschaften von Literaten: \u201eSesam, \u00f6ffne dich. Kabinett der verborgenen Dinge\u201c.<\/b><\/p>\n","protected":false},"excerpt":{"rendered":"Die Landesbibliothek zeigt eine originelle Ausstellung sonst wenig beachteter Hinterlassenschaften von Literaten: \u201eSesam, \u00f6ffne dich. Kabinett der verborgenen&hellip;\n","protected":false},"author":2,"featured_media":1163557,"comment_status":"","ping_status":"","sticky":false,"template":"","format":"standard","meta":{"footnotes":"","_share_on_mastodon":"0"},"categories":[1844],"tags":[244004,1634,3364,29,30,6714,25890,244005,8903,144913,4060,656,212324],"class_list":["post-1163556","post","type-post","status-publish","format-standard","has-post-thumbnail","category-karlsruhe","tag-annika-stello","tag-baden-wuerttemberg","tag-de","tag-deutschland","tag-germany","tag-goethe","tag-goettingen","tag-karlheinz-nuernberg","tag-karlsruhe","tag-katrin-hesse","tag-lokal","tag-olympia","tag-sommerausstellung"],"share_on_mastodon":{"url":"https:\/\/pubeurope.com\/@de\/116912770837391527","error":""},"_links":{"self":[{"href":"https:\/\/www.europesays.com\/de\/wp-json\/wp\/v2\/posts\/1163556","targetHints":{"allow":["GET"]}}],"collection":[{"href":"https:\/\/www.europesays.com\/de\/wp-json\/wp\/v2\/posts"}],"about":[{"href":"https:\/\/www.europesays.com\/de\/wp-json\/wp\/v2\/types\/post"}],"author":[{"embeddable":true,"href":"https:\/\/www.europesays.com\/de\/wp-json\/wp\/v2\/users\/2"}],"replies":[{"embeddable":true,"href":"https:\/\/www.europesays.com\/de\/wp-json\/wp\/v2\/comments?post=1163556"}],"version-history":[{"count":0,"href":"https:\/\/www.europesays.com\/de\/wp-json\/wp\/v2\/posts\/1163556\/revisions"}],"wp:featuredmedia":[{"embeddable":true,"href":"https:\/\/www.europesays.com\/de\/wp-json\/wp\/v2\/media\/1163557"}],"wp:attachment":[{"href":"https:\/\/www.europesays.com\/de\/wp-json\/wp\/v2\/media?parent=1163556"}],"wp:term":[{"taxonomy":"category","embeddable":true,"href":"https:\/\/www.europesays.com\/de\/wp-json\/wp\/v2\/categories?post=1163556"},{"taxonomy":"post_tag","embeddable":true,"href":"https:\/\/www.europesays.com\/de\/wp-json\/wp\/v2\/tags?post=1163556"}],"curies":[{"name":"wp","href":"https:\/\/api.w.org\/{rel}","templated":true}]}}